{"id":18,"name":"Ana Gherciu","url":"","description":"Lucrez \u00een jurnalism din 2012 \u0219i am \u00eenv\u0103\u021bat meseria din practic\u0103, pe teren. Am preluat Moldova.org \u00een calitate de manager\u0103 \u00een 2016 \u0219i de atunci am reu\u0219it nu doar s\u0103 cre\u0219tem echipa, ci \u0219i s\u0103 transform\u0103m radical forma \u0219i menirea redac\u021biei. M\u0103 m\u00e2ndresc cu o echip\u0103 feminist\u0103, care \u021bine pasul cu trendurile interna\u021bionale, practic\u00e2nd jurnalismul constructiv \u0219i de solu\u021bii. Depun efort pentru ca Moldova.org s\u0103 se asocieze \u0219i colaboreze cu organiza\u021bii de la noi \u0219i interna\u021bionale, care \u00eemp\u0103rt\u0103\u0219esc acelea\u0219i valori. Asta pentru c\u0103 noi facem mai mult dec\u00e2t jurnalism, noi construim o comunitate.","link":"https:\/\/www.moldova.org\/en\/author\/anagherciu\/","slug":"anagherciu","avatar_urls":{"24":"https:\/\/secure.gravatar.com\/avatar\/5c2fa784c1ef657e1c77273a63933b959fd6e288a4257e19fd9a61200b6557d2?s=24&d=mm&r=g","48":"https:\/\/secure.gravatar.com\/avatar\/5c2fa784c1ef657e1c77273a63933b959fd6e288a4257e19fd9a61200b6557d2?s=48&d=mm&r=g","96":"https:\/\/secure.gravatar.com\/avatar\/5c2fa784c1ef657e1c77273a63933b959fd6e288a4257e19fd9a61200b6557d2?s=96&d=mm&r=g"},"meta":[],"yoast_head":"<!-- This site is optimized with the Yoast SEO plugin v27.5 - https:\/\/yoast.com\/product\/yoast-seo-wordpress\/ -->\n<title>Ana Gherciu<\/title>\n<meta name=\"description\" content=\"S-a lansat \u00een pres\u0103 \u00een toamna lui 2012, la ziarul Timpul, unde a fost reporter\u0103 \u0219i redactoare adjunct\u0103. S-a al\u0103turat echipei Moldova.org \u00eencep\u00e2nd cu iunie 2016.\" \/>\n<meta name=\"robots\" content=\"index, follow, max-snippet:-1, max-image-preview:large, max-video-preview:-1\" \/>\n<link rel=\"canonical\" href=\"https:\/\/www.moldova.org\/en\/author\/anagherciu\/\" \/>\n<script type=\"application\/ld+json\" class=\"yoast-schema-graph\">{\"@context\":\"https:\\\/\\\/schema.org\",\"@graph\":[{\"@type\":\"ProfilePage\",\"@id\":\"https:\\\/\\\/www.moldova.org\\\/en\\\/author\\\/anagherciu\\\/\",\"url\":\"https:\\\/\\\/www.moldova.org\\\/en\\\/author\\\/anagherciu\\\/\",\"name\":\"Ana Gherciu\",\"isPartOf\":{\"@id\":\"https:\\\/\\\/www.moldova.org\\\/en\\\/#website\"},\"description\":\"S-a lansat \u00een pres\u0103 \u00een toamna lui 2012, la ziarul Timpul, unde a fost reporter\u0103 \u0219i redactoare adjunct\u0103. S-a al\u0103turat echipei Moldova.org \u00eencep\u00e2nd cu iunie 2016.\",\"breadcrumb\":{\"@id\":\"https:\\\/\\\/www.moldova.org\\\/en\\\/author\\\/anagherciu\\\/#breadcrumb\"},\"inLanguage\":\"en-GB\",\"potentialAction\":[{\"@type\":\"ReadAction\",\"target\":[\"https:\\\/\\\/www.moldova.org\\\/en\\\/author\\\/anagherciu\\\/\"]}]},{\"@type\":\"BreadcrumbList\",\"@id\":\"https:\\\/\\\/www.moldova.org\\\/en\\\/author\\\/anagherciu\\\/#breadcrumb\",\"itemListElement\":[{\"@type\":\"ListItem\",\"position\":1,\"name\":\"Home\",\"item\":\"https:\\\/\\\/www.moldova.org\\\/en\\\/\"},{\"@type\":\"ListItem\",\"position\":2,\"name\":\"Archives for Ana Gherciu\"}]},{\"@type\":\"WebSite\",\"@id\":\"https:\\\/\\\/www.moldova.org\\\/en\\\/#website\",\"url\":\"https:\\\/\\\/www.moldova.org\\\/en\\\/\",\"name\":\"Moldova.org\",\"description\":\"The first news website of Moldova\",\"potentialAction\":[{\"@type\":\"SearchAction\",\"target\":{\"@type\":\"EntryPoint\",\"urlTemplate\":\"https:\\\/\\\/www.moldova.org\\\/en\\\/?s={search_term_string}\"},\"query-input\":{\"@type\":\"PropertyValueSpecification\",\"valueRequired\":true,\"valueName\":\"search_term_string\"}}],\"inLanguage\":\"en-GB\"},{\"@type\":\"Person\",\"@id\":\"https:\\\/\\\/www.moldova.org\\\/en\\\/#\\\/schema\\\/person\\\/3b436febb086015b943704d5ac147482\",\"name\":\"Ana Gherciu\",\"image\":{\"@type\":\"ImageObject\",\"inLanguage\":\"en-GB\",\"@id\":\"https:\\\/\\\/secure.gravatar.com\\\/avatar\\\/5c2fa784c1ef657e1c77273a63933b959fd6e288a4257e19fd9a61200b6557d2?s=96&d=mm&r=g\",\"url\":\"https:\\\/\\\/secure.gravatar.com\\\/avatar\\\/5c2fa784c1ef657e1c77273a63933b959fd6e288a4257e19fd9a61200b6557d2?s=96&d=mm&r=g\",\"contentUrl\":\"https:\\\/\\\/secure.gravatar.com\\\/avatar\\\/5c2fa784c1ef657e1c77273a63933b959fd6e288a4257e19fd9a61200b6557d2?s=96&d=mm&r=g\",\"caption\":\"Ana Gherciu\"},\"description\":\"Lucrez \u00een jurnalism din 2012 \u0219i am \u00eenv\u0103\u021bat meseria din practic\u0103, pe teren. Am preluat Moldova.org \u00een calitate de manager\u0103 \u00een 2016 \u0219i de atunci am reu\u0219it nu doar s\u0103 cre\u0219tem echipa, ci \u0219i s\u0103 transform\u0103m radical forma \u0219i menirea redac\u021biei. M\u0103 m\u00e2ndresc cu o echip\u0103 feminist\u0103, care \u021bine pasul cu trendurile interna\u021bionale, practic\u00e2nd jurnalismul constructiv \u0219i de solu\u021bii. Depun efort pentru ca Moldova.org s\u0103 se asocieze \u0219i colaboreze cu organiza\u021bii de la noi \u0219i interna\u021bionale, care \u00eemp\u0103rt\u0103\u0219esc acelea\u0219i valori. Asta pentru c\u0103 noi facem mai mult dec\u00e2t jurnalism, noi construim o comunitate.\",\"sameAs\":[\"https:\\\/\\\/www.facebook.com\\\/anagherciu\",\"https:\\\/\\\/www.instagram.com\\\/anagherciu\\\/\",\"https:\\\/\\\/www.linkedin.com\\\/in\\\/gherciu-ana-95937833\\\/\"],\"mainEntityOfPage\":{\"@id\":\"https:\\\/\\\/www.moldova.org\\\/en\\\/author\\\/anagherciu\\\/\"}}]}<\/script>\n<!-- \/ Yoast SEO plugin. -->","yoast_head_json":{"title":"Ana Gherciu","description":"S-a lansat \u00een pres\u0103 \u00een toamna lui 2012, la ziarul Timpul, unde a fost reporter\u0103 \u0219i redactoare adjunct\u0103. S-a al\u0103turat echipei Moldova.org \u00eencep\u00e2nd cu iunie 2016.","robots":{"index":"index","follow":"follow","max-snippet":"max-snippet:-1","max-image-preview":"max-image-preview:large","max-video-preview":"max-video-preview:-1"},"canonical":"https:\/\/www.moldova.org\/en\/author\/anagherciu\/","schema":{"@context":"https:\/\/schema.org","@graph":[{"@type":"ProfilePage","@id":"https:\/\/www.moldova.org\/en\/author\/anagherciu\/","url":"https:\/\/www.moldova.org\/en\/author\/anagherciu\/","name":"Ana Gherciu","isPartOf":{"@id":"https:\/\/www.moldova.org\/en\/#website"},"description":"S-a lansat \u00een pres\u0103 \u00een toamna lui 2012, la ziarul Timpul, unde a fost reporter\u0103 \u0219i redactoare adjunct\u0103. S-a al\u0103turat echipei Moldova.org \u00eencep\u00e2nd cu iunie 2016.","breadcrumb":{"@id":"https:\/\/www.moldova.org\/en\/author\/anagherciu\/#breadcrumb"},"inLanguage":"en-GB","potentialAction":[{"@type":"ReadAction","target":["https:\/\/www.moldova.org\/en\/author\/anagherciu\/"]}]},{"@type":"BreadcrumbList","@id":"https:\/\/www.moldova.org\/en\/author\/anagherciu\/#breadcrumb","itemListElement":[{"@type":"ListItem","position":1,"name":"Home","item":"https:\/\/www.moldova.org\/en\/"},{"@type":"ListItem","position":2,"name":"Archives for Ana Gherciu"}]},{"@type":"WebSite","@id":"https:\/\/www.moldova.org\/en\/#website","url":"https:\/\/www.moldova.org\/en\/","name":"Moldova.org","description":"The first news website of Moldova","potentialAction":[{"@type":"SearchAction","target":{"@type":"EntryPoint","urlTemplate":"https:\/\/www.moldova.org\/en\/?s={search_term_string}"},"query-input":{"@type":"PropertyValueSpecification","valueRequired":true,"valueName":"search_term_string"}}],"inLanguage":"en-GB"},{"@type":"Person","@id":"https:\/\/www.moldova.org\/en\/#\/schema\/person\/3b436febb086015b943704d5ac147482","name":"Ana Gherciu","image":{"@type":"ImageObject","inLanguage":"en-GB","@id":"https:\/\/secure.gravatar.com\/avatar\/5c2fa784c1ef657e1c77273a63933b959fd6e288a4257e19fd9a61200b6557d2?s=96&d=mm&r=g","url":"https:\/\/secure.gravatar.com\/avatar\/5c2fa784c1ef657e1c77273a63933b959fd6e288a4257e19fd9a61200b6557d2?s=96&d=mm&r=g","contentUrl":"https:\/\/secure.gravatar.com\/avatar\/5c2fa784c1ef657e1c77273a63933b959fd6e288a4257e19fd9a61200b6557d2?s=96&d=mm&r=g","caption":"Ana Gherciu"},"description":"Lucrez \u00een jurnalism din 2012 \u0219i am \u00eenv\u0103\u021bat meseria din practic\u0103, pe teren. Am preluat Moldova.org \u00een calitate de manager\u0103 \u00een 2016 \u0219i de atunci am reu\u0219it nu doar s\u0103 cre\u0219tem echipa, ci \u0219i s\u0103 transform\u0103m radical forma \u0219i menirea redac\u021biei. M\u0103 m\u00e2ndresc cu o echip\u0103 feminist\u0103, care \u021bine pasul cu trendurile interna\u021bionale, practic\u00e2nd jurnalismul constructiv \u0219i de solu\u021bii. Depun efort pentru ca Moldova.org s\u0103 se asocieze \u0219i colaboreze cu organiza\u021bii de la noi \u0219i interna\u021bionale, care \u00eemp\u0103rt\u0103\u0219esc acelea\u0219i valori. Asta pentru c\u0103 noi facem mai mult dec\u00e2t jurnalism, noi construim o comunitate.","sameAs":["https:\/\/www.facebook.com\/anagherciu","https:\/\/www.instagram.com\/anagherciu\/","https:\/\/www.linkedin.com\/in\/gherciu-ana-95937833\/"],"mainEntityOfPage":{"@id":"https:\/\/www.moldova.org\/en\/author\/anagherciu\/"}}]}},"elementor_introduction":{"yoast-introduction":true,"rightClick":true,"e-apps":true,"e-editor-one-notice-pointer":true},"_links":{"self":[{"href":"https:\/\/www.moldova.org\/en\/wp-json\/wp\/v2\/users\/18","targetHints":{"allow":["GET"]}}],"collection":[{"href":"https:\/\/www.moldova.org\/en\/wp-json\/wp\/v2\/users"}]}}