{"id":449663,"date":"2021-09-27T18:12:17","date_gmt":"2021-09-27T18:12:17","guid":{"rendered":"https:\/\/www.moldova.org\/en\/?p=449663"},"modified":"2021-09-27T18:13:15","modified_gmt":"2021-09-27T18:13:15","slug":"prime-minister-natalia-gavrilita-meets-high-ranking-eu-officials-in-brussels","status":"publish","type":"post","link":"https:\/\/www.moldova.org\/en\/prime-minister-natalia-gavrilita-meets-high-ranking-eu-officials-in-brussels\/","title":{"rendered":"Prime Minister Natalia Gavrilita meets high-ranking EU officials in Brussels"},"content":{"rendered":"<span class=\"span-reading-time rt-reading-time\" style=\"display: block;\"><span class=\"rt-label rt-prefix\">Reading Time: <\/span> <span class=\"rt-time\"> 2<\/span> <span class=\"rt-label rt-postfix\">minutes<\/span><\/span><p>Prime Minister of the Republic of Moldova, <strong>Natalia Gavrilita<\/strong>, together with Deputy Prime Minister and Minister of Foreign Affairs, <strong>Nicu Popescu<\/strong>, pay an official visit to Brussels, between September 27-28, being invited by High Representative of the European Union for Foreign Affairs and Security Policy, <strong>Josep Borrell Fontelles<\/strong>.<\/p>\n<p>Today, Prime Minister <a href=\"https:\/\/gov.md\/ro\/content\/natalia-gavrilita-avut-o-intrevedere-cu-charles-michel-presedintele-consiliului-european\">had a meeting<\/a> with <strong>Charles Michel<\/strong>, President of the European Council. The Moldovan PM thanked the senior European official for the support of the institution in strengthening democratic processes, reforming the judiciary and state institutions, economic recovery and job creation, as well as increasing citizens&#8217; welfare. Natalia Gavrilita expressed her confidence that the current visit laid the foundations for boosting relations between the Republic of Moldova and the European Union, so that, in the next period, it would be possible to <span style=\"color: #993300;\">advance high-level dialogues on security, justice and energy.<\/span> Officials also exchanged views on priorities for the Eastern Partnership Summit, to be held in December.<\/p>\n<p><em>&#8220;The EU is open to continue to support the Republic of Moldova and the ambitious reform agenda it proposes. Moldova is an important and priority partner for us,&#8221;<\/em> said Charles Michel.<\/p>\n<p>Prime Minister Natalia Gavrilita also <a href=\"https:\/\/gov.md\/ro\/content\/premierul-gavrilita-s-intalnit-cu-paolo-gentiloni-comisar-european-pentru-economie\">met<\/a> with <strong>Paolo Gentiloni<\/strong>, European Commissioner for Economy, expressing her gratitude for the support received through the OMNIBUS macro-financial assistance program. The two officials discussed the need to advance the recovery of money from bank fraud, to strengthen sustainable mechanisms for supporting small and medium-sized enterprises in Moldova, and to standardize the customs and taxes as one of the main conditions for deepening cooperation with the EU in this field.<\/p>\n<p>Additionally, Prime Minister spoke about the importance of the Eastern Partnership and the Deep Free Trade Agreement, noting that the Government&#8217;s policies are aimed at developing an economic model aligned with the European economic model, focused on <span style=\"color: #993300;\">digitalization, energy efficiency and the green economy<\/span>.<\/p>\n<p>A common <a href=\"https:\/\/gov.md\/ro\/content\/discursul-premierului-natalia-gavrilita-cadrul-briefingului-comun-cu-vicepresedintele\">press release<\/a> of the Moldovan Prime Minister with High Representative of the European Union for Foreign Affairs and Security Policy\/Vice-President of the Commission, Josep Borrell Fontelles, took place today, where the agenda of Moldova&#8217;s reforms and the main priorities to focus on in the coming months were presented: <strong>judiciary reform; fighting COVID-19 pandemic; promoting economic recovery and conditions for growth and job creation; strengthening state institutions and resilience of the country.<\/strong><\/p>\n<blockquote><p>&#8220;I am here to relaunch the dialogue between my country and the European Union. Our partnership is strong, but I believe there is room for even deeper cooperation and stronger political, economic and sectoral ties. I am convinced that this partnership is the key to the prosperity of our country and I hope that we will continue to strengthen cooperation.&#8221;<\/p><\/blockquote>\n<p>The Moldovan delegation met <strong>Didier Reynders<\/strong>, European Commissioner for Justice. Tomorrow, there are scheduled common meetings with Oliver Varhelyi, European Commissioner for Neighborhood and Enlargement, <strong>Adina Valean<\/strong>, European Commissioner for Transport and <strong>Kadri Simson<\/strong>, European Commissioner for Energy.<\/p>\n<p>Prime Minister will also attend a public event, along with <strong>Katarina Mathernova<\/strong>, Deputy Director-General for Neighbourhood Policy and Enlargement Negotiations.<\/p>\n<p>Photo: gov.md<\/p>\n","protected":false},"excerpt":{"rendered":"<p><span class=\"span-reading-time rt-reading-time\" style=\"display: block;\"><span class=\"rt-label rt-prefix\">Reading Time: <\/span> <span class=\"rt-time\"> 2<\/span> <span class=\"rt-label rt-postfix\">minutes<\/span><\/span>Prime Minister of the Republic of Moldova, Natalia Gavrilita, together with Deputy Prime Minister and Minister of Foreign Affairs, Nicu Popescu, pay an official visit to Brussels, between September 27-28, being invited by High Representative of the European Union for Foreign Affairs and Security Policy, Josep Borrell Fontelles. Today, Prime Minister had a meeting with [&hellip;]<\/p>\n","protected":false},"author":31,"featured_media":449664,"comment_status":"closed","ping_status":"closed","sticky":false,"template":"","format":"standard","meta":{"footnotes":""},"categories":[3,8],"tags":[106,514,1140,35,27,498,117],"class_list":["post-449663","post","type-post","status-publish","format-standard","has-post-thumbnail","hentry","category-politics","category-world-news","tag-eu","tag-european-commission","tag-european-council","tag-important","tag-moldova","tag-officials","tag-prime-minister"],"content_social_share":"<span class=\"span-reading-time rt-reading-time\" style=\"display: block;\"><span class=\"rt-label rt-prefix\">Reading Time: <\/span> <span class=\"rt-time\"> 2<\/span> <span class=\"rt-label rt-postfix\">minutes<\/span><\/span><p>Prime Minister of the Republic of Moldova, <strong>Natalia Gavrilita<\/strong>, together with Deputy Prime Minister and Minister of Foreign Affairs, <strong>Nicu Popescu<\/strong>, pay an official visit to Brussels, between September 27-28, being invited by High Representative of the European Union for Foreign Affairs and Security Policy, <strong>Josep Borrell Fontelles<\/strong>.<\/p>\n<p>Today, Prime Minister <a href=\"https:\/\/gov.md\/ro\/content\/natalia-gavrilita-avut-o-intrevedere-cu-charles-michel-presedintele-consiliului-european\">had a meeting<\/a> with <strong>Charles Michel<\/strong>, President of the European Council. The Moldovan PM thanked the senior European official for the support of the institution in strengthening democratic processes, reforming the judiciary and state institutions, economic recovery and job creation, as well as increasing citizens&#8217; welfare. Natalia Gavrilita expressed her confidence that the current visit laid the foundations for boosting relations between the Republic of Moldova and the European Union, so that, in the next period, it would be possible to <span style=\"color: #993300;\">advance high-level dialogues on security, justice and energy.<\/span> Officials also exchanged views on priorities for the Eastern Partnership Summit, to be held in December.<\/p>\n<p><em>&#8220;The EU is open to continue to support the Republic of Moldova and the ambitious reform agenda it proposes. Moldova is an important and priority partner for us,&#8221;<\/em> said Charles Michel.<\/p>\n<p>Prime Minister Natalia Gavrilita also <a href=\"https:\/\/gov.md\/ro\/content\/premierul-gavrilita-s-intalnit-cu-paolo-gentiloni-comisar-european-pentru-economie\">met<\/a> with <strong>Paolo Gentiloni<\/strong>, European Commissioner for Economy, expressing her gratitude for the support received through the OMNIBUS macro-financial assistance program. The two officials discussed the need to advance the recovery of money from bank fraud, to strengthen sustainable mechanisms for supporting small and medium-sized enterprises in Moldova, and to standardize the customs and taxes as one of the main conditions for deepening cooperation with the EU in this field.<\/p>\n<p>Additionally, Prime Minister spoke about the importance of the Eastern Partnership and the Deep Free Trade Agreement, noting that the Government&#8217;s policies are aimed at developing an economic model aligned with the European economic model, focused on <span style=\"color: #993300;\">digitalization, energy efficiency and the green economy<\/span>.<\/p>\n<p>A common <a href=\"https:\/\/gov.md\/ro\/content\/discursul-premierului-natalia-gavrilita-cadrul-briefingului-comun-cu-vicepresedintele\">press release<\/a> of the Moldovan Prime Minister with High Representative of the European Union for Foreign Affairs and Security Policy\/Vice-President of the Commission, Josep Borrell Fontelles, took place today, where the agenda of Moldova&#8217;s reforms and the main priorities to focus on in the coming months were presented: <strong>judiciary reform; fighting COVID-19 pandemic; promoting economic recovery and conditions for growth and job creation; strengthening state institutions and resilience of the country.<\/strong><\/p>\n<blockquote><p>&#8220;I am here to relaunch the dialogue between my country and the European Union. Our partnership is strong, but I believe there is room for even deeper cooperation and stronger political, economic and sectoral ties. I am convinced that this partnership is the key to the prosperity of our country and I hope that we will continue to strengthen cooperation.&#8221;<\/p><\/blockquote>\n<p>The Moldovan delegation met <strong>Didier Reynders<\/strong>, European Commissioner for Justice. Tomorrow, there are scheduled common meetings with Oliver Varhelyi, European Commissioner for Neighborhood and Enlargement, <strong>Adina Valean<\/strong>, European Commissioner for Transport and <strong>Kadri Simson<\/strong>, European Commissioner for Energy.<\/p>\n<p>Prime Minister will also attend a public event, along with <strong>Katarina Mathernova<\/strong>, Deputy Director-General for Neighbourhood Policy and Enlargement Negotiations.<\/p>\n<p>Photo: gov.md<\/p>\n<div class='heateorSssClear'><\/div><div  class='heateor_sss_sharing_container heateor_sss_horizontal_sharing' data-heateor-sss-href='https:\/\/www.moldova.org\/en\/prime-minister-natalia-gavrilita-meets-high-ranking-eu-officials-in-brussels\/' data-heateor-sss-no-counts=\"1\"><div class='heateor_sss_sharing_title' style=\"font-weight:bold\" ><\/div><div class=\"heateor_sss_sharing_ul\"><a aria-label=\"Facebook\" class=\"heateor_sss_facebook\" href=\"https:\/\/www.facebook.com\/sharer\/sharer.php?u=https%3A%2F%2Fwww.moldova.org%2Fen%2Fprime-minister-natalia-gavrilita-meets-high-ranking-eu-officials-in-brussels%2F\" title=\"Facebook\" rel=\"nofollow noopener\" target=\"_blank\" style=\"font-size:32px!important;box-shadow:none;display:inline-block;vertical-align:middle\"><span class=\"heateor_sss_svg\" style=\"background-color:#0765FE;width:100px;height:35px;display:inline-block;opacity:1;float:left;font-size:32px;box-shadow:none;display:inline-block;font-size:16px;padding:0 4px;vertical-align:middle;background-repeat:repeat;overflow:hidden;padding:0;cursor:pointer;box-sizing:content-box\"><svg style=\"display:block;\" focusable=\"false\" aria-hidden=\"true\" xmlns=\"http:\/\/www.w3.org\/2000\/svg\" width=\"100%\" height=\"100%\" viewBox=\"0 0 32 32\"><path fill=\"#fff\" d=\"M28 16c0-6.627-5.373-12-12-12S4 9.373 4 16c0 5.628 3.875 10.35 9.101 11.647v-7.98h-2.474V16H13.1v-1.58c0-4.085 1.849-5.978 5.859-5.978.76 0 2.072.15 2.608.298v3.325c-.283-.03-.775-.045-1.386-.045-1.967 0-2.728.745-2.728 2.683V16h3.92l-.673 3.667h-3.247v8.245C23.395 27.195 28 22.135 28 16Z\"><\/path><\/svg><\/span><\/a><a aria-label=\"Twitter\" class=\"heateor_sss_button_twitter\" href=\"https:\/\/twitter.com\/intent\/tweet?text=Prime%20Minister%20Natalia%20Gavrilita%20meets%20high-ranking%20EU%20officials%20in%20Brussels&url=https%3A%2F%2Fwww.moldova.org%2Fen%2Fprime-minister-natalia-gavrilita-meets-high-ranking-eu-officials-in-brussels%2F\" title=\"Twitter\" rel=\"nofollow noopener\" target=\"_blank\" style=\"font-size:32px!important;box-shadow:none;display:inline-block;vertical-align:middle\"><span class=\"heateor_sss_svg heateor_sss_s__default heateor_sss_s_twitter\" style=\"background-color:#55acee;width:100px;height:35px;display:inline-block;opacity:1;float:left;font-size:32px;box-shadow:none;display:inline-block;font-size:16px;padding:0 4px;vertical-align:middle;background-repeat:repeat;overflow:hidden;padding:0;cursor:pointer;box-sizing:content-box\"><svg style=\"display:block;\" focusable=\"false\" aria-hidden=\"true\" xmlns=\"http:\/\/www.w3.org\/2000\/svg\" width=\"100%\" height=\"100%\" viewBox=\"-4 -4 39 39\"><path d=\"M28 8.557a9.913 9.913 0 0 1-2.828.775 4.93 4.93 0 0 0 2.166-2.725 9.738 9.738 0 0 1-3.13 1.194 4.92 4.92 0 0 0-3.593-1.55 4.924 4.924 0 0 0-4.794 6.049c-4.09-.21-7.72-2.17-10.15-5.15a4.942 4.942 0 0 0-.665 2.477c0 1.71.87 3.214 2.19 4.1a4.968 4.968 0 0 1-2.23-.616v.06c0 2.39 1.7 4.38 3.952 4.83-.414.115-.85.174-1.297.174-.318 0-.626-.03-.928-.086a4.935 4.935 0 0 0 4.6 3.42 9.893 9.893 0 0 1-6.114 2.107c-.398 0-.79-.023-1.175-.068a13.953 13.953 0 0 0 7.55 2.213c9.056 0 14.01-7.507 14.01-14.013 0-.213-.005-.426-.015-.637.96-.695 1.795-1.56 2.455-2.55z\" fill=\"#fff\"><\/path><\/svg><\/span><\/a><a aria-label=\"Odnoklassniki\" class=\"heateor_sss_button_odnoklassniki\" href=\"https:\/\/connect.ok.ru\/dk?cmd=WidgetSharePreview&st.cmd=WidgetSharePreview&st.shareUrl=https%3A%2F%2Fwww.moldova.org%2Fen%2Fprime-minister-natalia-gavrilita-meets-high-ranking-eu-officials-in-brussels%2F&st.client_id=-1\" title=\"Odnoklassniki\" rel=\"nofollow noopener\" target=\"_blank\" style=\"font-size:32px!important;box-shadow:none;display:inline-block;vertical-align:middle\"><span class=\"heateor_sss_svg heateor_sss_s__default heateor_sss_s_odnoklassniki\" style=\"background-color:#f2720c;width:100px;height:35px;display:inline-block;opacity:1;float:left;font-size:32px;box-shadow:none;display:inline-block;font-size:16px;padding:0 4px;vertical-align:middle;background-repeat:repeat;overflow:hidden;padding:0;cursor:pointer;box-sizing:content-box\"><svg style=\"display:block;\" focusable=\"false\" aria-hidden=\"true\" xmlns=\"http:\/\/www.w3.org\/2000\/svg\" width=\"100%\" height=\"100%\" viewBox=\"0 0 32 32\"><path fill=\"#fff\" d=\"M16 16.16a6.579 6.579 0 0 1-6.58-6.58A6.578 6.578 0 0 1 16 3a6.58 6.58 0 1 1 .002 13.16zm0-9.817a3.235 3.235 0 0 0-3.236 3.237 3.234 3.234 0 0 0 3.237 3.236 3.236 3.236 0 1 0 .004-6.473zm7.586 10.62c.647 1.3-.084 1.93-1.735 2.99-1.395.9-3.313 1.238-4.564 1.368l1.048 1.05 3.877 3.88c.59.59.59 1.543 0 2.133l-.177.18c-.59.59-1.544.59-2.134 0l-3.88-3.88-3.877 3.88c-.59.59-1.543.59-2.135 0l-.176-.18a1.505 1.505 0 0 1 0-2.132l3.88-3.877 1.042-1.046c-1.25-.127-3.19-.465-4.6-1.37-1.65-1.062-2.38-1.69-1.733-2.99.37-.747 1.4-1.367 2.768-.29C13.035 18.13 16 18.13 16 18.13s2.968 0 4.818-1.456c1.368-1.077 2.4-.457 2.768.29z\"><\/path><\/svg><\/span><\/a><a aria-label=\"Telegram\" class=\"heateor_sss_button_telegram\" href=\"https:\/\/telegram.me\/share\/url?url=https%3A%2F%2Fwww.moldova.org%2Fen%2Fprime-minister-natalia-gavrilita-meets-high-ranking-eu-officials-in-brussels%2F&text=Prime%20Minister%20Natalia%20Gavrilita%20meets%20high-ranking%20EU%20officials%20in%20Brussels\" title=\"Telegram\" rel=\"nofollow noopener\" target=\"_blank\" style=\"font-size:32px!important;box-shadow:none;display:inline-block;vertical-align:middle\"><span class=\"heateor_sss_svg heateor_sss_s__default heateor_sss_s_telegram\" style=\"background-color:#3da5f1;width:100px;height:35px;display:inline-block;opacity:1;float:left;font-size:32px;box-shadow:none;display:inline-block;font-size:16px;padding:0 4px;vertical-align:middle;background-repeat:repeat;overflow:hidden;padding:0;cursor:pointer;box-sizing:content-box\"><svg style=\"display:block;\" focusable=\"false\" aria-hidden=\"true\" xmlns=\"http:\/\/www.w3.org\/2000\/svg\" width=\"100%\" height=\"100%\" viewBox=\"0 0 32 32\"><path fill=\"#fff\" d=\"M25.515 6.896L6.027 14.41c-1.33.534-1.322 1.276-.243 1.606l5 1.56 1.72 5.66c.226.625.115.873.77.873.506 0 .73-.235 1.012-.51l2.43-2.363 5.056 3.734c.93.514 1.602.25 1.834-.863l3.32-15.638c.338-1.363-.52-1.98-1.41-1.577z\"><\/path><\/svg><\/span><\/a><\/div><div class=\"heateorSssClear\"><\/div><\/div><div class='heateorSssClear'><\/div>","yoast_head":"<!-- This site is optimized with the Yoast SEO plugin v27.5 - https:\/\/yoast.com\/product\/yoast-seo-wordpress\/ -->\n<title>Prime Minister Natalia Gavrilita meets high-ranking EU officials in Brussels - Moldova.org<\/title>\n<meta name=\"robots\" content=\"index, follow, max-snippet:-1, max-image-preview:large, max-video-preview:-1\" \/>\n<link rel=\"canonical\" href=\"https:\/\/www.moldova.org\/en\/prime-minister-natalia-gavrilita-meets-high-ranking-eu-officials-in-brussels\/\" \/>\n<meta name=\"twitter:label1\" content=\"Written by\" \/>\n\t<meta name=\"twitter:data1\" content=\"Maria Dulgher\" \/>\n\t<meta name=\"twitter:label2\" content=\"Estimated reading time\" \/>\n\t<meta name=\"twitter:data2\" content=\"3 minutes\" \/>\n<script type=\"application\/ld+json\" class=\"yoast-schema-graph\">{\"@context\":\"https:\\\/\\\/schema.org\",\"@graph\":[{\"@type\":\"Article\",\"@id\":\"https:\\\/\\\/www.moldova.org\\\/en\\\/prime-minister-natalia-gavrilita-meets-high-ranking-eu-officials-in-brussels\\\/#article\",\"isPartOf\":{\"@id\":\"https:\\\/\\\/www.moldova.org\\\/en\\\/prime-minister-natalia-gavrilita-meets-high-ranking-eu-officials-in-brussels\\\/\"},\"author\":{\"name\":\"Maria Dulgher\",\"@id\":\"https:\\\/\\\/www.moldova.org\\\/en\\\/#\\\/schema\\\/person\\\/4cd49a1f49c7d48a105c8a4cb7e3a2bf\"},\"headline\":\"Prime Minister Natalia Gavrilita meets high-ranking EU officials in Brussels\",\"datePublished\":\"2021-09-27T18:12:17+00:00\",\"dateModified\":\"2021-09-27T18:13:15+00:00\",\"mainEntityOfPage\":{\"@id\":\"https:\\\/\\\/www.moldova.org\\\/en\\\/prime-minister-natalia-gavrilita-meets-high-ranking-eu-officials-in-brussels\\\/\"},\"wordCount\":511,\"image\":{\"@id\":\"https:\\\/\\\/www.moldova.org\\\/en\\\/prime-minister-natalia-gavrilita-meets-high-ranking-eu-officials-in-brussels\\\/#primaryimage\"},\"thumbnailUrl\":\"https:\\\/\\\/www.moldova.org\\\/en\\\/wp-content\\\/uploads\\\/sites\\\/2\\\/2021\\\/09\\\/pm.jpg\",\"keywords\":[\"EU\",\"European Commission\",\"European Council\",\"Important\",\"Moldova\",\"officials\",\"Prime Minister\"],\"articleSection\":[\"Politics\",\"World News\"],\"inLanguage\":\"en-GB\"},{\"@type\":\"WebPage\",\"@id\":\"https:\\\/\\\/www.moldova.org\\\/en\\\/prime-minister-natalia-gavrilita-meets-high-ranking-eu-officials-in-brussels\\\/\",\"url\":\"https:\\\/\\\/www.moldova.org\\\/en\\\/prime-minister-natalia-gavrilita-meets-high-ranking-eu-officials-in-brussels\\\/\",\"name\":\"Prime Minister Natalia Gavrilita meets high-ranking EU officials in Brussels - Moldova.org\",\"isPartOf\":{\"@id\":\"https:\\\/\\\/www.moldova.org\\\/en\\\/#website\"},\"primaryImageOfPage\":{\"@id\":\"https:\\\/\\\/www.moldova.org\\\/en\\\/prime-minister-natalia-gavrilita-meets-high-ranking-eu-officials-in-brussels\\\/#primaryimage\"},\"image\":{\"@id\":\"https:\\\/\\\/www.moldova.org\\\/en\\\/prime-minister-natalia-gavrilita-meets-high-ranking-eu-officials-in-brussels\\\/#primaryimage\"},\"thumbnailUrl\":\"https:\\\/\\\/www.moldova.org\\\/en\\\/wp-content\\\/uploads\\\/sites\\\/2\\\/2021\\\/09\\\/pm.jpg\",\"datePublished\":\"2021-09-27T18:12:17+00:00\",\"dateModified\":\"2021-09-27T18:13:15+00:00\",\"author\":{\"@id\":\"https:\\\/\\\/www.moldova.org\\\/en\\\/#\\\/schema\\\/person\\\/4cd49a1f49c7d48a105c8a4cb7e3a2bf\"},\"breadcrumb\":{\"@id\":\"https:\\\/\\\/www.moldova.org\\\/en\\\/prime-minister-natalia-gavrilita-meets-high-ranking-eu-officials-in-brussels\\\/#breadcrumb\"},\"inLanguage\":\"en-GB\",\"potentialAction\":[{\"@type\":\"ReadAction\",\"target\":[\"https:\\\/\\\/www.moldova.org\\\/en\\\/prime-minister-natalia-gavrilita-meets-high-ranking-eu-officials-in-brussels\\\/\"]}]},{\"@type\":\"ImageObject\",\"inLanguage\":\"en-GB\",\"@id\":\"https:\\\/\\\/www.moldova.org\\\/en\\\/prime-minister-natalia-gavrilita-meets-high-ranking-eu-officials-in-brussels\\\/#primaryimage\",\"url\":\"https:\\\/\\\/www.moldova.org\\\/en\\\/wp-content\\\/uploads\\\/sites\\\/2\\\/2021\\\/09\\\/pm.jpg\",\"contentUrl\":\"https:\\\/\\\/www.moldova.org\\\/en\\\/wp-content\\\/uploads\\\/sites\\\/2\\\/2021\\\/09\\\/pm.jpg\",\"width\":1600,\"height\":1067},{\"@type\":\"BreadcrumbList\",\"@id\":\"https:\\\/\\\/www.moldova.org\\\/en\\\/prime-minister-natalia-gavrilita-meets-high-ranking-eu-officials-in-brussels\\\/#breadcrumb\",\"itemListElement\":[{\"@type\":\"ListItem\",\"position\":1,\"name\":\"Home\",\"item\":\"https:\\\/\\\/www.moldova.org\\\/en\\\/\"},{\"@type\":\"ListItem\",\"position\":2,\"name\":\"Prime Minister Natalia Gavrilita meets high-ranking EU officials in Brussels\"}]},{\"@type\":\"WebSite\",\"@id\":\"https:\\\/\\\/www.moldova.org\\\/en\\\/#website\",\"url\":\"https:\\\/\\\/www.moldova.org\\\/en\\\/\",\"name\":\"Moldova.org\",\"description\":\"The first news website of Moldova\",\"potentialAction\":[{\"@type\":\"SearchAction\",\"target\":{\"@type\":\"EntryPoint\",\"urlTemplate\":\"https:\\\/\\\/www.moldova.org\\\/en\\\/?s={search_term_string}\"},\"query-input\":{\"@type\":\"PropertyValueSpecification\",\"valueRequired\":true,\"valueName\":\"search_term_string\"}}],\"inLanguage\":\"en-GB\"},{\"@type\":\"Person\",\"@id\":\"https:\\\/\\\/www.moldova.org\\\/en\\\/#\\\/schema\\\/person\\\/4cd49a1f49c7d48a105c8a4cb7e3a2bf\",\"name\":\"Maria Dulgher\",\"image\":{\"@type\":\"ImageObject\",\"inLanguage\":\"en-GB\",\"@id\":\"https:\\\/\\\/secure.gravatar.com\\\/avatar\\\/845882001991bde511a90853b5102f4286c0293237ace764fffc0d327a09702d?s=96&d=mm&r=g\",\"url\":\"https:\\\/\\\/secure.gravatar.com\\\/avatar\\\/845882001991bde511a90853b5102f4286c0293237ace764fffc0d327a09702d?s=96&d=mm&r=g\",\"contentUrl\":\"https:\\\/\\\/secure.gravatar.com\\\/avatar\\\/845882001991bde511a90853b5102f4286c0293237ace764fffc0d327a09702d?s=96&d=mm&r=g\",\"caption\":\"Maria Dulgher\"},\"description\":\"Jurnalist\u0103 that speaks English very well. De aia Maria are grij\u0103 c\u0103 prietenii no\u0219tri str\u0103ini s\u0103 nu piard\u0103 nicio informa\u021bie valoroas\u0103 despre actualitatea din Moldova.\",\"sameAs\":[\"https:\\\/\\\/www.facebook.com\\\/mariuta.dulgher\",\"https:\\\/\\\/www.instagram.com\\\/marie.dulgher\\\/\",\"https:\\\/\\\/www.linkedin.com\\\/in\\\/maria-dulgher-4a9a2bb2\\\/\"],\"url\":\"https:\\\/\\\/www.moldova.org\\\/en\\\/author\\\/mariadulgher\\\/\"}]}<\/script>\n<!-- \/ Yoast SEO plugin. -->","yoast_head_json":{"title":"Prime Minister Natalia Gavrilita meets high-ranking EU officials in Brussels - Moldova.org","robots":{"index":"index","follow":"follow","max-snippet":"max-snippet:-1","max-image-preview":"max-image-preview:large","max-video-preview":"max-video-preview:-1"},"canonical":"https:\/\/www.moldova.org\/en\/prime-minister-natalia-gavrilita-meets-high-ranking-eu-officials-in-brussels\/","twitter_misc":{"Written by":"Maria Dulgher","Estimated reading time":"3 minutes"},"schema":{"@context":"https:\/\/schema.org","@graph":[{"@type":"Article","@id":"https:\/\/www.moldova.org\/en\/prime-minister-natalia-gavrilita-meets-high-ranking-eu-officials-in-brussels\/#article","isPartOf":{"@id":"https:\/\/www.moldova.org\/en\/prime-minister-natalia-gavrilita-meets-high-ranking-eu-officials-in-brussels\/"},"author":{"name":"Maria Dulgher","@id":"https:\/\/www.moldova.org\/en\/#\/schema\/person\/4cd49a1f49c7d48a105c8a4cb7e3a2bf"},"headline":"Prime Minister Natalia Gavrilita meets high-ranking EU officials in Brussels","datePublished":"2021-09-27T18:12:17+00:00","dateModified":"2021-09-27T18:13:15+00:00","mainEntityOfPage":{"@id":"https:\/\/www.moldova.org\/en\/prime-minister-natalia-gavrilita-meets-high-ranking-eu-officials-in-brussels\/"},"wordCount":511,"image":{"@id":"https:\/\/www.moldova.org\/en\/prime-minister-natalia-gavrilita-meets-high-ranking-eu-officials-in-brussels\/#primaryimage"},"thumbnailUrl":"https:\/\/www.moldova.org\/en\/wp-content\/uploads\/sites\/2\/2021\/09\/pm.jpg","keywords":["EU","European Commission","European Council","Important","Moldova","officials","Prime Minister"],"articleSection":["Politics","World News"],"inLanguage":"en-GB"},{"@type":"WebPage","@id":"https:\/\/www.moldova.org\/en\/prime-minister-natalia-gavrilita-meets-high-ranking-eu-officials-in-brussels\/","url":"https:\/\/www.moldova.org\/en\/prime-minister-natalia-gavrilita-meets-high-ranking-eu-officials-in-brussels\/","name":"Prime Minister Natalia Gavrilita meets high-ranking EU officials in Brussels - Moldova.org","isPartOf":{"@id":"https:\/\/www.moldova.org\/en\/#website"},"primaryImageOfPage":{"@id":"https:\/\/www.moldova.org\/en\/prime-minister-natalia-gavrilita-meets-high-ranking-eu-officials-in-brussels\/#primaryimage"},"image":{"@id":"https:\/\/www.moldova.org\/en\/prime-minister-natalia-gavrilita-meets-high-ranking-eu-officials-in-brussels\/#primaryimage"},"thumbnailUrl":"https:\/\/www.moldova.org\/en\/wp-content\/uploads\/sites\/2\/2021\/09\/pm.jpg","datePublished":"2021-09-27T18:12:17+00:00","dateModified":"2021-09-27T18:13:15+00:00","author":{"@id":"https:\/\/www.moldova.org\/en\/#\/schema\/person\/4cd49a1f49c7d48a105c8a4cb7e3a2bf"},"breadcrumb":{"@id":"https:\/\/www.moldova.org\/en\/prime-minister-natalia-gavrilita-meets-high-ranking-eu-officials-in-brussels\/#breadcrumb"},"inLanguage":"en-GB","potentialAction":[{"@type":"ReadAction","target":["https:\/\/www.moldova.org\/en\/prime-minister-natalia-gavrilita-meets-high-ranking-eu-officials-in-brussels\/"]}]},{"@type":"ImageObject","inLanguage":"en-GB","@id":"https:\/\/www.moldova.org\/en\/prime-minister-natalia-gavrilita-meets-high-ranking-eu-officials-in-brussels\/#primaryimage","url":"https:\/\/www.moldova.org\/en\/wp-content\/uploads\/sites\/2\/2021\/09\/pm.jpg","contentUrl":"https:\/\/www.moldova.org\/en\/wp-content\/uploads\/sites\/2\/2021\/09\/pm.jpg","width":1600,"height":1067},{"@type":"BreadcrumbList","@id":"https:\/\/www.moldova.org\/en\/prime-minister-natalia-gavrilita-meets-high-ranking-eu-officials-in-brussels\/#breadcrumb","itemListElement":[{"@type":"ListItem","position":1,"name":"Home","item":"https:\/\/www.moldova.org\/en\/"},{"@type":"ListItem","position":2,"name":"Prime Minister Natalia Gavrilita meets high-ranking EU officials in Brussels"}]},{"@type":"WebSite","@id":"https:\/\/www.moldova.org\/en\/#website","url":"https:\/\/www.moldova.org\/en\/","name":"Moldova.org","description":"The first news website of Moldova","potentialAction":[{"@type":"SearchAction","target":{"@type":"EntryPoint","urlTemplate":"https:\/\/www.moldova.org\/en\/?s={search_term_string}"},"query-input":{"@type":"PropertyValueSpecification","valueRequired":true,"valueName":"search_term_string"}}],"inLanguage":"en-GB"},{"@type":"Person","@id":"https:\/\/www.moldova.org\/en\/#\/schema\/person\/4cd49a1f49c7d48a105c8a4cb7e3a2bf","name":"Maria Dulgher","image":{"@type":"ImageObject","inLanguage":"en-GB","@id":"https:\/\/secure.gravatar.com\/avatar\/845882001991bde511a90853b5102f4286c0293237ace764fffc0d327a09702d?s=96&d=mm&r=g","url":"https:\/\/secure.gravatar.com\/avatar\/845882001991bde511a90853b5102f4286c0293237ace764fffc0d327a09702d?s=96&d=mm&r=g","contentUrl":"https:\/\/secure.gravatar.com\/avatar\/845882001991bde511a90853b5102f4286c0293237ace764fffc0d327a09702d?s=96&d=mm&r=g","caption":"Maria Dulgher"},"description":"Jurnalist\u0103 that speaks English very well. De aia Maria are grij\u0103 c\u0103 prietenii no\u0219tri str\u0103ini s\u0103 nu piard\u0103 nicio informa\u021bie valoroas\u0103 despre actualitatea din Moldova.","sameAs":["https:\/\/www.facebook.com\/mariuta.dulgher","https:\/\/www.instagram.com\/marie.dulgher\/","https:\/\/www.linkedin.com\/in\/maria-dulgher-4a9a2bb2\/"],"url":"https:\/\/www.moldova.org\/en\/author\/mariadulgher\/"}]}},"_links":{"self":[{"href":"https:\/\/www.moldova.org\/en\/wp-json\/wp\/v2\/posts\/449663","targetHints":{"allow":["GET"]}}],"collection":[{"href":"https:\/\/www.moldova.org\/en\/wp-json\/wp\/v2\/posts"}],"about":[{"href":"https:\/\/www.moldova.org\/en\/wp-json\/wp\/v2\/types\/post"}],"author":[{"embeddable":true,"href":"https:\/\/www.moldova.org\/en\/wp-json\/wp\/v2\/users\/31"}],"replies":[{"embeddable":true,"href":"https:\/\/www.moldova.org\/en\/wp-json\/wp\/v2\/comments?post=449663"}],"version-history":[{"count":0,"href":"https:\/\/www.moldova.org\/en\/wp-json\/wp\/v2\/posts\/449663\/revisions"}],"wp:featuredmedia":[{"embeddable":true,"href":"https:\/\/www.moldova.org\/en\/wp-json\/wp\/v2\/media\/449664"}],"wp:attachment":[{"href":"https:\/\/www.moldova.org\/en\/wp-json\/wp\/v2\/media?parent=449663"}],"wp:term":[{"taxonomy":"category","embeddable":true,"href":"https:\/\/www.moldova.org\/en\/wp-json\/wp\/v2\/categories?post=449663"},{"taxonomy":"post_tag","embeddable":true,"href":"https:\/\/www.moldova.org\/en\/wp-json\/wp\/v2\/tags?post=449663"}],"curies":[{"name":"wp","href":"https:\/\/api.w.org\/{rel}","templated":true}]}}