{"id":449595,"date":"2021-08-16T18:28:43","date_gmt":"2021-08-16T18:28:43","guid":{"rendered":"https:\/\/www.moldova.org\/en\/?p=449595"},"modified":"2021-08-16T18:32:52","modified_gmt":"2021-08-16T18:32:52","slug":"changing-the-judiciary-or-replacing-the-prosecutor-general-what-starts-a-successful-judicial-reform","status":"publish","type":"post","link":"https:\/\/www.moldova.org\/en\/changing-the-judiciary-or-replacing-the-prosecutor-general-what-starts-a-successful-judicial-reform\/","title":{"rendered":"Changing the judiciary or replacing the Prosecutor General &#8211; what starts a successful judicial reform?"},"content":{"rendered":"<span class=\"span-reading-time rt-reading-time\" style=\"display: block;\"><span class=\"rt-label rt-prefix\">Reading Time: <\/span> <span class=\"rt-time\"> 5<\/span> <span class=\"rt-label rt-postfix\">minutes<\/span><\/span><p>The newly elected government decided to take action regarding one of its main priorities, which was previously announced &#8211; the judicial reform. Namely, an amendment to the existing <a href=\"http:\/\/parlament.md\/ProcesulLegislativ\/Proiectedeactelegislative\/tabid\/61\/LegislativId\/5572\/language\/ro-RO\/Default.aspx\">Law on the Office of the Prosecutor General (OPG)<\/a> was voted through the first reading on August 13. The bill provides for introduction of a <strong>mechanism for evaluating the performance of the Prosecutor General<\/strong>, as well as his <span style=\"color: #993300;\">dismissal following a proposal submitted by the Superior Council of Prosecutors<\/span> (SCP) in case he fails in his duties.<\/p>\n<p>The performance of the Prosecutor General would be evaluated once per year by a 5 members commission formed by the SCP. One member would be proposed by the President of the Republic of Moldova, the second by the Ministry of Justice, the third by the Superior Council of Magistracy (SCM), the forth by the Superior Council of Prosecutors and the last one by the Prosecutor General (PG). In case at least 3 members of the SCP, the Performance Evaluation Commission or the President of the Republic of Moldova take the initiative, disciplinary proceedings may be brought against the Prosecutor General. If a criminal investigation is initiated, an interim PG is appointed by the SCP.<\/p>\n<p>The authors of the bill (MPs of the Party of Action and Solidarity) <a href=\"https:\/\/multimedia.parlament.md\/modificarile-la-legea-cu-privire-la-procuratura-au-fost-votate-in-prima-lectura-cu-59-de-voturi-ale-deputatilor\/\">claimed<\/a> that the proposed changes would not affect the independence and autonomy of the OPG and that of the Prosecutor General, as the Superior Council of Prosecutors has the decisive role in making the decision. <em>&#8220;The introduction of regulations on the evaluation of the Prosecutor General&#8217;s performance, as well as regulations on the application of disciplinary liability to the Prosecutor General comes to ensure accountability of the institution, and establishes a balance of power and control between the Prosecutor General and the Superior Council of Prosecutors,&#8221;<\/em> the authors of the bill <a href=\"https:\/\/multimedia.parlament.md\/modificarile-la-legea-cu-privire-la-procuratura-au-fost-votate-in-prima-lectura-cu-59-de-voturi-ale-deputatilor\/\">said<\/a>.<\/p>\n<p>During the same plenary session, MPs supported through the first reading the amendment to the <a href=\"http:\/\/parlament.md\/ProcesulLegislativ\/Proiectedeactelegislative\/tabid\/61\/LegislativId\/5571\/language\/ro-RO\/Default.aspx\">normative acts<\/a> providing for the election and appointment of members in the <strong>Superior Council of Magistracy<\/strong> and the <strong>Superior Council of Prosecutors<\/strong>. The candidates of both councils are required to hold office for at least 3 years and not to be penalised in the last 3 years. Six members of the SCM would be elected by the General Assembly of Judges, next to three ex officio members and three law professors appointed by Parliament.<\/p>\n<p>At the same time, the proposed amendments seek to<span style=\"color: #993300;\"> reduce the number of the SCP members from 15 to 12<\/span>, by excluding the Prosecutor General, the Chief Prosecutor of the ATU (Autonomous Territorial Unit) Gagauzia Prosecutor&#8217;s Office and the President of the Lawyers Union.<\/p>\n<p>The Parliamentary Committee in charge of Legal Affairs, Appointments and Immunities <a href=\"https:\/\/multimedia.parlament.md\/comisia-juridica-numiri-si-imunitati-invita-la-consultari-publice\/\">invited<\/a> all interested parties to public consultations, on 18 August, regarding the previously mentioned bills, after civil society organizations have made a public request to organize <em>&#8220;genuine and inclusive public consultations, in strict compliance with the legislation on transparency in decision-making.&#8221;<\/em><\/p>\n<h3>A smart move or a hasty reform?<\/h3>\n<p>The modifications to the Law on the Office of the Prosecutor General approved in Parliament were criticised by some experts, despite the fact that Sergiu Litvinenco, the main promoter and the one who initiated the bill, <a href=\"https:\/\/www.facebook.com\/profile.php?id=100015463279463\">argued<\/a> that <em>&#8220;the changes contain sufficient guarantees to ensure correct procedures both in the case of performance evaluation and in the case of disciplinary procedure.&#8221;<\/em><\/p>\n<p>The president of the Center for Legal Resources of Moldova, <strong>Vladislav Gribincea<\/strong>, <a href=\"https:\/\/www.facebook.com\/vladislav.gribincea\">declared<\/a> that amending the Law on the Office of the Prosecutor General every time the government does not like the prosecutor general <em>&#8220;creates dangerous circumstances and puts the Prosecutor General at the mercy of politicians.&#8221;<\/em><\/p>\n<blockquote><p>&#8221; No matter how well-intentioned politicians may be, a politically dependent prosecutor could be more dangerous than one with modest performance.&#8221;<\/p><\/blockquote>\n<p>The expert also <a href=\"https:\/\/www.facebook.com\/vladislav.gribincea\">said<\/a>\u00a0 that the modifications make no sense, as long as the dismissal of the Prosecutor General can be initiated only by the Superior Council of Prosecutors &#8211; a representative and self-administered body of prosecutors. <em>&#8220;The SCP has not made proposals for dismissal, not even for disciplinary sanctions on much more critical situations committed by prosecutors. I do not see how this mechanism will lead to the de facto dismissal of Mr. Stoianoglo. I rather see this as a legislative pirouette, in order to further intensify the pressure on the General Prosecutor, causing him to leave.&#8221;<\/em><\/p>\n<p>Former President of the Constitutional Court, <strong>Alexandru Tanase<\/strong>, <a href=\"https:\/\/tv8.md\/2021\/08\/11\/video-proiectul-lui-litvinenco-care-prevede-posibilitatea-demiterii-procurorului-general-criticat-de-experti\/\">stated<\/a> that <em>&#8220;although it contains high standards in the organization of the Office of the Prosecutor General, changing the rules of the game without changing people, does not generate any results.&#8221;<\/em><\/p>\n<p><em>&#8220;The Venice Commission needs to be consulted, and the EU needs to make sure that the government does not make mistakes with this hasty reform,&#8221;<\/em> <a href=\"https:\/\/www.facebook.com\/dionis.cenusa\">claimed<\/a> the expert <strong>Dionis Cenusa<\/strong>.<\/p>\n<p>The OPG <a href=\"http:\/\/procuratura.md\/md\/newslst\/1211\/1\/8654\/\">response<\/a> was transcendent, still superficial: <em>&#8220;The level of understanding by the current government of the principles of the rule of law is unexpectedly weak and, at the moment, we do not see the point of commenting on anything. The OPG response to any attack on its institutional and procedural independence will be proportionate to the seriousness of such attacks.&#8221;<\/em> Regarding that, Vladislav Gribincea commented that there could not have been <em>&#8220;a more inappropriate reaction of the OPG. The only tool of the institution is to file criminal cases against politicians. I think that is the last thing the Office of the Prosecutor General needs now.&#8221;<\/em><\/p>\n<p>According to WatchDog expert <strong>Valeriu Pasa<\/strong>, the new law proposes to remove the SCP from the control of prosecutor, but that does not mean handing it over to politicians. <em>&#8220;Civil society, academic environment, the ombudsman will participate in the process. Still, the largest number of members (5 out of 12) will be prosecutors. No one would have full control, as it is now. That would mean a much more balanced system,&#8221;<\/em> he <a href=\"https:\/\/www.facebook.com\/pasha.valeriu\">explained<\/a>.<\/p>\n<blockquote><p>&#8220;Consolidating the system formed and led by the puppets of Plahotniuc and Platon is stupid. For the Party of Action and Solidarity that would be a political suicide. Is there a risk of political subordination of decisions taken by prosecutors and judges? Of course! And that must be the red line. The only safeguard against these abuses is the self-control of the new government and the strict monitoring of civil society and external partners, but\u00a0 also of the parliamentary and extra-parliamentary opposition. If Plahotniuc&#8217;s control over judiciary gets replaced by the PAS&#8217;s control &#8211; everything has been in vain.&#8221;<\/p><\/blockquote>\n<p>The expert believes that the current Prosecutor General, <strong>Alexandru Stoianoglo<\/strong>, must resign because he has been elected through a vicious procedure intentionally organised by socialists. Another important reason is his inactivity concerning important investigations, the l<span style=\"color: #993300;\">ack of progress when it comes to sanctioning or holding people accountable for major abuses,<\/span> as it is the case of Veaceslav Platon or Ilan Shor, who left the country without any impediments. This was one of the arguments of the current government as well, in addition to the intention to bring the law into line with the Constitution in order to establish a mechanism for evaluating the activity of the Prosecutor General.<\/p>\n<p>What changes will the current amendments undergo through the second reading, and whether the PG resigns or is dismissed &#8211; those are the next big questions.<\/p>\n<p>Photo: parlament.md<\/p>\n","protected":false},"excerpt":{"rendered":"<p><span class=\"span-reading-time rt-reading-time\" style=\"display: block;\"><span class=\"rt-label rt-prefix\">Reading Time: <\/span> <span class=\"rt-time\"> 5<\/span> <span class=\"rt-label rt-postfix\">minutes<\/span><\/span>The newly elected government decided to take action regarding one of its main priorities, which was previously announced &#8211; the judicial reform. Namely, an amendment to the existing Law on the Office of the Prosecutor General (OPG) was voted through the first reading on August 13. The bill provides for introduction of a mechanism for [&hellip;]<\/p>\n","protected":false},"author":31,"featured_media":449596,"comment_status":"closed","ping_status":"closed","sticky":false,"template":"","format":"standard","meta":{"footnotes":""},"categories":[9,3,4,56],"tags":[1105,297,35,527,472,109,27,233,473,528],"class_list":["post-449595","post","type-post","status-publish","format-standard","has-post-thumbnail","hentry","category-justice","category-politics","category-society","category-reportaje","tag-bill","tag-expert","tag-important","tag-judicial","tag-judiciary","tag-law","tag-moldova","tag-parliament","tag-prosecutor-general","tag-reform"],"content_social_share":"<span class=\"span-reading-time rt-reading-time\" style=\"display: block;\"><span class=\"rt-label rt-prefix\">Reading Time: <\/span> <span class=\"rt-time\"> 5<\/span> <span class=\"rt-label rt-postfix\">minutes<\/span><\/span><p>The newly elected government decided to take action regarding one of its main priorities, which was previously announced &#8211; the judicial reform. Namely, an amendment to the existing <a href=\"http:\/\/parlament.md\/ProcesulLegislativ\/Proiectedeactelegislative\/tabid\/61\/LegislativId\/5572\/language\/ro-RO\/Default.aspx\">Law on the Office of the Prosecutor General (OPG)<\/a> was voted through the first reading on August 13. The bill provides for introduction of a <strong>mechanism for evaluating the performance of the Prosecutor General<\/strong>, as well as his <span style=\"color: #993300;\">dismissal following a proposal submitted by the Superior Council of Prosecutors<\/span> (SCP) in case he fails in his duties.<\/p>\n<p>The performance of the Prosecutor General would be evaluated once per year by a 5 members commission formed by the SCP. One member would be proposed by the President of the Republic of Moldova, the second by the Ministry of Justice, the third by the Superior Council of Magistracy (SCM), the forth by the Superior Council of Prosecutors and the last one by the Prosecutor General (PG). In case at least 3 members of the SCP, the Performance Evaluation Commission or the President of the Republic of Moldova take the initiative, disciplinary proceedings may be brought against the Prosecutor General. If a criminal investigation is initiated, an interim PG is appointed by the SCP.<\/p>\n<p>The authors of the bill (MPs of the Party of Action and Solidarity) <a href=\"https:\/\/multimedia.parlament.md\/modificarile-la-legea-cu-privire-la-procuratura-au-fost-votate-in-prima-lectura-cu-59-de-voturi-ale-deputatilor\/\">claimed<\/a> that the proposed changes would not affect the independence and autonomy of the OPG and that of the Prosecutor General, as the Superior Council of Prosecutors has the decisive role in making the decision. <em>&#8220;The introduction of regulations on the evaluation of the Prosecutor General&#8217;s performance, as well as regulations on the application of disciplinary liability to the Prosecutor General comes to ensure accountability of the institution, and establishes a balance of power and control between the Prosecutor General and the Superior Council of Prosecutors,&#8221;<\/em> the authors of the bill <a href=\"https:\/\/multimedia.parlament.md\/modificarile-la-legea-cu-privire-la-procuratura-au-fost-votate-in-prima-lectura-cu-59-de-voturi-ale-deputatilor\/\">said<\/a>.<\/p>\n<p>During the same plenary session, MPs supported through the first reading the amendment to the <a href=\"http:\/\/parlament.md\/ProcesulLegislativ\/Proiectedeactelegislative\/tabid\/61\/LegislativId\/5571\/language\/ro-RO\/Default.aspx\">normative acts<\/a> providing for the election and appointment of members in the <strong>Superior Council of Magistracy<\/strong> and the <strong>Superior Council of Prosecutors<\/strong>. The candidates of both councils are required to hold office for at least 3 years and not to be penalised in the last 3 years. Six members of the SCM would be elected by the General Assembly of Judges, next to three ex officio members and three law professors appointed by Parliament.<\/p>\n<p>At the same time, the proposed amendments seek to<span style=\"color: #993300;\"> reduce the number of the SCP members from 15 to 12<\/span>, by excluding the Prosecutor General, the Chief Prosecutor of the ATU (Autonomous Territorial Unit) Gagauzia Prosecutor&#8217;s Office and the President of the Lawyers Union.<\/p>\n<p>The Parliamentary Committee in charge of Legal Affairs, Appointments and Immunities <a href=\"https:\/\/multimedia.parlament.md\/comisia-juridica-numiri-si-imunitati-invita-la-consultari-publice\/\">invited<\/a> all interested parties to public consultations, on 18 August, regarding the previously mentioned bills, after civil society organizations have made a public request to organize <em>&#8220;genuine and inclusive public consultations, in strict compliance with the legislation on transparency in decision-making.&#8221;<\/em><\/p>\n<h3>A smart move or a hasty reform?<\/h3>\n<p>The modifications to the Law on the Office of the Prosecutor General approved in Parliament were criticised by some experts, despite the fact that Sergiu Litvinenco, the main promoter and the one who initiated the bill, <a href=\"https:\/\/www.facebook.com\/profile.php?id=100015463279463\">argued<\/a> that <em>&#8220;the changes contain sufficient guarantees to ensure correct procedures both in the case of performance evaluation and in the case of disciplinary procedure.&#8221;<\/em><\/p>\n<p>The president of the Center for Legal Resources of Moldova, <strong>Vladislav Gribincea<\/strong>, <a href=\"https:\/\/www.facebook.com\/vladislav.gribincea\">declared<\/a> that amending the Law on the Office of the Prosecutor General every time the government does not like the prosecutor general <em>&#8220;creates dangerous circumstances and puts the Prosecutor General at the mercy of politicians.&#8221;<\/em><\/p>\n<blockquote><p>&#8221; No matter how well-intentioned politicians may be, a politically dependent prosecutor could be more dangerous than one with modest performance.&#8221;<\/p><\/blockquote>\n<p>The expert also <a href=\"https:\/\/www.facebook.com\/vladislav.gribincea\">said<\/a>\u00a0 that the modifications make no sense, as long as the dismissal of the Prosecutor General can be initiated only by the Superior Council of Prosecutors &#8211; a representative and self-administered body of prosecutors. <em>&#8220;The SCP has not made proposals for dismissal, not even for disciplinary sanctions on much more critical situations committed by prosecutors. I do not see how this mechanism will lead to the de facto dismissal of Mr. Stoianoglo. I rather see this as a legislative pirouette, in order to further intensify the pressure on the General Prosecutor, causing him to leave.&#8221;<\/em><\/p>\n<p>Former President of the Constitutional Court, <strong>Alexandru Tanase<\/strong>, <a href=\"https:\/\/tv8.md\/2021\/08\/11\/video-proiectul-lui-litvinenco-care-prevede-posibilitatea-demiterii-procurorului-general-criticat-de-experti\/\">stated<\/a> that <em>&#8220;although it contains high standards in the organization of the Office of the Prosecutor General, changing the rules of the game without changing people, does not generate any results.&#8221;<\/em><\/p>\n<p><em>&#8220;The Venice Commission needs to be consulted, and the EU needs to make sure that the government does not make mistakes with this hasty reform,&#8221;<\/em> <a href=\"https:\/\/www.facebook.com\/dionis.cenusa\">claimed<\/a> the expert <strong>Dionis Cenusa<\/strong>.<\/p>\n<p>The OPG <a href=\"http:\/\/procuratura.md\/md\/newslst\/1211\/1\/8654\/\">response<\/a> was transcendent, still superficial: <em>&#8220;The level of understanding by the current government of the principles of the rule of law is unexpectedly weak and, at the moment, we do not see the point of commenting on anything. The OPG response to any attack on its institutional and procedural independence will be proportionate to the seriousness of such attacks.&#8221;<\/em> Regarding that, Vladislav Gribincea commented that there could not have been <em>&#8220;a more inappropriate reaction of the OPG. The only tool of the institution is to file criminal cases against politicians. I think that is the last thing the Office of the Prosecutor General needs now.&#8221;<\/em><\/p>\n<p>According to WatchDog expert <strong>Valeriu Pasa<\/strong>, the new law proposes to remove the SCP from the control of prosecutor, but that does not mean handing it over to politicians. <em>&#8220;Civil society, academic environment, the ombudsman will participate in the process. Still, the largest number of members (5 out of 12) will be prosecutors. No one would have full control, as it is now. That would mean a much more balanced system,&#8221;<\/em> he <a href=\"https:\/\/www.facebook.com\/pasha.valeriu\">explained<\/a>.<\/p>\n<blockquote><p>&#8220;Consolidating the system formed and led by the puppets of Plahotniuc and Platon is stupid. For the Party of Action and Solidarity that would be a political suicide. Is there a risk of political subordination of decisions taken by prosecutors and judges? Of course! And that must be the red line. The only safeguard against these abuses is the self-control of the new government and the strict monitoring of civil society and external partners, but\u00a0 also of the parliamentary and extra-parliamentary opposition. If Plahotniuc&#8217;s control over judiciary gets replaced by the PAS&#8217;s control &#8211; everything has been in vain.&#8221;<\/p><\/blockquote>\n<p>The expert believes that the current Prosecutor General, <strong>Alexandru Stoianoglo<\/strong>, must resign because he has been elected through a vicious procedure intentionally organised by socialists. Another important reason is his inactivity concerning important investigations, the l<span style=\"color: #993300;\">ack of progress when it comes to sanctioning or holding people accountable for major abuses,<\/span> as it is the case of Veaceslav Platon or Ilan Shor, who left the country without any impediments. This was one of the arguments of the current government as well, in addition to the intention to bring the law into line with the Constitution in order to establish a mechanism for evaluating the activity of the Prosecutor General.<\/p>\n<p>What changes will the current amendments undergo through the second reading, and whether the PG resigns or is dismissed &#8211; those are the next big questions.<\/p>\n<p>Photo: parlament.md<\/p>\n<div class='heateorSssClear'><\/div><div  class='heateor_sss_sharing_container heateor_sss_horizontal_sharing' data-heateor-sss-href='https:\/\/www.moldova.org\/en\/changing-the-judiciary-or-replacing-the-prosecutor-general-what-starts-a-successful-judicial-reform\/' data-heateor-sss-no-counts=\"1\"><div class='heateor_sss_sharing_title' style=\"font-weight:bold\" ><\/div><div class=\"heateor_sss_sharing_ul\"><a aria-label=\"Facebook\" class=\"heateor_sss_facebook\" href=\"https:\/\/www.facebook.com\/sharer\/sharer.php?u=https%3A%2F%2Fwww.moldova.org%2Fen%2Fchanging-the-judiciary-or-replacing-the-prosecutor-general-what-starts-a-successful-judicial-reform%2F\" title=\"Facebook\" rel=\"nofollow noopener\" target=\"_blank\" style=\"font-size:32px!important;box-shadow:none;display:inline-block;vertical-align:middle\"><span class=\"heateor_sss_svg\" style=\"background-color:#0765FE;width:100px;height:35px;display:inline-block;opacity:1;float:left;font-size:32px;box-shadow:none;display:inline-block;font-size:16px;padding:0 4px;vertical-align:middle;background-repeat:repeat;overflow:hidden;padding:0;cursor:pointer;box-sizing:content-box\"><svg style=\"display:block;\" focusable=\"false\" aria-hidden=\"true\" xmlns=\"http:\/\/www.w3.org\/2000\/svg\" width=\"100%\" height=\"100%\" viewBox=\"0 0 32 32\"><path fill=\"#fff\" d=\"M28 16c0-6.627-5.373-12-12-12S4 9.373 4 16c0 5.628 3.875 10.35 9.101 11.647v-7.98h-2.474V16H13.1v-1.58c0-4.085 1.849-5.978 5.859-5.978.76 0 2.072.15 2.608.298v3.325c-.283-.03-.775-.045-1.386-.045-1.967 0-2.728.745-2.728 2.683V16h3.92l-.673 3.667h-3.247v8.245C23.395 27.195 28 22.135 28 16Z\"><\/path><\/svg><\/span><\/a><a aria-label=\"Twitter\" class=\"heateor_sss_button_twitter\" href=\"https:\/\/twitter.com\/intent\/tweet?text=Changing%20the%20judiciary%20or%20replacing%20the%20Prosecutor%20General%20-%20what%20starts%20a%20successful%20judicial%20reform%3F&url=https%3A%2F%2Fwww.moldova.org%2Fen%2Fchanging-the-judiciary-or-replacing-the-prosecutor-general-what-starts-a-successful-judicial-reform%2F\" title=\"Twitter\" rel=\"nofollow noopener\" target=\"_blank\" style=\"font-size:32px!important;box-shadow:none;display:inline-block;vertical-align:middle\"><span class=\"heateor_sss_svg heateor_sss_s__default heateor_sss_s_twitter\" style=\"background-color:#55acee;width:100px;height:35px;display:inline-block;opacity:1;float:left;font-size:32px;box-shadow:none;display:inline-block;font-size:16px;padding:0 4px;vertical-align:middle;background-repeat:repeat;overflow:hidden;padding:0;cursor:pointer;box-sizing:content-box\"><svg style=\"display:block;\" focusable=\"false\" aria-hidden=\"true\" xmlns=\"http:\/\/www.w3.org\/2000\/svg\" width=\"100%\" height=\"100%\" viewBox=\"-4 -4 39 39\"><path d=\"M28 8.557a9.913 9.913 0 0 1-2.828.775 4.93 4.93 0 0 0 2.166-2.725 9.738 9.738 0 0 1-3.13 1.194 4.92 4.92 0 0 0-3.593-1.55 4.924 4.924 0 0 0-4.794 6.049c-4.09-.21-7.72-2.17-10.15-5.15a4.942 4.942 0 0 0-.665 2.477c0 1.71.87 3.214 2.19 4.1a4.968 4.968 0 0 1-2.23-.616v.06c0 2.39 1.7 4.38 3.952 4.83-.414.115-.85.174-1.297.174-.318 0-.626-.03-.928-.086a4.935 4.935 0 0 0 4.6 3.42 9.893 9.893 0 0 1-6.114 2.107c-.398 0-.79-.023-1.175-.068a13.953 13.953 0 0 0 7.55 2.213c9.056 0 14.01-7.507 14.01-14.013 0-.213-.005-.426-.015-.637.96-.695 1.795-1.56 2.455-2.55z\" fill=\"#fff\"><\/path><\/svg><\/span><\/a><a aria-label=\"Odnoklassniki\" class=\"heateor_sss_button_odnoklassniki\" href=\"https:\/\/connect.ok.ru\/dk?cmd=WidgetSharePreview&st.cmd=WidgetSharePreview&st.shareUrl=https%3A%2F%2Fwww.moldova.org%2Fen%2Fchanging-the-judiciary-or-replacing-the-prosecutor-general-what-starts-a-successful-judicial-reform%2F&st.client_id=-1\" title=\"Odnoklassniki\" rel=\"nofollow noopener\" target=\"_blank\" style=\"font-size:32px!important;box-shadow:none;display:inline-block;vertical-align:middle\"><span class=\"heateor_sss_svg heateor_sss_s__default heateor_sss_s_odnoklassniki\" style=\"background-color:#f2720c;width:100px;height:35px;display:inline-block;opacity:1;float:left;font-size:32px;box-shadow:none;display:inline-block;font-size:16px;padding:0 4px;vertical-align:middle;background-repeat:repeat;overflow:hidden;padding:0;cursor:pointer;box-sizing:content-box\"><svg style=\"display:block;\" focusable=\"false\" aria-hidden=\"true\" xmlns=\"http:\/\/www.w3.org\/2000\/svg\" width=\"100%\" height=\"100%\" viewBox=\"0 0 32 32\"><path fill=\"#fff\" d=\"M16 16.16a6.579 6.579 0 0 1-6.58-6.58A6.578 6.578 0 0 1 16 3a6.58 6.58 0 1 1 .002 13.16zm0-9.817a3.235 3.235 0 0 0-3.236 3.237 3.234 3.234 0 0 0 3.237 3.236 3.236 3.236 0 1 0 .004-6.473zm7.586 10.62c.647 1.3-.084 1.93-1.735 2.99-1.395.9-3.313 1.238-4.564 1.368l1.048 1.05 3.877 3.88c.59.59.59 1.543 0 2.133l-.177.18c-.59.59-1.544.59-2.134 0l-3.88-3.88-3.877 3.88c-.59.59-1.543.59-2.135 0l-.176-.18a1.505 1.505 0 0 1 0-2.132l3.88-3.877 1.042-1.046c-1.25-.127-3.19-.465-4.6-1.37-1.65-1.062-2.38-1.69-1.733-2.99.37-.747 1.4-1.367 2.768-.29C13.035 18.13 16 18.13 16 18.13s2.968 0 4.818-1.456c1.368-1.077 2.4-.457 2.768.29z\"><\/path><\/svg><\/span><\/a><a aria-label=\"Telegram\" class=\"heateor_sss_button_telegram\" href=\"https:\/\/telegram.me\/share\/url?url=https%3A%2F%2Fwww.moldova.org%2Fen%2Fchanging-the-judiciary-or-replacing-the-prosecutor-general-what-starts-a-successful-judicial-reform%2F&text=Changing%20the%20judiciary%20or%20replacing%20the%20Prosecutor%20General%20-%20what%20starts%20a%20successful%20judicial%20reform%3F\" title=\"Telegram\" rel=\"nofollow noopener\" target=\"_blank\" style=\"font-size:32px!important;box-shadow:none;display:inline-block;vertical-align:middle\"><span class=\"heateor_sss_svg heateor_sss_s__default heateor_sss_s_telegram\" style=\"background-color:#3da5f1;width:100px;height:35px;display:inline-block;opacity:1;float:left;font-size:32px;box-shadow:none;display:inline-block;font-size:16px;padding:0 4px;vertical-align:middle;background-repeat:repeat;overflow:hidden;padding:0;cursor:pointer;box-sizing:content-box\"><svg style=\"display:block;\" focusable=\"false\" aria-hidden=\"true\" xmlns=\"http:\/\/www.w3.org\/2000\/svg\" width=\"100%\" height=\"100%\" viewBox=\"0 0 32 32\"><path fill=\"#fff\" d=\"M25.515 6.896L6.027 14.41c-1.33.534-1.322 1.276-.243 1.606l5 1.56 1.72 5.66c.226.625.115.873.77.873.506 0 .73-.235 1.012-.51l2.43-2.363 5.056 3.734c.93.514 1.602.25 1.834-.863l3.32-15.638c.338-1.363-.52-1.98-1.41-1.577z\"><\/path><\/svg><\/span><\/a><\/div><div class=\"heateorSssClear\"><\/div><\/div><div class='heateorSssClear'><\/div>","yoast_head":"<!-- This site is optimized with the Yoast SEO plugin v27.5 - https:\/\/yoast.com\/product\/yoast-seo-wordpress\/ -->\n<title>Changing the judiciary or replacing the Prosecutor General - what starts a successful judicial reform? - Moldova.org<\/title>\n<meta name=\"robots\" content=\"index, follow, max-snippet:-1, max-image-preview:large, max-video-preview:-1\" \/>\n<link rel=\"canonical\" href=\"https:\/\/www.moldova.org\/en\/changing-the-judiciary-or-replacing-the-prosecutor-general-what-starts-a-successful-judicial-reform\/\" \/>\n<meta name=\"twitter:label1\" content=\"Written by\" \/>\n\t<meta name=\"twitter:data1\" content=\"Maria Dulgher\" \/>\n\t<meta name=\"twitter:label2\" content=\"Estimated reading time\" \/>\n\t<meta name=\"twitter:data2\" content=\"6 minutes\" \/>\n<script type=\"application\/ld+json\" class=\"yoast-schema-graph\">{\"@context\":\"https:\\\/\\\/schema.org\",\"@graph\":[{\"@type\":\"Article\",\"@id\":\"https:\\\/\\\/www.moldova.org\\\/en\\\/changing-the-judiciary-or-replacing-the-prosecutor-general-what-starts-a-successful-judicial-reform\\\/#article\",\"isPartOf\":{\"@id\":\"https:\\\/\\\/www.moldova.org\\\/en\\\/changing-the-judiciary-or-replacing-the-prosecutor-general-what-starts-a-successful-judicial-reform\\\/\"},\"author\":{\"name\":\"Maria Dulgher\",\"@id\":\"https:\\\/\\\/www.moldova.org\\\/en\\\/#\\\/schema\\\/person\\\/4cd49a1f49c7d48a105c8a4cb7e3a2bf\"},\"headline\":\"Changing the judiciary or replacing the Prosecutor General &#8211; what starts a successful judicial reform?\",\"datePublished\":\"2021-08-16T18:28:43+00:00\",\"dateModified\":\"2021-08-16T18:32:52+00:00\",\"mainEntityOfPage\":{\"@id\":\"https:\\\/\\\/www.moldova.org\\\/en\\\/changing-the-judiciary-or-replacing-the-prosecutor-general-what-starts-a-successful-judicial-reform\\\/\"},\"wordCount\":1212,\"image\":{\"@id\":\"https:\\\/\\\/www.moldova.org\\\/en\\\/changing-the-judiciary-or-replacing-the-prosecutor-general-what-starts-a-successful-judicial-reform\\\/#primaryimage\"},\"thumbnailUrl\":\"https:\\\/\\\/www.moldova.org\\\/en\\\/wp-content\\\/uploads\\\/sites\\\/2\\\/2021\\\/08\\\/voting.jpg\",\"keywords\":[\"bill\",\"Expert\",\"Important\",\"judicial\",\"Judiciary\",\"law\",\"Moldova\",\"parliament\",\"Prosecutor General\",\"reform\"],\"articleSection\":[\"Justice\",\"Politics\",\"Society\",\"Stories\"],\"inLanguage\":\"en-GB\"},{\"@type\":\"WebPage\",\"@id\":\"https:\\\/\\\/www.moldova.org\\\/en\\\/changing-the-judiciary-or-replacing-the-prosecutor-general-what-starts-a-successful-judicial-reform\\\/\",\"url\":\"https:\\\/\\\/www.moldova.org\\\/en\\\/changing-the-judiciary-or-replacing-the-prosecutor-general-what-starts-a-successful-judicial-reform\\\/\",\"name\":\"Changing the judiciary or replacing the Prosecutor General - what starts a successful judicial reform? - Moldova.org\",\"isPartOf\":{\"@id\":\"https:\\\/\\\/www.moldova.org\\\/en\\\/#website\"},\"primaryImageOfPage\":{\"@id\":\"https:\\\/\\\/www.moldova.org\\\/en\\\/changing-the-judiciary-or-replacing-the-prosecutor-general-what-starts-a-successful-judicial-reform\\\/#primaryimage\"},\"image\":{\"@id\":\"https:\\\/\\\/www.moldova.org\\\/en\\\/changing-the-judiciary-or-replacing-the-prosecutor-general-what-starts-a-successful-judicial-reform\\\/#primaryimage\"},\"thumbnailUrl\":\"https:\\\/\\\/www.moldova.org\\\/en\\\/wp-content\\\/uploads\\\/sites\\\/2\\\/2021\\\/08\\\/voting.jpg\",\"datePublished\":\"2021-08-16T18:28:43+00:00\",\"dateModified\":\"2021-08-16T18:32:52+00:00\",\"author\":{\"@id\":\"https:\\\/\\\/www.moldova.org\\\/en\\\/#\\\/schema\\\/person\\\/4cd49a1f49c7d48a105c8a4cb7e3a2bf\"},\"breadcrumb\":{\"@id\":\"https:\\\/\\\/www.moldova.org\\\/en\\\/changing-the-judiciary-or-replacing-the-prosecutor-general-what-starts-a-successful-judicial-reform\\\/#breadcrumb\"},\"inLanguage\":\"en-GB\",\"potentialAction\":[{\"@type\":\"ReadAction\",\"target\":[\"https:\\\/\\\/www.moldova.org\\\/en\\\/changing-the-judiciary-or-replacing-the-prosecutor-general-what-starts-a-successful-judicial-reform\\\/\"]}]},{\"@type\":\"ImageObject\",\"inLanguage\":\"en-GB\",\"@id\":\"https:\\\/\\\/www.moldova.org\\\/en\\\/changing-the-judiciary-or-replacing-the-prosecutor-general-what-starts-a-successful-judicial-reform\\\/#primaryimage\",\"url\":\"https:\\\/\\\/www.moldova.org\\\/en\\\/wp-content\\\/uploads\\\/sites\\\/2\\\/2021\\\/08\\\/voting.jpg\",\"contentUrl\":\"https:\\\/\\\/www.moldova.org\\\/en\\\/wp-content\\\/uploads\\\/sites\\\/2\\\/2021\\\/08\\\/voting.jpg\",\"width\":1440,\"height\":959},{\"@type\":\"BreadcrumbList\",\"@id\":\"https:\\\/\\\/www.moldova.org\\\/en\\\/changing-the-judiciary-or-replacing-the-prosecutor-general-what-starts-a-successful-judicial-reform\\\/#breadcrumb\",\"itemListElement\":[{\"@type\":\"ListItem\",\"position\":1,\"name\":\"Home\",\"item\":\"https:\\\/\\\/www.moldova.org\\\/en\\\/\"},{\"@type\":\"ListItem\",\"position\":2,\"name\":\"Changing the judiciary or replacing the Prosecutor General &#8211; what starts a successful judicial reform?\"}]},{\"@type\":\"WebSite\",\"@id\":\"https:\\\/\\\/www.moldova.org\\\/en\\\/#website\",\"url\":\"https:\\\/\\\/www.moldova.org\\\/en\\\/\",\"name\":\"Moldova.org\",\"description\":\"The first news website of Moldova\",\"potentialAction\":[{\"@type\":\"SearchAction\",\"target\":{\"@type\":\"EntryPoint\",\"urlTemplate\":\"https:\\\/\\\/www.moldova.org\\\/en\\\/?s={search_term_string}\"},\"query-input\":{\"@type\":\"PropertyValueSpecification\",\"valueRequired\":true,\"valueName\":\"search_term_string\"}}],\"inLanguage\":\"en-GB\"},{\"@type\":\"Person\",\"@id\":\"https:\\\/\\\/www.moldova.org\\\/en\\\/#\\\/schema\\\/person\\\/4cd49a1f49c7d48a105c8a4cb7e3a2bf\",\"name\":\"Maria Dulgher\",\"image\":{\"@type\":\"ImageObject\",\"inLanguage\":\"en-GB\",\"@id\":\"https:\\\/\\\/secure.gravatar.com\\\/avatar\\\/845882001991bde511a90853b5102f4286c0293237ace764fffc0d327a09702d?s=96&d=mm&r=g\",\"url\":\"https:\\\/\\\/secure.gravatar.com\\\/avatar\\\/845882001991bde511a90853b5102f4286c0293237ace764fffc0d327a09702d?s=96&d=mm&r=g\",\"contentUrl\":\"https:\\\/\\\/secure.gravatar.com\\\/avatar\\\/845882001991bde511a90853b5102f4286c0293237ace764fffc0d327a09702d?s=96&d=mm&r=g\",\"caption\":\"Maria Dulgher\"},\"description\":\"Jurnalist\u0103 that speaks English very well. De aia Maria are grij\u0103 c\u0103 prietenii no\u0219tri str\u0103ini s\u0103 nu piard\u0103 nicio informa\u021bie valoroas\u0103 despre actualitatea din Moldova.\",\"sameAs\":[\"https:\\\/\\\/www.facebook.com\\\/mariuta.dulgher\",\"https:\\\/\\\/www.instagram.com\\\/marie.dulgher\\\/\",\"https:\\\/\\\/www.linkedin.com\\\/in\\\/maria-dulgher-4a9a2bb2\\\/\"],\"url\":\"https:\\\/\\\/www.moldova.org\\\/en\\\/author\\\/mariadulgher\\\/\"}]}<\/script>\n<!-- \/ Yoast SEO plugin. -->","yoast_head_json":{"title":"Changing the judiciary or replacing the Prosecutor General - what starts a successful judicial reform? - Moldova.org","robots":{"index":"index","follow":"follow","max-snippet":"max-snippet:-1","max-image-preview":"max-image-preview:large","max-video-preview":"max-video-preview:-1"},"canonical":"https:\/\/www.moldova.org\/en\/changing-the-judiciary-or-replacing-the-prosecutor-general-what-starts-a-successful-judicial-reform\/","twitter_misc":{"Written by":"Maria Dulgher","Estimated reading time":"6 minutes"},"schema":{"@context":"https:\/\/schema.org","@graph":[{"@type":"Article","@id":"https:\/\/www.moldova.org\/en\/changing-the-judiciary-or-replacing-the-prosecutor-general-what-starts-a-successful-judicial-reform\/#article","isPartOf":{"@id":"https:\/\/www.moldova.org\/en\/changing-the-judiciary-or-replacing-the-prosecutor-general-what-starts-a-successful-judicial-reform\/"},"author":{"name":"Maria Dulgher","@id":"https:\/\/www.moldova.org\/en\/#\/schema\/person\/4cd49a1f49c7d48a105c8a4cb7e3a2bf"},"headline":"Changing the judiciary or replacing the Prosecutor General &#8211; what starts a successful judicial reform?","datePublished":"2021-08-16T18:28:43+00:00","dateModified":"2021-08-16T18:32:52+00:00","mainEntityOfPage":{"@id":"https:\/\/www.moldova.org\/en\/changing-the-judiciary-or-replacing-the-prosecutor-general-what-starts-a-successful-judicial-reform\/"},"wordCount":1212,"image":{"@id":"https:\/\/www.moldova.org\/en\/changing-the-judiciary-or-replacing-the-prosecutor-general-what-starts-a-successful-judicial-reform\/#primaryimage"},"thumbnailUrl":"https:\/\/www.moldova.org\/en\/wp-content\/uploads\/sites\/2\/2021\/08\/voting.jpg","keywords":["bill","Expert","Important","judicial","Judiciary","law","Moldova","parliament","Prosecutor General","reform"],"articleSection":["Justice","Politics","Society","Stories"],"inLanguage":"en-GB"},{"@type":"WebPage","@id":"https:\/\/www.moldova.org\/en\/changing-the-judiciary-or-replacing-the-prosecutor-general-what-starts-a-successful-judicial-reform\/","url":"https:\/\/www.moldova.org\/en\/changing-the-judiciary-or-replacing-the-prosecutor-general-what-starts-a-successful-judicial-reform\/","name":"Changing the judiciary or replacing the Prosecutor General - what starts a successful judicial reform? - Moldova.org","isPartOf":{"@id":"https:\/\/www.moldova.org\/en\/#website"},"primaryImageOfPage":{"@id":"https:\/\/www.moldova.org\/en\/changing-the-judiciary-or-replacing-the-prosecutor-general-what-starts-a-successful-judicial-reform\/#primaryimage"},"image":{"@id":"https:\/\/www.moldova.org\/en\/changing-the-judiciary-or-replacing-the-prosecutor-general-what-starts-a-successful-judicial-reform\/#primaryimage"},"thumbnailUrl":"https:\/\/www.moldova.org\/en\/wp-content\/uploads\/sites\/2\/2021\/08\/voting.jpg","datePublished":"2021-08-16T18:28:43+00:00","dateModified":"2021-08-16T18:32:52+00:00","author":{"@id":"https:\/\/www.moldova.org\/en\/#\/schema\/person\/4cd49a1f49c7d48a105c8a4cb7e3a2bf"},"breadcrumb":{"@id":"https:\/\/www.moldova.org\/en\/changing-the-judiciary-or-replacing-the-prosecutor-general-what-starts-a-successful-judicial-reform\/#breadcrumb"},"inLanguage":"en-GB","potentialAction":[{"@type":"ReadAction","target":["https:\/\/www.moldova.org\/en\/changing-the-judiciary-or-replacing-the-prosecutor-general-what-starts-a-successful-judicial-reform\/"]}]},{"@type":"ImageObject","inLanguage":"en-GB","@id":"https:\/\/www.moldova.org\/en\/changing-the-judiciary-or-replacing-the-prosecutor-general-what-starts-a-successful-judicial-reform\/#primaryimage","url":"https:\/\/www.moldova.org\/en\/wp-content\/uploads\/sites\/2\/2021\/08\/voting.jpg","contentUrl":"https:\/\/www.moldova.org\/en\/wp-content\/uploads\/sites\/2\/2021\/08\/voting.jpg","width":1440,"height":959},{"@type":"BreadcrumbList","@id":"https:\/\/www.moldova.org\/en\/changing-the-judiciary-or-replacing-the-prosecutor-general-what-starts-a-successful-judicial-reform\/#breadcrumb","itemListElement":[{"@type":"ListItem","position":1,"name":"Home","item":"https:\/\/www.moldova.org\/en\/"},{"@type":"ListItem","position":2,"name":"Changing the judiciary or replacing the Prosecutor General &#8211; what starts a successful judicial reform?"}]},{"@type":"WebSite","@id":"https:\/\/www.moldova.org\/en\/#website","url":"https:\/\/www.moldova.org\/en\/","name":"Moldova.org","description":"The first news website of Moldova","potentialAction":[{"@type":"SearchAction","target":{"@type":"EntryPoint","urlTemplate":"https:\/\/www.moldova.org\/en\/?s={search_term_string}"},"query-input":{"@type":"PropertyValueSpecification","valueRequired":true,"valueName":"search_term_string"}}],"inLanguage":"en-GB"},{"@type":"Person","@id":"https:\/\/www.moldova.org\/en\/#\/schema\/person\/4cd49a1f49c7d48a105c8a4cb7e3a2bf","name":"Maria Dulgher","image":{"@type":"ImageObject","inLanguage":"en-GB","@id":"https:\/\/secure.gravatar.com\/avatar\/845882001991bde511a90853b5102f4286c0293237ace764fffc0d327a09702d?s=96&d=mm&r=g","url":"https:\/\/secure.gravatar.com\/avatar\/845882001991bde511a90853b5102f4286c0293237ace764fffc0d327a09702d?s=96&d=mm&r=g","contentUrl":"https:\/\/secure.gravatar.com\/avatar\/845882001991bde511a90853b5102f4286c0293237ace764fffc0d327a09702d?s=96&d=mm&r=g","caption":"Maria Dulgher"},"description":"Jurnalist\u0103 that speaks English very well. De aia Maria are grij\u0103 c\u0103 prietenii no\u0219tri str\u0103ini s\u0103 nu piard\u0103 nicio informa\u021bie valoroas\u0103 despre actualitatea din Moldova.","sameAs":["https:\/\/www.facebook.com\/mariuta.dulgher","https:\/\/www.instagram.com\/marie.dulgher\/","https:\/\/www.linkedin.com\/in\/maria-dulgher-4a9a2bb2\/"],"url":"https:\/\/www.moldova.org\/en\/author\/mariadulgher\/"}]}},"_links":{"self":[{"href":"https:\/\/www.moldova.org\/en\/wp-json\/wp\/v2\/posts\/449595","targetHints":{"allow":["GET"]}}],"collection":[{"href":"https:\/\/www.moldova.org\/en\/wp-json\/wp\/v2\/posts"}],"about":[{"href":"https:\/\/www.moldova.org\/en\/wp-json\/wp\/v2\/types\/post"}],"author":[{"embeddable":true,"href":"https:\/\/www.moldova.org\/en\/wp-json\/wp\/v2\/users\/31"}],"replies":[{"embeddable":true,"href":"https:\/\/www.moldova.org\/en\/wp-json\/wp\/v2\/comments?post=449595"}],"version-history":[{"count":0,"href":"https:\/\/www.moldova.org\/en\/wp-json\/wp\/v2\/posts\/449595\/revisions"}],"wp:featuredmedia":[{"embeddable":true,"href":"https:\/\/www.moldova.org\/en\/wp-json\/wp\/v2\/media\/449596"}],"wp:attachment":[{"href":"https:\/\/www.moldova.org\/en\/wp-json\/wp\/v2\/media?parent=449595"}],"wp:term":[{"taxonomy":"category","embeddable":true,"href":"https:\/\/www.moldova.org\/en\/wp-json\/wp\/v2\/categories?post=449595"},{"taxonomy":"post_tag","embeddable":true,"href":"https:\/\/www.moldova.org\/en\/wp-json\/wp\/v2\/tags?post=449595"}],"curies":[{"name":"wp","href":"https:\/\/api.w.org\/{rel}","templated":true}]}}