{"id":449575,"date":"2021-08-06T16:06:35","date_gmt":"2021-08-06T16:06:35","guid":{"rendered":"https:\/\/www.moldova.org\/en\/?p=449575"},"modified":"2021-08-06T16:10:27","modified_gmt":"2021-08-06T16:10:27","slug":"gavrilitas-cabinet-of-ministers-was-approved-in-parliament","status":"publish","type":"post","link":"https:\/\/www.moldova.org\/en\/gavrilitas-cabinet-of-ministers-was-approved-in-parliament\/","title":{"rendered":"Gavrilita&#8217;s Cabinet of Ministers was approved in Parliament"},"content":{"rendered":"<span class=\"span-reading-time rt-reading-time\" style=\"display: block;\"><span class=\"rt-label rt-prefix\">Reading Time: <\/span> <span class=\"rt-time\"> 2<\/span> <span class=\"rt-label rt-postfix\">minutes<\/span><\/span><p>Today, <strong>61 Members of Parliament<\/strong> (MPs) <a href=\"http:\/\/parlament.md\/ProcesulLegislativ\/Proiectedeactelegislative\/tabid\/61\/LegislativId\/5559\/language\/ro-RO\/Default.aspx\">voted<\/a> in favour of the program and the composition of the Government led by Natalia Gavrilita. The new Cabinet of Ministers will have 13 ministries, instead of 9, as it has been so far. Four of the existing ministries are to be reformed.<em> &#8220;We will start our work immediately,&#8221;\u00a0<\/em><a href=\"https:\/\/www.privesc.eu\/arhiva\/95886\/Sedinta-Parlamentului-Republicii-Moldova-din-6-august-2021\">claimed<\/a> the newly elected prime minister while receiving congratulations.<\/p>\n<blockquote><p><em>&#8220;We will clean the state institutions of corrupt people. We will do everything possible for the judiciary to clean itself of interest groups that sell decisions and protect thieves. We will do everything possible to recover money from billions and other schemes. We will aim at confiscating the assets of the corrupt and that money we will use to repair schools, asylums, culture centres and roads.&#8221;<\/em><\/p><\/blockquote>\n<p>The program of the Government includes the following directions: justice and anti-corruption; economy and entrepreneurship; infrastructure and regional development; health; social protection and work; public finances; agriculture; environment protection; public administration and local autonomy; education and research; culture; youth and sports; free media; diaspora policies; external politics; internal affairs; security and defence; and reintegration of the country.<\/p>\n<p>The Gavrilita Government announced its priorities for\u00a0the first months of its term: <strong>effective management of the health crisis caused by the COVID-19 pandemic, the justice reform and anti-corruption package, population incomes increase, social protection of vulnerable groups, and restoring external financing.<\/strong><\/p>\n<p><span style=\"color: #000080;\"><strong>See also:<\/strong> <a style=\"color: #000080;\" href=\"https:\/\/www.moldova.org\/en\/natalia-gavrilita-the-old-and-new-candidate-for-the-position-of-pm\/\">Natalia Gavrilita \u2013 the old and new candidate for the position of PM<\/a><\/span><\/p>\n<p>Next, Prime Minister Natalia Gavrilita and the new Cabinet of Ministers <span style=\"color: #993300;\"><a style=\"color: #993300;\" href=\"https:\/\/www.privesc.eu\/arhiva\/95894\/Ceremonia-de-depunere-a-juramantului-de-catre-membrii-Guvernului-condus-de-Natalia-Gavrilita\">took the oath<\/a> before the President of the Republic of Moldova, Maia Sandu.<\/span><\/p>\n<div id=\"attachment_449577\" style=\"width: 1610px\" class=\"wp-caption alignnone\"><img fetchpriority=\"high\" decoding=\"async\" aria-describedby=\"caption-attachment-449577\" class=\"wp-image-449577 size-full\" src=\"https:\/\/www.moldova.org\/en\/wp-content\/uploads\/sites\/2\/2021\/08\/cabinet.jpg\" alt=\"\" width=\"1600\" height=\"1067\" srcset=\"https:\/\/www.moldova.org\/en\/wp-content\/uploads\/sites\/2\/2021\/08\/cabinet.jpg 1600w, https:\/\/www.moldova.org\/en\/wp-content\/uploads\/sites\/2\/2021\/08\/cabinet-300x200.jpg 300w, https:\/\/www.moldova.org\/en\/wp-content\/uploads\/sites\/2\/2021\/08\/cabinet-768x512.jpg 768w, https:\/\/www.moldova.org\/en\/wp-content\/uploads\/sites\/2\/2021\/08\/cabinet-1536x1024.jpg 1536w, https:\/\/www.moldova.org\/en\/wp-content\/uploads\/sites\/2\/2021\/08\/cabinet-1250x834.jpg 1250w, https:\/\/www.moldova.org\/en\/wp-content\/uploads\/sites\/2\/2021\/08\/cabinet-400x267.jpg 400w\" sizes=\"(max-width: 1600px) 100vw, 1600px\" \/><p id=\"caption-attachment-449577\" class=\"wp-caption-text\">Source: Natalia Gavrilita| Facebook<\/p><\/div>\n<p>President <strong>Maia Sandu<\/strong> congratulated the Government team, saying that she puts her trust in the professionalism and capabilities of the team led by Natalia Gavrilita. <em>&#8220;The challenges are great and the expectations are even higher. All the knowledge and experience you have gained so far was just a preparatory stage for this important mission. You have all of my support, the support of Parliament and that of our strategic partners, but it is very important that you also have the support of citizens. Be close to people, talk to them and make any decision based on the interests and needs of citizens. I wish you to do your job with honour, with dignity and with a lot of courage!&#8221;<\/em> <a href=\"https:\/\/www.privesc.eu\/arhiva\/95894\/Ceremonia-de-depunere-a-juramantului-de-catre-membrii-Guvernului-condus-de-Natalia-Gavrilita\">declared<\/a> the head of state.<\/p>\n<p>According to the Constitution, the President of the Republic of Moldova appoints the Government based on the vote of confidence granted by Parliament. The Cabinet of Ministers takes office on the day the oath is taken before the head of state.<\/p>\n<p>Photo: Natalia Gavrilita| Facebook<\/p>\n","protected":false},"excerpt":{"rendered":"<p><span class=\"span-reading-time rt-reading-time\" style=\"display: block;\"><span class=\"rt-label rt-prefix\">Reading Time: <\/span> <span class=\"rt-time\"> 2<\/span> <span class=\"rt-label rt-postfix\">minutes<\/span><\/span>Today, 61 Members of Parliament (MPs) voted in favour of the program and the composition of the Government led by Natalia Gavrilita. The new Cabinet of Ministers will have 13 ministries, instead of 9, as it has been so far. Four of the existing ministries are to be reformed. &#8220;We will start our work immediately,&#8221;\u00a0claimed [&hellip;]<\/p>\n","protected":false},"author":31,"featured_media":449579,"comment_status":"closed","ping_status":"closed","sticky":false,"template":"","format":"standard","meta":{"footnotes":""},"categories":[3,4],"tags":[1100,80,35,1099,27,233,450],"class_list":["post-449575","post","type-post","status-publish","format-standard","has-post-thumbnail","hentry","category-politics","category-society","tag-cabinet","tag-government","tag-important","tag-ministries","tag-moldova","tag-parliament","tag-vote"],"content_social_share":"<span class=\"span-reading-time rt-reading-time\" style=\"display: block;\"><span class=\"rt-label rt-prefix\">Reading Time: <\/span> <span class=\"rt-time\"> 2<\/span> <span class=\"rt-label rt-postfix\">minutes<\/span><\/span><p>Today, <strong>61 Members of Parliament<\/strong> (MPs) <a href=\"http:\/\/parlament.md\/ProcesulLegislativ\/Proiectedeactelegislative\/tabid\/61\/LegislativId\/5559\/language\/ro-RO\/Default.aspx\">voted<\/a> in favour of the program and the composition of the Government led by Natalia Gavrilita. The new Cabinet of Ministers will have 13 ministries, instead of 9, as it has been so far. Four of the existing ministries are to be reformed.<em> &#8220;We will start our work immediately,&#8221;\u00a0<\/em><a href=\"https:\/\/www.privesc.eu\/arhiva\/95886\/Sedinta-Parlamentului-Republicii-Moldova-din-6-august-2021\">claimed<\/a> the newly elected prime minister while receiving congratulations.<\/p>\n<blockquote><p><em>&#8220;We will clean the state institutions of corrupt people. We will do everything possible for the judiciary to clean itself of interest groups that sell decisions and protect thieves. We will do everything possible to recover money from billions and other schemes. We will aim at confiscating the assets of the corrupt and that money we will use to repair schools, asylums, culture centres and roads.&#8221;<\/em><\/p><\/blockquote>\n<p>The program of the Government includes the following directions: justice and anti-corruption; economy and entrepreneurship; infrastructure and regional development; health; social protection and work; public finances; agriculture; environment protection; public administration and local autonomy; education and research; culture; youth and sports; free media; diaspora policies; external politics; internal affairs; security and defence; and reintegration of the country.<\/p>\n<p>The Gavrilita Government announced its priorities for\u00a0the first months of its term: <strong>effective management of the health crisis caused by the COVID-19 pandemic, the justice reform and anti-corruption package, population incomes increase, social protection of vulnerable groups, and restoring external financing.<\/strong><\/p>\n<p><span style=\"color: #000080;\"><strong>See also:<\/strong> <a style=\"color: #000080;\" href=\"https:\/\/www.moldova.org\/en\/natalia-gavrilita-the-old-and-new-candidate-for-the-position-of-pm\/\">Natalia Gavrilita \u2013 the old and new candidate for the position of PM<\/a><\/span><\/p>\n<p>Next, Prime Minister Natalia Gavrilita and the new Cabinet of Ministers <span style=\"color: #993300;\"><a style=\"color: #993300;\" href=\"https:\/\/www.privesc.eu\/arhiva\/95894\/Ceremonia-de-depunere-a-juramantului-de-catre-membrii-Guvernului-condus-de-Natalia-Gavrilita\">took the oath<\/a> before the President of the Republic of Moldova, Maia Sandu.<\/span><\/p>\n<div id=\"attachment_449577\" style=\"width: 1610px\" class=\"wp-caption alignnone\"><img fetchpriority=\"high\" decoding=\"async\" aria-describedby=\"caption-attachment-449577\" class=\"wp-image-449577 size-full\" src=\"https:\/\/www.moldova.org\/en\/wp-content\/uploads\/sites\/2\/2021\/08\/cabinet.jpg\" alt=\"\" width=\"1600\" height=\"1067\" srcset=\"https:\/\/www.moldova.org\/en\/wp-content\/uploads\/sites\/2\/2021\/08\/cabinet.jpg 1600w, https:\/\/www.moldova.org\/en\/wp-content\/uploads\/sites\/2\/2021\/08\/cabinet-300x200.jpg 300w, https:\/\/www.moldova.org\/en\/wp-content\/uploads\/sites\/2\/2021\/08\/cabinet-768x512.jpg 768w, https:\/\/www.moldova.org\/en\/wp-content\/uploads\/sites\/2\/2021\/08\/cabinet-1536x1024.jpg 1536w, https:\/\/www.moldova.org\/en\/wp-content\/uploads\/sites\/2\/2021\/08\/cabinet-1250x834.jpg 1250w, https:\/\/www.moldova.org\/en\/wp-content\/uploads\/sites\/2\/2021\/08\/cabinet-400x267.jpg 400w\" sizes=\"(max-width: 1600px) 100vw, 1600px\" \/><p id=\"caption-attachment-449577\" class=\"wp-caption-text\">Source: Natalia Gavrilita| Facebook<\/p><\/div>\n<p>President <strong>Maia Sandu<\/strong> congratulated the Government team, saying that she puts her trust in the professionalism and capabilities of the team led by Natalia Gavrilita. <em>&#8220;The challenges are great and the expectations are even higher. All the knowledge and experience you have gained so far was just a preparatory stage for this important mission. You have all of my support, the support of Parliament and that of our strategic partners, but it is very important that you also have the support of citizens. Be close to people, talk to them and make any decision based on the interests and needs of citizens. I wish you to do your job with honour, with dignity and with a lot of courage!&#8221;<\/em> <a href=\"https:\/\/www.privesc.eu\/arhiva\/95894\/Ceremonia-de-depunere-a-juramantului-de-catre-membrii-Guvernului-condus-de-Natalia-Gavrilita\">declared<\/a> the head of state.<\/p>\n<p>According to the Constitution, the President of the Republic of Moldova appoints the Government based on the vote of confidence granted by Parliament. The Cabinet of Ministers takes office on the day the oath is taken before the head of state.<\/p>\n<p>Photo: Natalia Gavrilita| Facebook<\/p>\n<div class='heateorSssClear'><\/div><div  class='heateor_sss_sharing_container heateor_sss_horizontal_sharing' data-heateor-sss-href='https:\/\/www.moldova.org\/en\/gavrilitas-cabinet-of-ministers-was-approved-in-parliament\/' data-heateor-sss-no-counts=\"1\"><div class='heateor_sss_sharing_title' style=\"font-weight:bold\" ><\/div><div class=\"heateor_sss_sharing_ul\"><a aria-label=\"Facebook\" class=\"heateor_sss_facebook\" href=\"https:\/\/www.facebook.com\/sharer\/sharer.php?u=https%3A%2F%2Fwww.moldova.org%2Fen%2Fgavrilitas-cabinet-of-ministers-was-approved-in-parliament%2F\" title=\"Facebook\" rel=\"nofollow noopener\" target=\"_blank\" style=\"font-size:32px!important;box-shadow:none;display:inline-block;vertical-align:middle\"><span class=\"heateor_sss_svg\" style=\"background-color:#0765FE;width:100px;height:35px;display:inline-block;opacity:1;float:left;font-size:32px;box-shadow:none;display:inline-block;font-size:16px;padding:0 4px;vertical-align:middle;background-repeat:repeat;overflow:hidden;padding:0;cursor:pointer;box-sizing:content-box\"><svg style=\"display:block;\" focusable=\"false\" aria-hidden=\"true\" xmlns=\"http:\/\/www.w3.org\/2000\/svg\" width=\"100%\" height=\"100%\" viewBox=\"0 0 32 32\"><path fill=\"#fff\" d=\"M28 16c0-6.627-5.373-12-12-12S4 9.373 4 16c0 5.628 3.875 10.35 9.101 11.647v-7.98h-2.474V16H13.1v-1.58c0-4.085 1.849-5.978 5.859-5.978.76 0 2.072.15 2.608.298v3.325c-.283-.03-.775-.045-1.386-.045-1.967 0-2.728.745-2.728 2.683V16h3.92l-.673 3.667h-3.247v8.245C23.395 27.195 28 22.135 28 16Z\"><\/path><\/svg><\/span><\/a><a aria-label=\"Twitter\" class=\"heateor_sss_button_twitter\" href=\"https:\/\/twitter.com\/intent\/tweet?text=Gavrilita%27s%20Cabinet%20of%20Ministers%20was%20approved%20in%20Parliament&url=https%3A%2F%2Fwww.moldova.org%2Fen%2Fgavrilitas-cabinet-of-ministers-was-approved-in-parliament%2F\" title=\"Twitter\" rel=\"nofollow noopener\" target=\"_blank\" style=\"font-size:32px!important;box-shadow:none;display:inline-block;vertical-align:middle\"><span class=\"heateor_sss_svg heateor_sss_s__default heateor_sss_s_twitter\" style=\"background-color:#55acee;width:100px;height:35px;display:inline-block;opacity:1;float:left;font-size:32px;box-shadow:none;display:inline-block;font-size:16px;padding:0 4px;vertical-align:middle;background-repeat:repeat;overflow:hidden;padding:0;cursor:pointer;box-sizing:content-box\"><svg style=\"display:block;\" focusable=\"false\" aria-hidden=\"true\" xmlns=\"http:\/\/www.w3.org\/2000\/svg\" width=\"100%\" height=\"100%\" viewBox=\"-4 -4 39 39\"><path d=\"M28 8.557a9.913 9.913 0 0 1-2.828.775 4.93 4.93 0 0 0 2.166-2.725 9.738 9.738 0 0 1-3.13 1.194 4.92 4.92 0 0 0-3.593-1.55 4.924 4.924 0 0 0-4.794 6.049c-4.09-.21-7.72-2.17-10.15-5.15a4.942 4.942 0 0 0-.665 2.477c0 1.71.87 3.214 2.19 4.1a4.968 4.968 0 0 1-2.23-.616v.06c0 2.39 1.7 4.38 3.952 4.83-.414.115-.85.174-1.297.174-.318 0-.626-.03-.928-.086a4.935 4.935 0 0 0 4.6 3.42 9.893 9.893 0 0 1-6.114 2.107c-.398 0-.79-.023-1.175-.068a13.953 13.953 0 0 0 7.55 2.213c9.056 0 14.01-7.507 14.01-14.013 0-.213-.005-.426-.015-.637.96-.695 1.795-1.56 2.455-2.55z\" fill=\"#fff\"><\/path><\/svg><\/span><\/a><a aria-label=\"Odnoklassniki\" class=\"heateor_sss_button_odnoklassniki\" href=\"https:\/\/connect.ok.ru\/dk?cmd=WidgetSharePreview&st.cmd=WidgetSharePreview&st.shareUrl=https%3A%2F%2Fwww.moldova.org%2Fen%2Fgavrilitas-cabinet-of-ministers-was-approved-in-parliament%2F&st.client_id=-1\" title=\"Odnoklassniki\" rel=\"nofollow noopener\" target=\"_blank\" style=\"font-size:32px!important;box-shadow:none;display:inline-block;vertical-align:middle\"><span class=\"heateor_sss_svg heateor_sss_s__default heateor_sss_s_odnoklassniki\" style=\"background-color:#f2720c;width:100px;height:35px;display:inline-block;opacity:1;float:left;font-size:32px;box-shadow:none;display:inline-block;font-size:16px;padding:0 4px;vertical-align:middle;background-repeat:repeat;overflow:hidden;padding:0;cursor:pointer;box-sizing:content-box\"><svg style=\"display:block;\" focusable=\"false\" aria-hidden=\"true\" xmlns=\"http:\/\/www.w3.org\/2000\/svg\" width=\"100%\" height=\"100%\" viewBox=\"0 0 32 32\"><path fill=\"#fff\" d=\"M16 16.16a6.579 6.579 0 0 1-6.58-6.58A6.578 6.578 0 0 1 16 3a6.58 6.58 0 1 1 .002 13.16zm0-9.817a3.235 3.235 0 0 0-3.236 3.237 3.234 3.234 0 0 0 3.237 3.236 3.236 3.236 0 1 0 .004-6.473zm7.586 10.62c.647 1.3-.084 1.93-1.735 2.99-1.395.9-3.313 1.238-4.564 1.368l1.048 1.05 3.877 3.88c.59.59.59 1.543 0 2.133l-.177.18c-.59.59-1.544.59-2.134 0l-3.88-3.88-3.877 3.88c-.59.59-1.543.59-2.135 0l-.176-.18a1.505 1.505 0 0 1 0-2.132l3.88-3.877 1.042-1.046c-1.25-.127-3.19-.465-4.6-1.37-1.65-1.062-2.38-1.69-1.733-2.99.37-.747 1.4-1.367 2.768-.29C13.035 18.13 16 18.13 16 18.13s2.968 0 4.818-1.456c1.368-1.077 2.4-.457 2.768.29z\"><\/path><\/svg><\/span><\/a><a aria-label=\"Telegram\" class=\"heateor_sss_button_telegram\" href=\"https:\/\/telegram.me\/share\/url?url=https%3A%2F%2Fwww.moldova.org%2Fen%2Fgavrilitas-cabinet-of-ministers-was-approved-in-parliament%2F&text=Gavrilita%27s%20Cabinet%20of%20Ministers%20was%20approved%20in%20Parliament\" title=\"Telegram\" rel=\"nofollow noopener\" target=\"_blank\" style=\"font-size:32px!important;box-shadow:none;display:inline-block;vertical-align:middle\"><span class=\"heateor_sss_svg heateor_sss_s__default heateor_sss_s_telegram\" style=\"background-color:#3da5f1;width:100px;height:35px;display:inline-block;opacity:1;float:left;font-size:32px;box-shadow:none;display:inline-block;font-size:16px;padding:0 4px;vertical-align:middle;background-repeat:repeat;overflow:hidden;padding:0;cursor:pointer;box-sizing:content-box\"><svg style=\"display:block;\" focusable=\"false\" aria-hidden=\"true\" xmlns=\"http:\/\/www.w3.org\/2000\/svg\" width=\"100%\" height=\"100%\" viewBox=\"0 0 32 32\"><path fill=\"#fff\" d=\"M25.515 6.896L6.027 14.41c-1.33.534-1.322 1.276-.243 1.606l5 1.56 1.72 5.66c.226.625.115.873.77.873.506 0 .73-.235 1.012-.51l2.43-2.363 5.056 3.734c.93.514 1.602.25 1.834-.863l3.32-15.638c.338-1.363-.52-1.98-1.41-1.577z\"><\/path><\/svg><\/span><\/a><\/div><div class=\"heateorSssClear\"><\/div><\/div><div class='heateorSssClear'><\/div>","yoast_head":"<!-- This site is optimized with the Yoast SEO plugin v27.5 - https:\/\/yoast.com\/product\/yoast-seo-wordpress\/ -->\n<title>Gavrilita&#039;s Cabinet of Ministers was approved in Parliament - Moldova.org<\/title>\n<meta name=\"robots\" content=\"index, follow, max-snippet:-1, max-image-preview:large, max-video-preview:-1\" \/>\n<link rel=\"canonical\" href=\"https:\/\/www.moldova.org\/en\/gavrilitas-cabinet-of-ministers-was-approved-in-parliament\/\" \/>\n<meta name=\"twitter:label1\" content=\"Written by\" \/>\n\t<meta name=\"twitter:data1\" content=\"Maria Dulgher\" \/>\n\t<meta name=\"twitter:label2\" content=\"Estimated reading time\" \/>\n\t<meta name=\"twitter:data2\" content=\"3 minutes\" \/>\n<script type=\"application\/ld+json\" class=\"yoast-schema-graph\">{\"@context\":\"https:\\\/\\\/schema.org\",\"@graph\":[{\"@type\":\"Article\",\"@id\":\"https:\\\/\\\/www.moldova.org\\\/en\\\/gavrilitas-cabinet-of-ministers-was-approved-in-parliament\\\/#article\",\"isPartOf\":{\"@id\":\"https:\\\/\\\/www.moldova.org\\\/en\\\/gavrilitas-cabinet-of-ministers-was-approved-in-parliament\\\/\"},\"author\":{\"name\":\"Maria Dulgher\",\"@id\":\"https:\\\/\\\/www.moldova.org\\\/en\\\/#\\\/schema\\\/person\\\/4cd49a1f49c7d48a105c8a4cb7e3a2bf\"},\"headline\":\"Gavrilita&#8217;s Cabinet of Ministers was approved in Parliament\",\"datePublished\":\"2021-08-06T16:06:35+00:00\",\"dateModified\":\"2021-08-06T16:10:27+00:00\",\"mainEntityOfPage\":{\"@id\":\"https:\\\/\\\/www.moldova.org\\\/en\\\/gavrilitas-cabinet-of-ministers-was-approved-in-parliament\\\/\"},\"wordCount\":452,\"image\":{\"@id\":\"https:\\\/\\\/www.moldova.org\\\/en\\\/gavrilitas-cabinet-of-ministers-was-approved-in-parliament\\\/#primaryimage\"},\"thumbnailUrl\":\"https:\\\/\\\/www.moldova.org\\\/en\\\/wp-content\\\/uploads\\\/sites\\\/2\\\/2021\\\/08\\\/parliament-3.jpg\",\"keywords\":[\"cabinet\",\"Government\",\"Important\",\"Ministries\",\"Moldova\",\"parliament\",\"vote\"],\"articleSection\":[\"Politics\",\"Society\"],\"inLanguage\":\"en-GB\"},{\"@type\":\"WebPage\",\"@id\":\"https:\\\/\\\/www.moldova.org\\\/en\\\/gavrilitas-cabinet-of-ministers-was-approved-in-parliament\\\/\",\"url\":\"https:\\\/\\\/www.moldova.org\\\/en\\\/gavrilitas-cabinet-of-ministers-was-approved-in-parliament\\\/\",\"name\":\"Gavrilita's Cabinet of Ministers was approved in Parliament - Moldova.org\",\"isPartOf\":{\"@id\":\"https:\\\/\\\/www.moldova.org\\\/en\\\/#website\"},\"primaryImageOfPage\":{\"@id\":\"https:\\\/\\\/www.moldova.org\\\/en\\\/gavrilitas-cabinet-of-ministers-was-approved-in-parliament\\\/#primaryimage\"},\"image\":{\"@id\":\"https:\\\/\\\/www.moldova.org\\\/en\\\/gavrilitas-cabinet-of-ministers-was-approved-in-parliament\\\/#primaryimage\"},\"thumbnailUrl\":\"https:\\\/\\\/www.moldova.org\\\/en\\\/wp-content\\\/uploads\\\/sites\\\/2\\\/2021\\\/08\\\/parliament-3.jpg\",\"datePublished\":\"2021-08-06T16:06:35+00:00\",\"dateModified\":\"2021-08-06T16:10:27+00:00\",\"author\":{\"@id\":\"https:\\\/\\\/www.moldova.org\\\/en\\\/#\\\/schema\\\/person\\\/4cd49a1f49c7d48a105c8a4cb7e3a2bf\"},\"breadcrumb\":{\"@id\":\"https:\\\/\\\/www.moldova.org\\\/en\\\/gavrilitas-cabinet-of-ministers-was-approved-in-parliament\\\/#breadcrumb\"},\"inLanguage\":\"en-GB\",\"potentialAction\":[{\"@type\":\"ReadAction\",\"target\":[\"https:\\\/\\\/www.moldova.org\\\/en\\\/gavrilitas-cabinet-of-ministers-was-approved-in-parliament\\\/\"]}]},{\"@type\":\"ImageObject\",\"inLanguage\":\"en-GB\",\"@id\":\"https:\\\/\\\/www.moldova.org\\\/en\\\/gavrilitas-cabinet-of-ministers-was-approved-in-parliament\\\/#primaryimage\",\"url\":\"https:\\\/\\\/www.moldova.org\\\/en\\\/wp-content\\\/uploads\\\/sites\\\/2\\\/2021\\\/08\\\/parliament-3.jpg\",\"contentUrl\":\"https:\\\/\\\/www.moldova.org\\\/en\\\/wp-content\\\/uploads\\\/sites\\\/2\\\/2021\\\/08\\\/parliament-3.jpg\",\"width\":1337,\"height\":762},{\"@type\":\"BreadcrumbList\",\"@id\":\"https:\\\/\\\/www.moldova.org\\\/en\\\/gavrilitas-cabinet-of-ministers-was-approved-in-parliament\\\/#breadcrumb\",\"itemListElement\":[{\"@type\":\"ListItem\",\"position\":1,\"name\":\"Home\",\"item\":\"https:\\\/\\\/www.moldova.org\\\/en\\\/\"},{\"@type\":\"ListItem\",\"position\":2,\"name\":\"Gavrilita&#8217;s Cabinet of Ministers was approved in Parliament\"}]},{\"@type\":\"WebSite\",\"@id\":\"https:\\\/\\\/www.moldova.org\\\/en\\\/#website\",\"url\":\"https:\\\/\\\/www.moldova.org\\\/en\\\/\",\"name\":\"Moldova.org\",\"description\":\"The first news website of Moldova\",\"potentialAction\":[{\"@type\":\"SearchAction\",\"target\":{\"@type\":\"EntryPoint\",\"urlTemplate\":\"https:\\\/\\\/www.moldova.org\\\/en\\\/?s={search_term_string}\"},\"query-input\":{\"@type\":\"PropertyValueSpecification\",\"valueRequired\":true,\"valueName\":\"search_term_string\"}}],\"inLanguage\":\"en-GB\"},{\"@type\":\"Person\",\"@id\":\"https:\\\/\\\/www.moldova.org\\\/en\\\/#\\\/schema\\\/person\\\/4cd49a1f49c7d48a105c8a4cb7e3a2bf\",\"name\":\"Maria Dulgher\",\"image\":{\"@type\":\"ImageObject\",\"inLanguage\":\"en-GB\",\"@id\":\"https:\\\/\\\/secure.gravatar.com\\\/avatar\\\/845882001991bde511a90853b5102f4286c0293237ace764fffc0d327a09702d?s=96&d=mm&r=g\",\"url\":\"https:\\\/\\\/secure.gravatar.com\\\/avatar\\\/845882001991bde511a90853b5102f4286c0293237ace764fffc0d327a09702d?s=96&d=mm&r=g\",\"contentUrl\":\"https:\\\/\\\/secure.gravatar.com\\\/avatar\\\/845882001991bde511a90853b5102f4286c0293237ace764fffc0d327a09702d?s=96&d=mm&r=g\",\"caption\":\"Maria Dulgher\"},\"description\":\"Jurnalist\u0103 that speaks English very well. De aia Maria are grij\u0103 c\u0103 prietenii no\u0219tri str\u0103ini s\u0103 nu piard\u0103 nicio informa\u021bie valoroas\u0103 despre actualitatea din Moldova.\",\"sameAs\":[\"https:\\\/\\\/www.facebook.com\\\/mariuta.dulgher\",\"https:\\\/\\\/www.instagram.com\\\/marie.dulgher\\\/\",\"https:\\\/\\\/www.linkedin.com\\\/in\\\/maria-dulgher-4a9a2bb2\\\/\"],\"url\":\"https:\\\/\\\/www.moldova.org\\\/en\\\/author\\\/mariadulgher\\\/\"}]}<\/script>\n<!-- \/ Yoast SEO plugin. -->","yoast_head_json":{"title":"Gavrilita's Cabinet of Ministers was approved in Parliament - Moldova.org","robots":{"index":"index","follow":"follow","max-snippet":"max-snippet:-1","max-image-preview":"max-image-preview:large","max-video-preview":"max-video-preview:-1"},"canonical":"https:\/\/www.moldova.org\/en\/gavrilitas-cabinet-of-ministers-was-approved-in-parliament\/","twitter_misc":{"Written by":"Maria Dulgher","Estimated reading time":"3 minutes"},"schema":{"@context":"https:\/\/schema.org","@graph":[{"@type":"Article","@id":"https:\/\/www.moldova.org\/en\/gavrilitas-cabinet-of-ministers-was-approved-in-parliament\/#article","isPartOf":{"@id":"https:\/\/www.moldova.org\/en\/gavrilitas-cabinet-of-ministers-was-approved-in-parliament\/"},"author":{"name":"Maria Dulgher","@id":"https:\/\/www.moldova.org\/en\/#\/schema\/person\/4cd49a1f49c7d48a105c8a4cb7e3a2bf"},"headline":"Gavrilita&#8217;s Cabinet of Ministers was approved in Parliament","datePublished":"2021-08-06T16:06:35+00:00","dateModified":"2021-08-06T16:10:27+00:00","mainEntityOfPage":{"@id":"https:\/\/www.moldova.org\/en\/gavrilitas-cabinet-of-ministers-was-approved-in-parliament\/"},"wordCount":452,"image":{"@id":"https:\/\/www.moldova.org\/en\/gavrilitas-cabinet-of-ministers-was-approved-in-parliament\/#primaryimage"},"thumbnailUrl":"https:\/\/www.moldova.org\/en\/wp-content\/uploads\/sites\/2\/2021\/08\/parliament-3.jpg","keywords":["cabinet","Government","Important","Ministries","Moldova","parliament","vote"],"articleSection":["Politics","Society"],"inLanguage":"en-GB"},{"@type":"WebPage","@id":"https:\/\/www.moldova.org\/en\/gavrilitas-cabinet-of-ministers-was-approved-in-parliament\/","url":"https:\/\/www.moldova.org\/en\/gavrilitas-cabinet-of-ministers-was-approved-in-parliament\/","name":"Gavrilita's Cabinet of Ministers was approved in Parliament - Moldova.org","isPartOf":{"@id":"https:\/\/www.moldova.org\/en\/#website"},"primaryImageOfPage":{"@id":"https:\/\/www.moldova.org\/en\/gavrilitas-cabinet-of-ministers-was-approved-in-parliament\/#primaryimage"},"image":{"@id":"https:\/\/www.moldova.org\/en\/gavrilitas-cabinet-of-ministers-was-approved-in-parliament\/#primaryimage"},"thumbnailUrl":"https:\/\/www.moldova.org\/en\/wp-content\/uploads\/sites\/2\/2021\/08\/parliament-3.jpg","datePublished":"2021-08-06T16:06:35+00:00","dateModified":"2021-08-06T16:10:27+00:00","author":{"@id":"https:\/\/www.moldova.org\/en\/#\/schema\/person\/4cd49a1f49c7d48a105c8a4cb7e3a2bf"},"breadcrumb":{"@id":"https:\/\/www.moldova.org\/en\/gavrilitas-cabinet-of-ministers-was-approved-in-parliament\/#breadcrumb"},"inLanguage":"en-GB","potentialAction":[{"@type":"ReadAction","target":["https:\/\/www.moldova.org\/en\/gavrilitas-cabinet-of-ministers-was-approved-in-parliament\/"]}]},{"@type":"ImageObject","inLanguage":"en-GB","@id":"https:\/\/www.moldova.org\/en\/gavrilitas-cabinet-of-ministers-was-approved-in-parliament\/#primaryimage","url":"https:\/\/www.moldova.org\/en\/wp-content\/uploads\/sites\/2\/2021\/08\/parliament-3.jpg","contentUrl":"https:\/\/www.moldova.org\/en\/wp-content\/uploads\/sites\/2\/2021\/08\/parliament-3.jpg","width":1337,"height":762},{"@type":"BreadcrumbList","@id":"https:\/\/www.moldova.org\/en\/gavrilitas-cabinet-of-ministers-was-approved-in-parliament\/#breadcrumb","itemListElement":[{"@type":"ListItem","position":1,"name":"Home","item":"https:\/\/www.moldova.org\/en\/"},{"@type":"ListItem","position":2,"name":"Gavrilita&#8217;s Cabinet of Ministers was approved in Parliament"}]},{"@type":"WebSite","@id":"https:\/\/www.moldova.org\/en\/#website","url":"https:\/\/www.moldova.org\/en\/","name":"Moldova.org","description":"The first news website of Moldova","potentialAction":[{"@type":"SearchAction","target":{"@type":"EntryPoint","urlTemplate":"https:\/\/www.moldova.org\/en\/?s={search_term_string}"},"query-input":{"@type":"PropertyValueSpecification","valueRequired":true,"valueName":"search_term_string"}}],"inLanguage":"en-GB"},{"@type":"Person","@id":"https:\/\/www.moldova.org\/en\/#\/schema\/person\/4cd49a1f49c7d48a105c8a4cb7e3a2bf","name":"Maria Dulgher","image":{"@type":"ImageObject","inLanguage":"en-GB","@id":"https:\/\/secure.gravatar.com\/avatar\/845882001991bde511a90853b5102f4286c0293237ace764fffc0d327a09702d?s=96&d=mm&r=g","url":"https:\/\/secure.gravatar.com\/avatar\/845882001991bde511a90853b5102f4286c0293237ace764fffc0d327a09702d?s=96&d=mm&r=g","contentUrl":"https:\/\/secure.gravatar.com\/avatar\/845882001991bde511a90853b5102f4286c0293237ace764fffc0d327a09702d?s=96&d=mm&r=g","caption":"Maria Dulgher"},"description":"Jurnalist\u0103 that speaks English very well. De aia Maria are grij\u0103 c\u0103 prietenii no\u0219tri str\u0103ini s\u0103 nu piard\u0103 nicio informa\u021bie valoroas\u0103 despre actualitatea din Moldova.","sameAs":["https:\/\/www.facebook.com\/mariuta.dulgher","https:\/\/www.instagram.com\/marie.dulgher\/","https:\/\/www.linkedin.com\/in\/maria-dulgher-4a9a2bb2\/"],"url":"https:\/\/www.moldova.org\/en\/author\/mariadulgher\/"}]}},"_links":{"self":[{"href":"https:\/\/www.moldova.org\/en\/wp-json\/wp\/v2\/posts\/449575","targetHints":{"allow":["GET"]}}],"collection":[{"href":"https:\/\/www.moldova.org\/en\/wp-json\/wp\/v2\/posts"}],"about":[{"href":"https:\/\/www.moldova.org\/en\/wp-json\/wp\/v2\/types\/post"}],"author":[{"embeddable":true,"href":"https:\/\/www.moldova.org\/en\/wp-json\/wp\/v2\/users\/31"}],"replies":[{"embeddable":true,"href":"https:\/\/www.moldova.org\/en\/wp-json\/wp\/v2\/comments?post=449575"}],"version-history":[{"count":0,"href":"https:\/\/www.moldova.org\/en\/wp-json\/wp\/v2\/posts\/449575\/revisions"}],"wp:featuredmedia":[{"embeddable":true,"href":"https:\/\/www.moldova.org\/en\/wp-json\/wp\/v2\/media\/449579"}],"wp:attachment":[{"href":"https:\/\/www.moldova.org\/en\/wp-json\/wp\/v2\/media?parent=449575"}],"wp:term":[{"taxonomy":"category","embeddable":true,"href":"https:\/\/www.moldova.org\/en\/wp-json\/wp\/v2\/categories?post=449575"},{"taxonomy":"post_tag","embeddable":true,"href":"https:\/\/www.moldova.org\/en\/wp-json\/wp\/v2\/tags?post=449575"}],"curies":[{"name":"wp","href":"https:\/\/api.w.org\/{rel}","templated":true}]}}