{"id":449557,"date":"2021-07-29T16:56:05","date_gmt":"2021-07-29T16:56:05","guid":{"rendered":"https:\/\/www.moldova.org\/en\/?p=449557"},"modified":"2021-07-31T05:22:26","modified_gmt":"2021-07-31T05:22:26","slug":"a-day-that-will-go-down-in-history-the-country-has-a-working-parliament","status":"publish","type":"post","link":"https:\/\/www.moldova.org\/en\/a-day-that-will-go-down-in-history-the-country-has-a-working-parliament\/","title":{"rendered":"A day that will go down in history: The country has a working Parliament"},"content":{"rendered":"<span class=\"span-reading-time rt-reading-time\" style=\"display: block;\"><span class=\"rt-label rt-prefix\">Reading Time: <\/span> <span class=\"rt-time\"> 3<\/span> <span class=\"rt-label rt-postfix\">minutes<\/span><\/span><p>The Moldovan media outlets kept an eye on the events happening in Parliament all day. Today, the newly elected Members of Parliament (MPs) attended the plenary session where the most important offices were voted.<\/p>\n<p>The working day started at 10 o&#8217;clock when the quorum was concluded &#8211; 91 of the 101 MPs were present. First, 3 parliamentary groups were <a href=\"https:\/\/multimedia.parlament.md\/fractiunile-parlamentare-au-fost-constituite\/\">officialised<\/a> in the Parliament of the Republic of Moldova of the 11th Legislature: the <strong>Party of Action and Solidarity (PAS)<\/strong> with 63 seats, the<strong> Bloc of Communists and Socialists (BCS)<\/strong> with 32 seats and the <strong>&#8220;Shor&#8221; Political Party<\/strong> with 6 seats, including the leader of the group Ilan Shor who has been a fugitive for more than 2 years now.<\/p>\n<p>The PAS members form the majority government. <em>&#8220;We will seriously perform our parliamentary control function, we will organise public hearings and we will make sure that it works in the interest of the citizen. [&#8230;] We must vote good laws, we must work in partnership with institutions that want the best for the people. We need to get to work, clean the judiciary, increase people&#8217;s incomes, accelerate European integration and strengthen relations with external partners,&#8221;<\/em> <a href=\"https:\/\/www.youtube.com\/watch?v=aSrHQNX3JPw&amp;t=24s\">declared<\/a> President of the PAS parliamentary group, <strong>Mihail Popsoi<\/strong>.<\/p>\n<p>The BCS and &#8220;Shor&#8221; placed themselves in <em>&#8220;opposition&#8221;<\/em> and<em> &#8220;constructive opposition&#8221;<\/em>, respectively. <strong>Vladimir Voronin<\/strong> &#8211; the ex-president of the country and a current MP &#8211; gave a speech about how the communists and socialists would charge any attack on the constitutionality of the Republic of Moldova. <em>&#8220;We will oppose attempts to infringe on the rights of interethnic groups. We will be against attempts to question the identity and statehood of the Republic of Moldova,&#8221;<\/em> he <a href=\"https:\/\/www.youtube.com\/watch?v=aSrHQNX3JPw&amp;t=24s\">said<\/a>.<\/p>\n<p>Next, the leader of PAS, <strong>Igor Grosu<\/strong>, was named the candidate for the position of Speaker of Parliament. The BCS members refused to participate in the secret ballot procedure. Igor Grosu was voted Speaker of Parliament by 64 MPs.<\/p>\n<div id=\"attachment_449558\" style=\"width: 2058px\" class=\"wp-caption aligncenter\"><img fetchpriority=\"high\" decoding=\"async\" aria-describedby=\"caption-attachment-449558\" class=\"size-full wp-image-449558\" src=\"https:\/\/www.moldova.org\/en\/wp-content\/uploads\/sites\/2\/2021\/07\/igor-grosu.jpg\" alt=\"\" width=\"2048\" height=\"1365\" srcset=\"https:\/\/www.moldova.org\/en\/wp-content\/uploads\/sites\/2\/2021\/07\/igor-grosu.jpg 2048w, https:\/\/www.moldova.org\/en\/wp-content\/uploads\/sites\/2\/2021\/07\/igor-grosu-300x200.jpg 300w, https:\/\/www.moldova.org\/en\/wp-content\/uploads\/sites\/2\/2021\/07\/igor-grosu-768x512.jpg 768w, https:\/\/www.moldova.org\/en\/wp-content\/uploads\/sites\/2\/2021\/07\/igor-grosu-1536x1024.jpg 1536w, https:\/\/www.moldova.org\/en\/wp-content\/uploads\/sites\/2\/2021\/07\/igor-grosu-1250x833.jpg 1250w, https:\/\/www.moldova.org\/en\/wp-content\/uploads\/sites\/2\/2021\/07\/igor-grosu-400x267.jpg 400w\" sizes=\"(max-width: 2048px) 100vw, 2048px\" \/><p id=\"caption-attachment-449558\" class=\"wp-caption-text\">Source: multimedia.parlament.md<\/p><\/div>\n<p>A MP from the PAS parliamentary group (Mihail Popsoi) and another one from the BCS (Vlad Batrancea) were voted Vice-Presidents of Parliament.<\/p>\n<div id=\"attachment_449559\" style=\"width: 1034px\" class=\"wp-caption alignnone\"><img decoding=\"async\" aria-describedby=\"caption-attachment-449559\" class=\"wp-image-449559 size-full\" src=\"https:\/\/www.moldova.org\/en\/wp-content\/uploads\/sites\/2\/2021\/07\/vice.jpg\" alt=\"\" width=\"1024\" height=\"683\" srcset=\"https:\/\/www.moldova.org\/en\/wp-content\/uploads\/sites\/2\/2021\/07\/vice.jpg 1024w, https:\/\/www.moldova.org\/en\/wp-content\/uploads\/sites\/2\/2021\/07\/vice-300x200.jpg 300w, https:\/\/www.moldova.org\/en\/wp-content\/uploads\/sites\/2\/2021\/07\/vice-768x512.jpg 768w, https:\/\/www.moldova.org\/en\/wp-content\/uploads\/sites\/2\/2021\/07\/vice-400x267.jpg 400w\" sizes=\"(max-width: 1024px) 100vw, 1024px\" \/><p id=\"caption-attachment-449559\" class=\"wp-caption-text\">Source: multimedia.parlament.md<\/p><\/div>\n<p>The last things <a href=\"https:\/\/multimedia.parlament.md\/a-fost-constituit-biroul-permanent-al-parlamentului\/\">decided<\/a> today concerned who would be the 12 members of Parliament&#8217;s permanent office. Here is where socialists and communists got angry and confused that 32 seats don&#8217;t actually mean one third of total seats, shouting that they had been wronged.<\/p>\n<p>MPs also voted to set up parliamentary committees. Thus, 8 committees will be led by PAS MPs, and another 3 &#8211; by those of BCS.<\/p>\n<p>The new Parliament <a href=\"https:\/\/multimedia.parlament.md\/parlamentul-de-legislatura-a-xi-a-are-un-numar-record-de-femei-deputate\/\">includes<\/a> <span style=\"color: #993300;\">40 women as MPs, which represents 39.6% of the total number of seats.<\/span> That is a record number in the history of the Parliament of the Republic of Moldova. In 2019, 25.7% of MPs were women.<\/p>\n<p>The average age of MPs is 47 years. 14 of the 101 members of the Legislature are aged up to 35. The youngest MP is 22, the eldest &#8211; 81.<\/p>\n<p>Photo: multimedia.parlament.md<\/p>\n","protected":false},"excerpt":{"rendered":"<p><span class=\"span-reading-time rt-reading-time\" style=\"display: block;\"><span class=\"rt-label rt-prefix\">Reading Time: <\/span> <span class=\"rt-time\"> 3<\/span> <span class=\"rt-label rt-postfix\">minutes<\/span><\/span>The Moldovan media outlets kept an eye on the events happening in Parliament all day. Today, the newly elected Members of Parliament (MPs) attended the plenary session where the most important offices were voted. The working day started at 10 o&#8217;clock when the quorum was concluded &#8211; 91 of the 101 MPs were present. First, [&hellip;]<\/p>\n","protected":false},"author":31,"featured_media":449561,"comment_status":"closed","ping_status":"closed","sticky":false,"template":"","format":"standard","meta":{"footnotes":""},"categories":[3],"tags":[347,35,27,924,233,1087,899],"class_list":["post-449557","post","type-post","status-publish","format-standard","has-post-thumbnail","hentry","category-politics","tag-democracy","tag-important","tag-moldova","tag-mps","tag-parliament","tag-seats","tag-voting"],"content_social_share":"<span class=\"span-reading-time rt-reading-time\" style=\"display: block;\"><span class=\"rt-label rt-prefix\">Reading Time: <\/span> <span class=\"rt-time\"> 3<\/span> <span class=\"rt-label rt-postfix\">minutes<\/span><\/span><p>The Moldovan media outlets kept an eye on the events happening in Parliament all day. Today, the newly elected Members of Parliament (MPs) attended the plenary session where the most important offices were voted.<\/p>\n<p>The working day started at 10 o&#8217;clock when the quorum was concluded &#8211; 91 of the 101 MPs were present. First, 3 parliamentary groups were <a href=\"https:\/\/multimedia.parlament.md\/fractiunile-parlamentare-au-fost-constituite\/\">officialised<\/a> in the Parliament of the Republic of Moldova of the 11th Legislature: the <strong>Party of Action and Solidarity (PAS)<\/strong> with 63 seats, the<strong> Bloc of Communists and Socialists (BCS)<\/strong> with 32 seats and the <strong>&#8220;Shor&#8221; Political Party<\/strong> with 6 seats, including the leader of the group Ilan Shor who has been a fugitive for more than 2 years now.<\/p>\n<p>The PAS members form the majority government. <em>&#8220;We will seriously perform our parliamentary control function, we will organise public hearings and we will make sure that it works in the interest of the citizen. [&#8230;] We must vote good laws, we must work in partnership with institutions that want the best for the people. We need to get to work, clean the judiciary, increase people&#8217;s incomes, accelerate European integration and strengthen relations with external partners,&#8221;<\/em> <a href=\"https:\/\/www.youtube.com\/watch?v=aSrHQNX3JPw&amp;t=24s\">declared<\/a> President of the PAS parliamentary group, <strong>Mihail Popsoi<\/strong>.<\/p>\n<p>The BCS and &#8220;Shor&#8221; placed themselves in <em>&#8220;opposition&#8221;<\/em> and<em> &#8220;constructive opposition&#8221;<\/em>, respectively. <strong>Vladimir Voronin<\/strong> &#8211; the ex-president of the country and a current MP &#8211; gave a speech about how the communists and socialists would charge any attack on the constitutionality of the Republic of Moldova. <em>&#8220;We will oppose attempts to infringe on the rights of interethnic groups. We will be against attempts to question the identity and statehood of the Republic of Moldova,&#8221;<\/em> he <a href=\"https:\/\/www.youtube.com\/watch?v=aSrHQNX3JPw&amp;t=24s\">said<\/a>.<\/p>\n<p>Next, the leader of PAS, <strong>Igor Grosu<\/strong>, was named the candidate for the position of Speaker of Parliament. The BCS members refused to participate in the secret ballot procedure. Igor Grosu was voted Speaker of Parliament by 64 MPs.<\/p>\n<div id=\"attachment_449558\" style=\"width: 2058px\" class=\"wp-caption aligncenter\"><img fetchpriority=\"high\" decoding=\"async\" aria-describedby=\"caption-attachment-449558\" class=\"size-full wp-image-449558\" src=\"https:\/\/www.moldova.org\/en\/wp-content\/uploads\/sites\/2\/2021\/07\/igor-grosu.jpg\" alt=\"\" width=\"2048\" height=\"1365\" srcset=\"https:\/\/www.moldova.org\/en\/wp-content\/uploads\/sites\/2\/2021\/07\/igor-grosu.jpg 2048w, https:\/\/www.moldova.org\/en\/wp-content\/uploads\/sites\/2\/2021\/07\/igor-grosu-300x200.jpg 300w, https:\/\/www.moldova.org\/en\/wp-content\/uploads\/sites\/2\/2021\/07\/igor-grosu-768x512.jpg 768w, https:\/\/www.moldova.org\/en\/wp-content\/uploads\/sites\/2\/2021\/07\/igor-grosu-1536x1024.jpg 1536w, https:\/\/www.moldova.org\/en\/wp-content\/uploads\/sites\/2\/2021\/07\/igor-grosu-1250x833.jpg 1250w, https:\/\/www.moldova.org\/en\/wp-content\/uploads\/sites\/2\/2021\/07\/igor-grosu-400x267.jpg 400w\" sizes=\"(max-width: 2048px) 100vw, 2048px\" \/><p id=\"caption-attachment-449558\" class=\"wp-caption-text\">Source: multimedia.parlament.md<\/p><\/div>\n<p>A MP from the PAS parliamentary group (Mihail Popsoi) and another one from the BCS (Vlad Batrancea) were voted Vice-Presidents of Parliament.<\/p>\n<div id=\"attachment_449559\" style=\"width: 1034px\" class=\"wp-caption alignnone\"><img decoding=\"async\" aria-describedby=\"caption-attachment-449559\" class=\"wp-image-449559 size-full\" src=\"https:\/\/www.moldova.org\/en\/wp-content\/uploads\/sites\/2\/2021\/07\/vice.jpg\" alt=\"\" width=\"1024\" height=\"683\" srcset=\"https:\/\/www.moldova.org\/en\/wp-content\/uploads\/sites\/2\/2021\/07\/vice.jpg 1024w, https:\/\/www.moldova.org\/en\/wp-content\/uploads\/sites\/2\/2021\/07\/vice-300x200.jpg 300w, https:\/\/www.moldova.org\/en\/wp-content\/uploads\/sites\/2\/2021\/07\/vice-768x512.jpg 768w, https:\/\/www.moldova.org\/en\/wp-content\/uploads\/sites\/2\/2021\/07\/vice-400x267.jpg 400w\" sizes=\"(max-width: 1024px) 100vw, 1024px\" \/><p id=\"caption-attachment-449559\" class=\"wp-caption-text\">Source: multimedia.parlament.md<\/p><\/div>\n<p>The last things <a href=\"https:\/\/multimedia.parlament.md\/a-fost-constituit-biroul-permanent-al-parlamentului\/\">decided<\/a> today concerned who would be the 12 members of Parliament&#8217;s permanent office. Here is where socialists and communists got angry and confused that 32 seats don&#8217;t actually mean one third of total seats, shouting that they had been wronged.<\/p>\n<p>MPs also voted to set up parliamentary committees. Thus, 8 committees will be led by PAS MPs, and another 3 &#8211; by those of BCS.<\/p>\n<p>The new Parliament <a href=\"https:\/\/multimedia.parlament.md\/parlamentul-de-legislatura-a-xi-a-are-un-numar-record-de-femei-deputate\/\">includes<\/a> <span style=\"color: #993300;\">40 women as MPs, which represents 39.6% of the total number of seats.<\/span> That is a record number in the history of the Parliament of the Republic of Moldova. In 2019, 25.7% of MPs were women.<\/p>\n<p>The average age of MPs is 47 years. 14 of the 101 members of the Legislature are aged up to 35. The youngest MP is 22, the eldest &#8211; 81.<\/p>\n<p>Photo: multimedia.parlament.md<\/p>\n<div class='heateorSssClear'><\/div><div  class='heateor_sss_sharing_container heateor_sss_horizontal_sharing' data-heateor-sss-href='https:\/\/www.moldova.org\/en\/a-day-that-will-go-down-in-history-the-country-has-a-working-parliament\/' data-heateor-sss-no-counts=\"1\"><div class='heateor_sss_sharing_title' style=\"font-weight:bold\" ><\/div><div class=\"heateor_sss_sharing_ul\"><a aria-label=\"Facebook\" class=\"heateor_sss_facebook\" href=\"https:\/\/www.facebook.com\/sharer\/sharer.php?u=https%3A%2F%2Fwww.moldova.org%2Fen%2Fa-day-that-will-go-down-in-history-the-country-has-a-working-parliament%2F\" title=\"Facebook\" rel=\"nofollow noopener\" target=\"_blank\" style=\"font-size:32px!important;box-shadow:none;display:inline-block;vertical-align:middle\"><span class=\"heateor_sss_svg\" style=\"background-color:#0765FE;width:100px;height:35px;display:inline-block;opacity:1;float:left;font-size:32px;box-shadow:none;display:inline-block;font-size:16px;padding:0 4px;vertical-align:middle;background-repeat:repeat;overflow:hidden;padding:0;cursor:pointer;box-sizing:content-box\"><svg style=\"display:block;\" focusable=\"false\" aria-hidden=\"true\" xmlns=\"http:\/\/www.w3.org\/2000\/svg\" width=\"100%\" height=\"100%\" viewBox=\"0 0 32 32\"><path fill=\"#fff\" d=\"M28 16c0-6.627-5.373-12-12-12S4 9.373 4 16c0 5.628 3.875 10.35 9.101 11.647v-7.98h-2.474V16H13.1v-1.58c0-4.085 1.849-5.978 5.859-5.978.76 0 2.072.15 2.608.298v3.325c-.283-.03-.775-.045-1.386-.045-1.967 0-2.728.745-2.728 2.683V16h3.92l-.673 3.667h-3.247v8.245C23.395 27.195 28 22.135 28 16Z\"><\/path><\/svg><\/span><\/a><a aria-label=\"Twitter\" class=\"heateor_sss_button_twitter\" href=\"https:\/\/twitter.com\/intent\/tweet?text=A%20day%20that%20will%20go%20down%20in%20history%3A%20The%20country%20has%20a%20working%20Parliament&url=https%3A%2F%2Fwww.moldova.org%2Fen%2Fa-day-that-will-go-down-in-history-the-country-has-a-working-parliament%2F\" title=\"Twitter\" rel=\"nofollow noopener\" target=\"_blank\" style=\"font-size:32px!important;box-shadow:none;display:inline-block;vertical-align:middle\"><span class=\"heateor_sss_svg heateor_sss_s__default heateor_sss_s_twitter\" style=\"background-color:#55acee;width:100px;height:35px;display:inline-block;opacity:1;float:left;font-size:32px;box-shadow:none;display:inline-block;font-size:16px;padding:0 4px;vertical-align:middle;background-repeat:repeat;overflow:hidden;padding:0;cursor:pointer;box-sizing:content-box\"><svg style=\"display:block;\" focusable=\"false\" aria-hidden=\"true\" xmlns=\"http:\/\/www.w3.org\/2000\/svg\" width=\"100%\" height=\"100%\" viewBox=\"-4 -4 39 39\"><path d=\"M28 8.557a9.913 9.913 0 0 1-2.828.775 4.93 4.93 0 0 0 2.166-2.725 9.738 9.738 0 0 1-3.13 1.194 4.92 4.92 0 0 0-3.593-1.55 4.924 4.924 0 0 0-4.794 6.049c-4.09-.21-7.72-2.17-10.15-5.15a4.942 4.942 0 0 0-.665 2.477c0 1.71.87 3.214 2.19 4.1a4.968 4.968 0 0 1-2.23-.616v.06c0 2.39 1.7 4.38 3.952 4.83-.414.115-.85.174-1.297.174-.318 0-.626-.03-.928-.086a4.935 4.935 0 0 0 4.6 3.42 9.893 9.893 0 0 1-6.114 2.107c-.398 0-.79-.023-1.175-.068a13.953 13.953 0 0 0 7.55 2.213c9.056 0 14.01-7.507 14.01-14.013 0-.213-.005-.426-.015-.637.96-.695 1.795-1.56 2.455-2.55z\" fill=\"#fff\"><\/path><\/svg><\/span><\/a><a aria-label=\"Odnoklassniki\" class=\"heateor_sss_button_odnoklassniki\" href=\"https:\/\/connect.ok.ru\/dk?cmd=WidgetSharePreview&st.cmd=WidgetSharePreview&st.shareUrl=https%3A%2F%2Fwww.moldova.org%2Fen%2Fa-day-that-will-go-down-in-history-the-country-has-a-working-parliament%2F&st.client_id=-1\" title=\"Odnoklassniki\" rel=\"nofollow noopener\" target=\"_blank\" style=\"font-size:32px!important;box-shadow:none;display:inline-block;vertical-align:middle\"><span class=\"heateor_sss_svg heateor_sss_s__default heateor_sss_s_odnoklassniki\" style=\"background-color:#f2720c;width:100px;height:35px;display:inline-block;opacity:1;float:left;font-size:32px;box-shadow:none;display:inline-block;font-size:16px;padding:0 4px;vertical-align:middle;background-repeat:repeat;overflow:hidden;padding:0;cursor:pointer;box-sizing:content-box\"><svg style=\"display:block;\" focusable=\"false\" aria-hidden=\"true\" xmlns=\"http:\/\/www.w3.org\/2000\/svg\" width=\"100%\" height=\"100%\" viewBox=\"0 0 32 32\"><path fill=\"#fff\" d=\"M16 16.16a6.579 6.579 0 0 1-6.58-6.58A6.578 6.578 0 0 1 16 3a6.58 6.58 0 1 1 .002 13.16zm0-9.817a3.235 3.235 0 0 0-3.236 3.237 3.234 3.234 0 0 0 3.237 3.236 3.236 3.236 0 1 0 .004-6.473zm7.586 10.62c.647 1.3-.084 1.93-1.735 2.99-1.395.9-3.313 1.238-4.564 1.368l1.048 1.05 3.877 3.88c.59.59.59 1.543 0 2.133l-.177.18c-.59.59-1.544.59-2.134 0l-3.88-3.88-3.877 3.88c-.59.59-1.543.59-2.135 0l-.176-.18a1.505 1.505 0 0 1 0-2.132l3.88-3.877 1.042-1.046c-1.25-.127-3.19-.465-4.6-1.37-1.65-1.062-2.38-1.69-1.733-2.99.37-.747 1.4-1.367 2.768-.29C13.035 18.13 16 18.13 16 18.13s2.968 0 4.818-1.456c1.368-1.077 2.4-.457 2.768.29z\"><\/path><\/svg><\/span><\/a><a aria-label=\"Telegram\" class=\"heateor_sss_button_telegram\" href=\"https:\/\/telegram.me\/share\/url?url=https%3A%2F%2Fwww.moldova.org%2Fen%2Fa-day-that-will-go-down-in-history-the-country-has-a-working-parliament%2F&text=A%20day%20that%20will%20go%20down%20in%20history%3A%20The%20country%20has%20a%20working%20Parliament\" title=\"Telegram\" rel=\"nofollow noopener\" target=\"_blank\" style=\"font-size:32px!important;box-shadow:none;display:inline-block;vertical-align:middle\"><span class=\"heateor_sss_svg heateor_sss_s__default heateor_sss_s_telegram\" style=\"background-color:#3da5f1;width:100px;height:35px;display:inline-block;opacity:1;float:left;font-size:32px;box-shadow:none;display:inline-block;font-size:16px;padding:0 4px;vertical-align:middle;background-repeat:repeat;overflow:hidden;padding:0;cursor:pointer;box-sizing:content-box\"><svg style=\"display:block;\" focusable=\"false\" aria-hidden=\"true\" xmlns=\"http:\/\/www.w3.org\/2000\/svg\" width=\"100%\" height=\"100%\" viewBox=\"0 0 32 32\"><path fill=\"#fff\" d=\"M25.515 6.896L6.027 14.41c-1.33.534-1.322 1.276-.243 1.606l5 1.56 1.72 5.66c.226.625.115.873.77.873.506 0 .73-.235 1.012-.51l2.43-2.363 5.056 3.734c.93.514 1.602.25 1.834-.863l3.32-15.638c.338-1.363-.52-1.98-1.41-1.577z\"><\/path><\/svg><\/span><\/a><\/div><div class=\"heateorSssClear\"><\/div><\/div><div class='heateorSssClear'><\/div>","yoast_head":"<!-- This site is optimized with the Yoast SEO plugin v27.5 - https:\/\/yoast.com\/product\/yoast-seo-wordpress\/ -->\n<title>A day that will go down in history: The country has a working Parliament - Moldova.org<\/title>\n<meta name=\"robots\" content=\"index, follow, max-snippet:-1, max-image-preview:large, max-video-preview:-1\" \/>\n<link rel=\"canonical\" href=\"https:\/\/www.moldova.org\/en\/a-day-that-will-go-down-in-history-the-country-has-a-working-parliament\/\" \/>\n<meta name=\"twitter:label1\" content=\"Written by\" \/>\n\t<meta name=\"twitter:data1\" content=\"Maria Dulgher\" \/>\n\t<meta name=\"twitter:label2\" content=\"Estimated reading time\" \/>\n\t<meta name=\"twitter:data2\" content=\"3 minutes\" \/>\n<script type=\"application\/ld+json\" class=\"yoast-schema-graph\">{\"@context\":\"https:\\\/\\\/schema.org\",\"@graph\":[{\"@type\":\"Article\",\"@id\":\"https:\\\/\\\/www.moldova.org\\\/en\\\/a-day-that-will-go-down-in-history-the-country-has-a-working-parliament\\\/#article\",\"isPartOf\":{\"@id\":\"https:\\\/\\\/www.moldova.org\\\/en\\\/a-day-that-will-go-down-in-history-the-country-has-a-working-parliament\\\/\"},\"author\":{\"name\":\"Maria Dulgher\",\"@id\":\"https:\\\/\\\/www.moldova.org\\\/en\\\/#\\\/schema\\\/person\\\/4cd49a1f49c7d48a105c8a4cb7e3a2bf\"},\"headline\":\"A day that will go down in history: The country has a working Parliament\",\"datePublished\":\"2021-07-29T16:56:05+00:00\",\"dateModified\":\"2021-07-31T05:22:26+00:00\",\"mainEntityOfPage\":{\"@id\":\"https:\\\/\\\/www.moldova.org\\\/en\\\/a-day-that-will-go-down-in-history-the-country-has-a-working-parliament\\\/\"},\"wordCount\":494,\"image\":{\"@id\":\"https:\\\/\\\/www.moldova.org\\\/en\\\/a-day-that-will-go-down-in-history-the-country-has-a-working-parliament\\\/#primaryimage\"},\"thumbnailUrl\":\"https:\\\/\\\/www.moldova.org\\\/en\\\/wp-content\\\/uploads\\\/sites\\\/2\\\/2021\\\/07\\\/plen2.jpg\",\"keywords\":[\"democracy\",\"Important\",\"Moldova\",\"MPs\",\"parliament\",\"seats\",\"voting\"],\"articleSection\":[\"Politics\"],\"inLanguage\":\"en-GB\"},{\"@type\":\"WebPage\",\"@id\":\"https:\\\/\\\/www.moldova.org\\\/en\\\/a-day-that-will-go-down-in-history-the-country-has-a-working-parliament\\\/\",\"url\":\"https:\\\/\\\/www.moldova.org\\\/en\\\/a-day-that-will-go-down-in-history-the-country-has-a-working-parliament\\\/\",\"name\":\"A day that will go down in history: The country has a working Parliament - Moldova.org\",\"isPartOf\":{\"@id\":\"https:\\\/\\\/www.moldova.org\\\/en\\\/#website\"},\"primaryImageOfPage\":{\"@id\":\"https:\\\/\\\/www.moldova.org\\\/en\\\/a-day-that-will-go-down-in-history-the-country-has-a-working-parliament\\\/#primaryimage\"},\"image\":{\"@id\":\"https:\\\/\\\/www.moldova.org\\\/en\\\/a-day-that-will-go-down-in-history-the-country-has-a-working-parliament\\\/#primaryimage\"},\"thumbnailUrl\":\"https:\\\/\\\/www.moldova.org\\\/en\\\/wp-content\\\/uploads\\\/sites\\\/2\\\/2021\\\/07\\\/plen2.jpg\",\"datePublished\":\"2021-07-29T16:56:05+00:00\",\"dateModified\":\"2021-07-31T05:22:26+00:00\",\"author\":{\"@id\":\"https:\\\/\\\/www.moldova.org\\\/en\\\/#\\\/schema\\\/person\\\/4cd49a1f49c7d48a105c8a4cb7e3a2bf\"},\"breadcrumb\":{\"@id\":\"https:\\\/\\\/www.moldova.org\\\/en\\\/a-day-that-will-go-down-in-history-the-country-has-a-working-parliament\\\/#breadcrumb\"},\"inLanguage\":\"en-GB\",\"potentialAction\":[{\"@type\":\"ReadAction\",\"target\":[\"https:\\\/\\\/www.moldova.org\\\/en\\\/a-day-that-will-go-down-in-history-the-country-has-a-working-parliament\\\/\"]}]},{\"@type\":\"ImageObject\",\"inLanguage\":\"en-GB\",\"@id\":\"https:\\\/\\\/www.moldova.org\\\/en\\\/a-day-that-will-go-down-in-history-the-country-has-a-working-parliament\\\/#primaryimage\",\"url\":\"https:\\\/\\\/www.moldova.org\\\/en\\\/wp-content\\\/uploads\\\/sites\\\/2\\\/2021\\\/07\\\/plen2.jpg\",\"contentUrl\":\"https:\\\/\\\/www.moldova.org\\\/en\\\/wp-content\\\/uploads\\\/sites\\\/2\\\/2021\\\/07\\\/plen2.jpg\",\"width\":2048,\"height\":1159},{\"@type\":\"BreadcrumbList\",\"@id\":\"https:\\\/\\\/www.moldova.org\\\/en\\\/a-day-that-will-go-down-in-history-the-country-has-a-working-parliament\\\/#breadcrumb\",\"itemListElement\":[{\"@type\":\"ListItem\",\"position\":1,\"name\":\"Home\",\"item\":\"https:\\\/\\\/www.moldova.org\\\/en\\\/\"},{\"@type\":\"ListItem\",\"position\":2,\"name\":\"A day that will go down in history: The country has a working Parliament\"}]},{\"@type\":\"WebSite\",\"@id\":\"https:\\\/\\\/www.moldova.org\\\/en\\\/#website\",\"url\":\"https:\\\/\\\/www.moldova.org\\\/en\\\/\",\"name\":\"Moldova.org\",\"description\":\"The first news website of Moldova\",\"potentialAction\":[{\"@type\":\"SearchAction\",\"target\":{\"@type\":\"EntryPoint\",\"urlTemplate\":\"https:\\\/\\\/www.moldova.org\\\/en\\\/?s={search_term_string}\"},\"query-input\":{\"@type\":\"PropertyValueSpecification\",\"valueRequired\":true,\"valueName\":\"search_term_string\"}}],\"inLanguage\":\"en-GB\"},{\"@type\":\"Person\",\"@id\":\"https:\\\/\\\/www.moldova.org\\\/en\\\/#\\\/schema\\\/person\\\/4cd49a1f49c7d48a105c8a4cb7e3a2bf\",\"name\":\"Maria Dulgher\",\"image\":{\"@type\":\"ImageObject\",\"inLanguage\":\"en-GB\",\"@id\":\"https:\\\/\\\/secure.gravatar.com\\\/avatar\\\/845882001991bde511a90853b5102f4286c0293237ace764fffc0d327a09702d?s=96&d=mm&r=g\",\"url\":\"https:\\\/\\\/secure.gravatar.com\\\/avatar\\\/845882001991bde511a90853b5102f4286c0293237ace764fffc0d327a09702d?s=96&d=mm&r=g\",\"contentUrl\":\"https:\\\/\\\/secure.gravatar.com\\\/avatar\\\/845882001991bde511a90853b5102f4286c0293237ace764fffc0d327a09702d?s=96&d=mm&r=g\",\"caption\":\"Maria Dulgher\"},\"description\":\"Jurnalist\u0103 that speaks English very well. De aia Maria are grij\u0103 c\u0103 prietenii no\u0219tri str\u0103ini s\u0103 nu piard\u0103 nicio informa\u021bie valoroas\u0103 despre actualitatea din Moldova.\",\"sameAs\":[\"https:\\\/\\\/www.facebook.com\\\/mariuta.dulgher\",\"https:\\\/\\\/www.instagram.com\\\/marie.dulgher\\\/\",\"https:\\\/\\\/www.linkedin.com\\\/in\\\/maria-dulgher-4a9a2bb2\\\/\"],\"url\":\"https:\\\/\\\/www.moldova.org\\\/en\\\/author\\\/mariadulgher\\\/\"}]}<\/script>\n<!-- \/ Yoast SEO plugin. -->","yoast_head_json":{"title":"A day that will go down in history: The country has a working Parliament - Moldova.org","robots":{"index":"index","follow":"follow","max-snippet":"max-snippet:-1","max-image-preview":"max-image-preview:large","max-video-preview":"max-video-preview:-1"},"canonical":"https:\/\/www.moldova.org\/en\/a-day-that-will-go-down-in-history-the-country-has-a-working-parliament\/","twitter_misc":{"Written by":"Maria Dulgher","Estimated reading time":"3 minutes"},"schema":{"@context":"https:\/\/schema.org","@graph":[{"@type":"Article","@id":"https:\/\/www.moldova.org\/en\/a-day-that-will-go-down-in-history-the-country-has-a-working-parliament\/#article","isPartOf":{"@id":"https:\/\/www.moldova.org\/en\/a-day-that-will-go-down-in-history-the-country-has-a-working-parliament\/"},"author":{"name":"Maria Dulgher","@id":"https:\/\/www.moldova.org\/en\/#\/schema\/person\/4cd49a1f49c7d48a105c8a4cb7e3a2bf"},"headline":"A day that will go down in history: The country has a working Parliament","datePublished":"2021-07-29T16:56:05+00:00","dateModified":"2021-07-31T05:22:26+00:00","mainEntityOfPage":{"@id":"https:\/\/www.moldova.org\/en\/a-day-that-will-go-down-in-history-the-country-has-a-working-parliament\/"},"wordCount":494,"image":{"@id":"https:\/\/www.moldova.org\/en\/a-day-that-will-go-down-in-history-the-country-has-a-working-parliament\/#primaryimage"},"thumbnailUrl":"https:\/\/www.moldova.org\/en\/wp-content\/uploads\/sites\/2\/2021\/07\/plen2.jpg","keywords":["democracy","Important","Moldova","MPs","parliament","seats","voting"],"articleSection":["Politics"],"inLanguage":"en-GB"},{"@type":"WebPage","@id":"https:\/\/www.moldova.org\/en\/a-day-that-will-go-down-in-history-the-country-has-a-working-parliament\/","url":"https:\/\/www.moldova.org\/en\/a-day-that-will-go-down-in-history-the-country-has-a-working-parliament\/","name":"A day that will go down in history: The country has a working Parliament - Moldova.org","isPartOf":{"@id":"https:\/\/www.moldova.org\/en\/#website"},"primaryImageOfPage":{"@id":"https:\/\/www.moldova.org\/en\/a-day-that-will-go-down-in-history-the-country-has-a-working-parliament\/#primaryimage"},"image":{"@id":"https:\/\/www.moldova.org\/en\/a-day-that-will-go-down-in-history-the-country-has-a-working-parliament\/#primaryimage"},"thumbnailUrl":"https:\/\/www.moldova.org\/en\/wp-content\/uploads\/sites\/2\/2021\/07\/plen2.jpg","datePublished":"2021-07-29T16:56:05+00:00","dateModified":"2021-07-31T05:22:26+00:00","author":{"@id":"https:\/\/www.moldova.org\/en\/#\/schema\/person\/4cd49a1f49c7d48a105c8a4cb7e3a2bf"},"breadcrumb":{"@id":"https:\/\/www.moldova.org\/en\/a-day-that-will-go-down-in-history-the-country-has-a-working-parliament\/#breadcrumb"},"inLanguage":"en-GB","potentialAction":[{"@type":"ReadAction","target":["https:\/\/www.moldova.org\/en\/a-day-that-will-go-down-in-history-the-country-has-a-working-parliament\/"]}]},{"@type":"ImageObject","inLanguage":"en-GB","@id":"https:\/\/www.moldova.org\/en\/a-day-that-will-go-down-in-history-the-country-has-a-working-parliament\/#primaryimage","url":"https:\/\/www.moldova.org\/en\/wp-content\/uploads\/sites\/2\/2021\/07\/plen2.jpg","contentUrl":"https:\/\/www.moldova.org\/en\/wp-content\/uploads\/sites\/2\/2021\/07\/plen2.jpg","width":2048,"height":1159},{"@type":"BreadcrumbList","@id":"https:\/\/www.moldova.org\/en\/a-day-that-will-go-down-in-history-the-country-has-a-working-parliament\/#breadcrumb","itemListElement":[{"@type":"ListItem","position":1,"name":"Home","item":"https:\/\/www.moldova.org\/en\/"},{"@type":"ListItem","position":2,"name":"A day that will go down in history: The country has a working Parliament"}]},{"@type":"WebSite","@id":"https:\/\/www.moldova.org\/en\/#website","url":"https:\/\/www.moldova.org\/en\/","name":"Moldova.org","description":"The first news website of Moldova","potentialAction":[{"@type":"SearchAction","target":{"@type":"EntryPoint","urlTemplate":"https:\/\/www.moldova.org\/en\/?s={search_term_string}"},"query-input":{"@type":"PropertyValueSpecification","valueRequired":true,"valueName":"search_term_string"}}],"inLanguage":"en-GB"},{"@type":"Person","@id":"https:\/\/www.moldova.org\/en\/#\/schema\/person\/4cd49a1f49c7d48a105c8a4cb7e3a2bf","name":"Maria Dulgher","image":{"@type":"ImageObject","inLanguage":"en-GB","@id":"https:\/\/secure.gravatar.com\/avatar\/845882001991bde511a90853b5102f4286c0293237ace764fffc0d327a09702d?s=96&d=mm&r=g","url":"https:\/\/secure.gravatar.com\/avatar\/845882001991bde511a90853b5102f4286c0293237ace764fffc0d327a09702d?s=96&d=mm&r=g","contentUrl":"https:\/\/secure.gravatar.com\/avatar\/845882001991bde511a90853b5102f4286c0293237ace764fffc0d327a09702d?s=96&d=mm&r=g","caption":"Maria Dulgher"},"description":"Jurnalist\u0103 that speaks English very well. De aia Maria are grij\u0103 c\u0103 prietenii no\u0219tri str\u0103ini s\u0103 nu piard\u0103 nicio informa\u021bie valoroas\u0103 despre actualitatea din Moldova.","sameAs":["https:\/\/www.facebook.com\/mariuta.dulgher","https:\/\/www.instagram.com\/marie.dulgher\/","https:\/\/www.linkedin.com\/in\/maria-dulgher-4a9a2bb2\/"],"url":"https:\/\/www.moldova.org\/en\/author\/mariadulgher\/"}]}},"_links":{"self":[{"href":"https:\/\/www.moldova.org\/en\/wp-json\/wp\/v2\/posts\/449557","targetHints":{"allow":["GET"]}}],"collection":[{"href":"https:\/\/www.moldova.org\/en\/wp-json\/wp\/v2\/posts"}],"about":[{"href":"https:\/\/www.moldova.org\/en\/wp-json\/wp\/v2\/types\/post"}],"author":[{"embeddable":true,"href":"https:\/\/www.moldova.org\/en\/wp-json\/wp\/v2\/users\/31"}],"replies":[{"embeddable":true,"href":"https:\/\/www.moldova.org\/en\/wp-json\/wp\/v2\/comments?post=449557"}],"version-history":[{"count":0,"href":"https:\/\/www.moldova.org\/en\/wp-json\/wp\/v2\/posts\/449557\/revisions"}],"wp:featuredmedia":[{"embeddable":true,"href":"https:\/\/www.moldova.org\/en\/wp-json\/wp\/v2\/media\/449561"}],"wp:attachment":[{"href":"https:\/\/www.moldova.org\/en\/wp-json\/wp\/v2\/media?parent=449557"}],"wp:term":[{"taxonomy":"category","embeddable":true,"href":"https:\/\/www.moldova.org\/en\/wp-json\/wp\/v2\/categories?post=449557"},{"taxonomy":"post_tag","embeddable":true,"href":"https:\/\/www.moldova.org\/en\/wp-json\/wp\/v2\/tags?post=449557"}],"curies":[{"name":"wp","href":"https:\/\/api.w.org\/{rel}","templated":true}]}}