{"id":449545,"date":"2021-07-23T15:29:51","date_gmt":"2021-07-23T15:29:51","guid":{"rendered":"https:\/\/www.moldova.org\/en\/?p=449545"},"modified":"2021-07-23T15:34:05","modified_gmt":"2021-07-23T15:34:05","slug":"constitutional-court-confirmed-the-parliamentary-election-results-and-validated-the-list-of-mps","status":"publish","type":"post","link":"https:\/\/www.moldova.org\/en\/constitutional-court-confirmed-the-parliamentary-election-results-and-validated-the-list-of-mps\/","title":{"rendered":"Constitutional Court confirmed the parliamentary election results and validated the list of MPs"},"content":{"rendered":"<span class=\"span-reading-time rt-reading-time\" style=\"display: block;\"><span class=\"rt-label rt-prefix\">Reading Time: <\/span> <span class=\"rt-time\"> 2<\/span> <span class=\"rt-label rt-postfix\">minutes<\/span><\/span><p>The <strong>Constitutional Court (CC)<\/strong> confirmed the legality of the results of the parliamentary elections held on July 11 and validated the list of Members of Parliament (MPs) in a <a href=\"https:\/\/www.constcourt.md\/ccdocview.php?tip=hotariri&amp;docid=776&amp;l=ro\">decision<\/a> issued today.<\/p>\n<p>The Court <a href=\"https:\/\/www.constcourt.md\/libview.php?l=ro&amp;idc=7&amp;id=2239&amp;t=\/Media\/Noutati\/Curtea-a-examinat-sesizarea-Comisiei-Electorale-Centrale-referitoare-la-confirmarea-rezultatelor-alegerilor-parlamentare-anticipate-din-11-iulie-2021-i-validarea-mandatelor-deputatilor-alei\">noted<\/a> that three political parties have obtained the minimum representation threshold in Parliament: the Party of Action and Solidarity (PAS), the Electoral Bloc of Communists and Socialists (EBCS) and the &#8220;Shor&#8221; Political Party. The number of seats in Parliament established by the <strong>Central Electoral Commission (CEC)<\/strong> was as following: PAS &#8211; 63 seats; EBCS &#8211; 32 seats; &#8220;\u0218or&#8221; PP &#8211; 6 seats.<\/p>\n<blockquote><p>&#8220;The Court did not find any infringements likely to influence the results of the voting and the allocation of seats. The Court, therefore, confirmed that the snap parliamentary elections of 11 July, 2021, were organized and <span style=\"color: #993300;\">conducted correctly, by universal, equal, direct, secret and free suffrage.&#8221;<\/span><\/p><\/blockquote>\n<p>The CC also noted that, according to the information presented by the CEC, all the candidates included in the list were eligible for the position of MP and have submitted declarations that they are not prohibited from holding office.<\/p>\n<p>The President of the Republic of Moldova, <strong>Maia Sandu<\/strong>, <a href=\"https:\/\/www.presedinte.md\/rom\/presa\/presedintele-republicii-moldova-maia-sandu-a-semnat-decretul-de-convocare-a-parlamentului-nou-ales\">signed<\/a> the Decree convening the Parliament of the Republic of Moldova of the 11th Legislature. The first plenary session of the new Parliament will take place on Monday, July 26.<\/p>\n<p><em>&#8220;Next, is the election of the governing and working bodies of Parliament, as well as the investiture of a new Government. The problems are many and complex, we have no time to waste. I hope that the new Parliament will be able to quickly regain the trust of the citizens in this important institution through correct and courageous decisions, which will stop corruption and will improve the living conditions of the people,&#8221;<\/em> <a href=\"https:\/\/www.presedinte.md\/rom\/presa\/presedintele-republicii-moldova-maia-sandu-a-semnat-decretul-de-convocare-a-parlamentului-nou-ales\">said<\/a> President Maia Sandu.<\/p>\n<p>In the meantime, preparations are underway in the Parliament building to set up the new Legislature.<\/p>\n<div id=\"attachment_449546\" style=\"width: 1034px\" class=\"wp-caption alignnone\"><img fetchpriority=\"high\" decoding=\"async\" aria-describedby=\"caption-attachment-449546\" class=\"size-full wp-image-449546\" src=\"https:\/\/www.moldova.org\/en\/wp-content\/uploads\/sites\/2\/2021\/07\/parlament-1.jpg\" alt=\"\" width=\"1024\" height=\"683\" srcset=\"https:\/\/www.moldova.org\/en\/wp-content\/uploads\/sites\/2\/2021\/07\/parlament-1.jpg 1024w, https:\/\/www.moldova.org\/en\/wp-content\/uploads\/sites\/2\/2021\/07\/parlament-1-300x200.jpg 300w, https:\/\/www.moldova.org\/en\/wp-content\/uploads\/sites\/2\/2021\/07\/parlament-1-768x512.jpg 768w, https:\/\/www.moldova.org\/en\/wp-content\/uploads\/sites\/2\/2021\/07\/parlament-1-400x267.jpg 400w\" sizes=\"(max-width: 1024px) 100vw, 1024px\" \/><p id=\"caption-attachment-449546\" class=\"wp-caption-text\">Source: multimedia.parlament.md<\/p><\/div>\n<p>The Constitutional Court ascertained, on April 15, that the conditions justifying the dissolution of the Parliament were met. On April 28, President\u00a0Maia Sandu signed the decree of dissolving the previous Legislature and announced the date of snap parliamentary elections.<\/p>\n<p>See also:<a href=\"https:\/\/www.moldova.org\/en\/there-will-be-a-majority-government-in-moldovas-parliament\/\"> There will be a majority government in Moldova\u2019s Parliament<\/a><\/p>\n<p>Photo: privesc.eu<\/p>\n","protected":false},"excerpt":{"rendered":"<p><span class=\"span-reading-time rt-reading-time\" style=\"display: block;\"><span class=\"rt-label rt-prefix\">Reading Time: <\/span> <span class=\"rt-time\"> 2<\/span> <span class=\"rt-label rt-postfix\">minutes<\/span><\/span>The Constitutional Court (CC) confirmed the legality of the results of the parliamentary elections held on July 11 and validated the list of Members of Parliament (MPs) in a decision issued today. The Court noted that three political parties have obtained the minimum representation threshold in Parliament: the Party of Action and Solidarity (PAS), the [&hellip;]<\/p>\n","protected":false},"author":31,"featured_media":449548,"comment_status":"closed","ping_status":"closed","sticky":false,"template":"","format":"standard","meta":{"footnotes":""},"categories":[25,6,9,3],"tags":[1090,380,100,35,27,233,439,1087,1089],"class_list":["post-449545","post","type-post","status-publish","format-standard","has-post-thumbnail","hentry","category-elections","category-important-en","category-justice","category-politics","tag-confirmation","tag-constitutional-court","tag-elections","tag-important","tag-moldova","tag-parliament","tag-results","tag-seats","tag-validation"],"content_social_share":"<span class=\"span-reading-time rt-reading-time\" style=\"display: block;\"><span class=\"rt-label rt-prefix\">Reading Time: <\/span> <span class=\"rt-time\"> 2<\/span> <span class=\"rt-label rt-postfix\">minutes<\/span><\/span><p>The <strong>Constitutional Court (CC)<\/strong> confirmed the legality of the results of the parliamentary elections held on July 11 and validated the list of Members of Parliament (MPs) in a <a href=\"https:\/\/www.constcourt.md\/ccdocview.php?tip=hotariri&amp;docid=776&amp;l=ro\">decision<\/a> issued today.<\/p>\n<p>The Court <a href=\"https:\/\/www.constcourt.md\/libview.php?l=ro&amp;idc=7&amp;id=2239&amp;t=\/Media\/Noutati\/Curtea-a-examinat-sesizarea-Comisiei-Electorale-Centrale-referitoare-la-confirmarea-rezultatelor-alegerilor-parlamentare-anticipate-din-11-iulie-2021-i-validarea-mandatelor-deputatilor-alei\">noted<\/a> that three political parties have obtained the minimum representation threshold in Parliament: the Party of Action and Solidarity (PAS), the Electoral Bloc of Communists and Socialists (EBCS) and the &#8220;Shor&#8221; Political Party. The number of seats in Parliament established by the <strong>Central Electoral Commission (CEC)<\/strong> was as following: PAS &#8211; 63 seats; EBCS &#8211; 32 seats; &#8220;\u0218or&#8221; PP &#8211; 6 seats.<\/p>\n<blockquote><p>&#8220;The Court did not find any infringements likely to influence the results of the voting and the allocation of seats. The Court, therefore, confirmed that the snap parliamentary elections of 11 July, 2021, were organized and <span style=\"color: #993300;\">conducted correctly, by universal, equal, direct, secret and free suffrage.&#8221;<\/span><\/p><\/blockquote>\n<p>The CC also noted that, according to the information presented by the CEC, all the candidates included in the list were eligible for the position of MP and have submitted declarations that they are not prohibited from holding office.<\/p>\n<p>The President of the Republic of Moldova, <strong>Maia Sandu<\/strong>, <a href=\"https:\/\/www.presedinte.md\/rom\/presa\/presedintele-republicii-moldova-maia-sandu-a-semnat-decretul-de-convocare-a-parlamentului-nou-ales\">signed<\/a> the Decree convening the Parliament of the Republic of Moldova of the 11th Legislature. The first plenary session of the new Parliament will take place on Monday, July 26.<\/p>\n<p><em>&#8220;Next, is the election of the governing and working bodies of Parliament, as well as the investiture of a new Government. The problems are many and complex, we have no time to waste. I hope that the new Parliament will be able to quickly regain the trust of the citizens in this important institution through correct and courageous decisions, which will stop corruption and will improve the living conditions of the people,&#8221;<\/em> <a href=\"https:\/\/www.presedinte.md\/rom\/presa\/presedintele-republicii-moldova-maia-sandu-a-semnat-decretul-de-convocare-a-parlamentului-nou-ales\">said<\/a> President Maia Sandu.<\/p>\n<p>In the meantime, preparations are underway in the Parliament building to set up the new Legislature.<\/p>\n<div id=\"attachment_449546\" style=\"width: 1034px\" class=\"wp-caption alignnone\"><img fetchpriority=\"high\" decoding=\"async\" aria-describedby=\"caption-attachment-449546\" class=\"size-full wp-image-449546\" src=\"https:\/\/www.moldova.org\/en\/wp-content\/uploads\/sites\/2\/2021\/07\/parlament-1.jpg\" alt=\"\" width=\"1024\" height=\"683\" srcset=\"https:\/\/www.moldova.org\/en\/wp-content\/uploads\/sites\/2\/2021\/07\/parlament-1.jpg 1024w, https:\/\/www.moldova.org\/en\/wp-content\/uploads\/sites\/2\/2021\/07\/parlament-1-300x200.jpg 300w, https:\/\/www.moldova.org\/en\/wp-content\/uploads\/sites\/2\/2021\/07\/parlament-1-768x512.jpg 768w, https:\/\/www.moldova.org\/en\/wp-content\/uploads\/sites\/2\/2021\/07\/parlament-1-400x267.jpg 400w\" sizes=\"(max-width: 1024px) 100vw, 1024px\" \/><p id=\"caption-attachment-449546\" class=\"wp-caption-text\">Source: multimedia.parlament.md<\/p><\/div>\n<p>The Constitutional Court ascertained, on April 15, that the conditions justifying the dissolution of the Parliament were met. On April 28, President\u00a0Maia Sandu signed the decree of dissolving the previous Legislature and announced the date of snap parliamentary elections.<\/p>\n<p>See also:<a href=\"https:\/\/www.moldova.org\/en\/there-will-be-a-majority-government-in-moldovas-parliament\/\"> There will be a majority government in Moldova\u2019s Parliament<\/a><\/p>\n<p>Photo: privesc.eu<\/p>\n<div class='heateorSssClear'><\/div><div  class='heateor_sss_sharing_container heateor_sss_horizontal_sharing' data-heateor-sss-href='https:\/\/www.moldova.org\/en\/constitutional-court-confirmed-the-parliamentary-election-results-and-validated-the-list-of-mps\/' data-heateor-sss-no-counts=\"1\"><div class='heateor_sss_sharing_title' style=\"font-weight:bold\" ><\/div><div class=\"heateor_sss_sharing_ul\"><a aria-label=\"Facebook\" class=\"heateor_sss_facebook\" href=\"https:\/\/www.facebook.com\/sharer\/sharer.php?u=https%3A%2F%2Fwww.moldova.org%2Fen%2Fconstitutional-court-confirmed-the-parliamentary-election-results-and-validated-the-list-of-mps%2F\" title=\"Facebook\" rel=\"nofollow noopener\" target=\"_blank\" style=\"font-size:32px!important;box-shadow:none;display:inline-block;vertical-align:middle\"><span class=\"heateor_sss_svg\" style=\"background-color:#0765FE;width:100px;height:35px;display:inline-block;opacity:1;float:left;font-size:32px;box-shadow:none;display:inline-block;font-size:16px;padding:0 4px;vertical-align:middle;background-repeat:repeat;overflow:hidden;padding:0;cursor:pointer;box-sizing:content-box\"><svg style=\"display:block;\" focusable=\"false\" aria-hidden=\"true\" xmlns=\"http:\/\/www.w3.org\/2000\/svg\" width=\"100%\" height=\"100%\" viewBox=\"0 0 32 32\"><path fill=\"#fff\" d=\"M28 16c0-6.627-5.373-12-12-12S4 9.373 4 16c0 5.628 3.875 10.35 9.101 11.647v-7.98h-2.474V16H13.1v-1.58c0-4.085 1.849-5.978 5.859-5.978.76 0 2.072.15 2.608.298v3.325c-.283-.03-.775-.045-1.386-.045-1.967 0-2.728.745-2.728 2.683V16h3.92l-.673 3.667h-3.247v8.245C23.395 27.195 28 22.135 28 16Z\"><\/path><\/svg><\/span><\/a><a aria-label=\"Twitter\" class=\"heateor_sss_button_twitter\" href=\"https:\/\/twitter.com\/intent\/tweet?text=Constitutional%20Court%20confirmed%20the%20parliamentary%20election%20results%20and%20validated%20the%20list%20of%20MPs&url=https%3A%2F%2Fwww.moldova.org%2Fen%2Fconstitutional-court-confirmed-the-parliamentary-election-results-and-validated-the-list-of-mps%2F\" title=\"Twitter\" rel=\"nofollow noopener\" target=\"_blank\" style=\"font-size:32px!important;box-shadow:none;display:inline-block;vertical-align:middle\"><span class=\"heateor_sss_svg heateor_sss_s__default heateor_sss_s_twitter\" style=\"background-color:#55acee;width:100px;height:35px;display:inline-block;opacity:1;float:left;font-size:32px;box-shadow:none;display:inline-block;font-size:16px;padding:0 4px;vertical-align:middle;background-repeat:repeat;overflow:hidden;padding:0;cursor:pointer;box-sizing:content-box\"><svg style=\"display:block;\" focusable=\"false\" aria-hidden=\"true\" xmlns=\"http:\/\/www.w3.org\/2000\/svg\" width=\"100%\" height=\"100%\" viewBox=\"-4 -4 39 39\"><path d=\"M28 8.557a9.913 9.913 0 0 1-2.828.775 4.93 4.93 0 0 0 2.166-2.725 9.738 9.738 0 0 1-3.13 1.194 4.92 4.92 0 0 0-3.593-1.55 4.924 4.924 0 0 0-4.794 6.049c-4.09-.21-7.72-2.17-10.15-5.15a4.942 4.942 0 0 0-.665 2.477c0 1.71.87 3.214 2.19 4.1a4.968 4.968 0 0 1-2.23-.616v.06c0 2.39 1.7 4.38 3.952 4.83-.414.115-.85.174-1.297.174-.318 0-.626-.03-.928-.086a4.935 4.935 0 0 0 4.6 3.42 9.893 9.893 0 0 1-6.114 2.107c-.398 0-.79-.023-1.175-.068a13.953 13.953 0 0 0 7.55 2.213c9.056 0 14.01-7.507 14.01-14.013 0-.213-.005-.426-.015-.637.96-.695 1.795-1.56 2.455-2.55z\" fill=\"#fff\"><\/path><\/svg><\/span><\/a><a aria-label=\"Odnoklassniki\" class=\"heateor_sss_button_odnoklassniki\" href=\"https:\/\/connect.ok.ru\/dk?cmd=WidgetSharePreview&st.cmd=WidgetSharePreview&st.shareUrl=https%3A%2F%2Fwww.moldova.org%2Fen%2Fconstitutional-court-confirmed-the-parliamentary-election-results-and-validated-the-list-of-mps%2F&st.client_id=-1\" title=\"Odnoklassniki\" rel=\"nofollow noopener\" target=\"_blank\" style=\"font-size:32px!important;box-shadow:none;display:inline-block;vertical-align:middle\"><span class=\"heateor_sss_svg heateor_sss_s__default heateor_sss_s_odnoklassniki\" style=\"background-color:#f2720c;width:100px;height:35px;display:inline-block;opacity:1;float:left;font-size:32px;box-shadow:none;display:inline-block;font-size:16px;padding:0 4px;vertical-align:middle;background-repeat:repeat;overflow:hidden;padding:0;cursor:pointer;box-sizing:content-box\"><svg style=\"display:block;\" focusable=\"false\" aria-hidden=\"true\" xmlns=\"http:\/\/www.w3.org\/2000\/svg\" width=\"100%\" height=\"100%\" viewBox=\"0 0 32 32\"><path fill=\"#fff\" d=\"M16 16.16a6.579 6.579 0 0 1-6.58-6.58A6.578 6.578 0 0 1 16 3a6.58 6.58 0 1 1 .002 13.16zm0-9.817a3.235 3.235 0 0 0-3.236 3.237 3.234 3.234 0 0 0 3.237 3.236 3.236 3.236 0 1 0 .004-6.473zm7.586 10.62c.647 1.3-.084 1.93-1.735 2.99-1.395.9-3.313 1.238-4.564 1.368l1.048 1.05 3.877 3.88c.59.59.59 1.543 0 2.133l-.177.18c-.59.59-1.544.59-2.134 0l-3.88-3.88-3.877 3.88c-.59.59-1.543.59-2.135 0l-.176-.18a1.505 1.505 0 0 1 0-2.132l3.88-3.877 1.042-1.046c-1.25-.127-3.19-.465-4.6-1.37-1.65-1.062-2.38-1.69-1.733-2.99.37-.747 1.4-1.367 2.768-.29C13.035 18.13 16 18.13 16 18.13s2.968 0 4.818-1.456c1.368-1.077 2.4-.457 2.768.29z\"><\/path><\/svg><\/span><\/a><a aria-label=\"Telegram\" class=\"heateor_sss_button_telegram\" href=\"https:\/\/telegram.me\/share\/url?url=https%3A%2F%2Fwww.moldova.org%2Fen%2Fconstitutional-court-confirmed-the-parliamentary-election-results-and-validated-the-list-of-mps%2F&text=Constitutional%20Court%20confirmed%20the%20parliamentary%20election%20results%20and%20validated%20the%20list%20of%20MPs\" title=\"Telegram\" rel=\"nofollow noopener\" target=\"_blank\" style=\"font-size:32px!important;box-shadow:none;display:inline-block;vertical-align:middle\"><span class=\"heateor_sss_svg heateor_sss_s__default heateor_sss_s_telegram\" style=\"background-color:#3da5f1;width:100px;height:35px;display:inline-block;opacity:1;float:left;font-size:32px;box-shadow:none;display:inline-block;font-size:16px;padding:0 4px;vertical-align:middle;background-repeat:repeat;overflow:hidden;padding:0;cursor:pointer;box-sizing:content-box\"><svg style=\"display:block;\" focusable=\"false\" aria-hidden=\"true\" xmlns=\"http:\/\/www.w3.org\/2000\/svg\" width=\"100%\" height=\"100%\" viewBox=\"0 0 32 32\"><path fill=\"#fff\" d=\"M25.515 6.896L6.027 14.41c-1.33.534-1.322 1.276-.243 1.606l5 1.56 1.72 5.66c.226.625.115.873.77.873.506 0 .73-.235 1.012-.51l2.43-2.363 5.056 3.734c.93.514 1.602.25 1.834-.863l3.32-15.638c.338-1.363-.52-1.98-1.41-1.577z\"><\/path><\/svg><\/span><\/a><\/div><div class=\"heateorSssClear\"><\/div><\/div><div class='heateorSssClear'><\/div>","yoast_head":"<!-- This site is optimized with the Yoast SEO plugin v27.5 - https:\/\/yoast.com\/product\/yoast-seo-wordpress\/ -->\n<title>Constitutional Court confirmed the parliamentary election results and validated the list of MPs - Moldova.org<\/title>\n<meta name=\"robots\" content=\"index, follow, max-snippet:-1, max-image-preview:large, max-video-preview:-1\" \/>\n<link rel=\"canonical\" href=\"https:\/\/www.moldova.org\/en\/constitutional-court-confirmed-the-parliamentary-election-results-and-validated-the-list-of-mps\/\" \/>\n<meta name=\"twitter:label1\" content=\"Written by\" \/>\n\t<meta name=\"twitter:data1\" content=\"Maria Dulgher\" \/>\n\t<meta name=\"twitter:label2\" content=\"Estimated reading time\" \/>\n\t<meta name=\"twitter:data2\" content=\"2 minutes\" \/>\n<script type=\"application\/ld+json\" class=\"yoast-schema-graph\">{\"@context\":\"https:\\\/\\\/schema.org\",\"@graph\":[{\"@type\":\"Article\",\"@id\":\"https:\\\/\\\/www.moldova.org\\\/en\\\/constitutional-court-confirmed-the-parliamentary-election-results-and-validated-the-list-of-mps\\\/#article\",\"isPartOf\":{\"@id\":\"https:\\\/\\\/www.moldova.org\\\/en\\\/constitutional-court-confirmed-the-parliamentary-election-results-and-validated-the-list-of-mps\\\/\"},\"author\":{\"name\":\"Maria Dulgher\",\"@id\":\"https:\\\/\\\/www.moldova.org\\\/en\\\/#\\\/schema\\\/person\\\/4cd49a1f49c7d48a105c8a4cb7e3a2bf\"},\"headline\":\"Constitutional Court confirmed the parliamentary election results and validated the list of MPs\",\"datePublished\":\"2021-07-23T15:29:51+00:00\",\"dateModified\":\"2021-07-23T15:34:05+00:00\",\"mainEntityOfPage\":{\"@id\":\"https:\\\/\\\/www.moldova.org\\\/en\\\/constitutional-court-confirmed-the-parliamentary-election-results-and-validated-the-list-of-mps\\\/\"},\"wordCount\":382,\"image\":{\"@id\":\"https:\\\/\\\/www.moldova.org\\\/en\\\/constitutional-court-confirmed-the-parliamentary-election-results-and-validated-the-list-of-mps\\\/#primaryimage\"},\"thumbnailUrl\":\"https:\\\/\\\/www.moldova.org\\\/en\\\/wp-content\\\/uploads\\\/sites\\\/2\\\/2021\\\/07\\\/constitutional-court-2.jpg\",\"keywords\":[\"confirmation\",\"constitutional court\",\"elections\",\"Important\",\"Moldova\",\"parliament\",\"results\",\"seats\",\"validation\"],\"articleSection\":[\"Elections\",\"Important\",\"Justice\",\"Politics\"],\"inLanguage\":\"en-GB\"},{\"@type\":\"WebPage\",\"@id\":\"https:\\\/\\\/www.moldova.org\\\/en\\\/constitutional-court-confirmed-the-parliamentary-election-results-and-validated-the-list-of-mps\\\/\",\"url\":\"https:\\\/\\\/www.moldova.org\\\/en\\\/constitutional-court-confirmed-the-parliamentary-election-results-and-validated-the-list-of-mps\\\/\",\"name\":\"Constitutional Court confirmed the parliamentary election results and validated the list of MPs - Moldova.org\",\"isPartOf\":{\"@id\":\"https:\\\/\\\/www.moldova.org\\\/en\\\/#website\"},\"primaryImageOfPage\":{\"@id\":\"https:\\\/\\\/www.moldova.org\\\/en\\\/constitutional-court-confirmed-the-parliamentary-election-results-and-validated-the-list-of-mps\\\/#primaryimage\"},\"image\":{\"@id\":\"https:\\\/\\\/www.moldova.org\\\/en\\\/constitutional-court-confirmed-the-parliamentary-election-results-and-validated-the-list-of-mps\\\/#primaryimage\"},\"thumbnailUrl\":\"https:\\\/\\\/www.moldova.org\\\/en\\\/wp-content\\\/uploads\\\/sites\\\/2\\\/2021\\\/07\\\/constitutional-court-2.jpg\",\"datePublished\":\"2021-07-23T15:29:51+00:00\",\"dateModified\":\"2021-07-23T15:34:05+00:00\",\"author\":{\"@id\":\"https:\\\/\\\/www.moldova.org\\\/en\\\/#\\\/schema\\\/person\\\/4cd49a1f49c7d48a105c8a4cb7e3a2bf\"},\"breadcrumb\":{\"@id\":\"https:\\\/\\\/www.moldova.org\\\/en\\\/constitutional-court-confirmed-the-parliamentary-election-results-and-validated-the-list-of-mps\\\/#breadcrumb\"},\"inLanguage\":\"en-GB\",\"potentialAction\":[{\"@type\":\"ReadAction\",\"target\":[\"https:\\\/\\\/www.moldova.org\\\/en\\\/constitutional-court-confirmed-the-parliamentary-election-results-and-validated-the-list-of-mps\\\/\"]}]},{\"@type\":\"ImageObject\",\"inLanguage\":\"en-GB\",\"@id\":\"https:\\\/\\\/www.moldova.org\\\/en\\\/constitutional-court-confirmed-the-parliamentary-election-results-and-validated-the-list-of-mps\\\/#primaryimage\",\"url\":\"https:\\\/\\\/www.moldova.org\\\/en\\\/wp-content\\\/uploads\\\/sites\\\/2\\\/2021\\\/07\\\/constitutional-court-2.jpg\",\"contentUrl\":\"https:\\\/\\\/www.moldova.org\\\/en\\\/wp-content\\\/uploads\\\/sites\\\/2\\\/2021\\\/07\\\/constitutional-court-2.jpg\",\"width\":1920,\"height\":1020},{\"@type\":\"BreadcrumbList\",\"@id\":\"https:\\\/\\\/www.moldova.org\\\/en\\\/constitutional-court-confirmed-the-parliamentary-election-results-and-validated-the-list-of-mps\\\/#breadcrumb\",\"itemListElement\":[{\"@type\":\"ListItem\",\"position\":1,\"name\":\"Home\",\"item\":\"https:\\\/\\\/www.moldova.org\\\/en\\\/\"},{\"@type\":\"ListItem\",\"position\":2,\"name\":\"Constitutional Court confirmed the parliamentary election results and validated the list of MPs\"}]},{\"@type\":\"WebSite\",\"@id\":\"https:\\\/\\\/www.moldova.org\\\/en\\\/#website\",\"url\":\"https:\\\/\\\/www.moldova.org\\\/en\\\/\",\"name\":\"Moldova.org\",\"description\":\"The first news website of Moldova\",\"potentialAction\":[{\"@type\":\"SearchAction\",\"target\":{\"@type\":\"EntryPoint\",\"urlTemplate\":\"https:\\\/\\\/www.moldova.org\\\/en\\\/?s={search_term_string}\"},\"query-input\":{\"@type\":\"PropertyValueSpecification\",\"valueRequired\":true,\"valueName\":\"search_term_string\"}}],\"inLanguage\":\"en-GB\"},{\"@type\":\"Person\",\"@id\":\"https:\\\/\\\/www.moldova.org\\\/en\\\/#\\\/schema\\\/person\\\/4cd49a1f49c7d48a105c8a4cb7e3a2bf\",\"name\":\"Maria Dulgher\",\"image\":{\"@type\":\"ImageObject\",\"inLanguage\":\"en-GB\",\"@id\":\"https:\\\/\\\/secure.gravatar.com\\\/avatar\\\/845882001991bde511a90853b5102f4286c0293237ace764fffc0d327a09702d?s=96&d=mm&r=g\",\"url\":\"https:\\\/\\\/secure.gravatar.com\\\/avatar\\\/845882001991bde511a90853b5102f4286c0293237ace764fffc0d327a09702d?s=96&d=mm&r=g\",\"contentUrl\":\"https:\\\/\\\/secure.gravatar.com\\\/avatar\\\/845882001991bde511a90853b5102f4286c0293237ace764fffc0d327a09702d?s=96&d=mm&r=g\",\"caption\":\"Maria Dulgher\"},\"description\":\"Jurnalist\u0103 that speaks English very well. De aia Maria are grij\u0103 c\u0103 prietenii no\u0219tri str\u0103ini s\u0103 nu piard\u0103 nicio informa\u021bie valoroas\u0103 despre actualitatea din Moldova.\",\"sameAs\":[\"https:\\\/\\\/www.facebook.com\\\/mariuta.dulgher\",\"https:\\\/\\\/www.instagram.com\\\/marie.dulgher\\\/\",\"https:\\\/\\\/www.linkedin.com\\\/in\\\/maria-dulgher-4a9a2bb2\\\/\"],\"url\":\"https:\\\/\\\/www.moldova.org\\\/en\\\/author\\\/mariadulgher\\\/\"}]}<\/script>\n<!-- \/ Yoast SEO plugin. -->","yoast_head_json":{"title":"Constitutional Court confirmed the parliamentary election results and validated the list of MPs - Moldova.org","robots":{"index":"index","follow":"follow","max-snippet":"max-snippet:-1","max-image-preview":"max-image-preview:large","max-video-preview":"max-video-preview:-1"},"canonical":"https:\/\/www.moldova.org\/en\/constitutional-court-confirmed-the-parliamentary-election-results-and-validated-the-list-of-mps\/","twitter_misc":{"Written by":"Maria Dulgher","Estimated reading time":"2 minutes"},"schema":{"@context":"https:\/\/schema.org","@graph":[{"@type":"Article","@id":"https:\/\/www.moldova.org\/en\/constitutional-court-confirmed-the-parliamentary-election-results-and-validated-the-list-of-mps\/#article","isPartOf":{"@id":"https:\/\/www.moldova.org\/en\/constitutional-court-confirmed-the-parliamentary-election-results-and-validated-the-list-of-mps\/"},"author":{"name":"Maria Dulgher","@id":"https:\/\/www.moldova.org\/en\/#\/schema\/person\/4cd49a1f49c7d48a105c8a4cb7e3a2bf"},"headline":"Constitutional Court confirmed the parliamentary election results and validated the list of MPs","datePublished":"2021-07-23T15:29:51+00:00","dateModified":"2021-07-23T15:34:05+00:00","mainEntityOfPage":{"@id":"https:\/\/www.moldova.org\/en\/constitutional-court-confirmed-the-parliamentary-election-results-and-validated-the-list-of-mps\/"},"wordCount":382,"image":{"@id":"https:\/\/www.moldova.org\/en\/constitutional-court-confirmed-the-parliamentary-election-results-and-validated-the-list-of-mps\/#primaryimage"},"thumbnailUrl":"https:\/\/www.moldova.org\/en\/wp-content\/uploads\/sites\/2\/2021\/07\/constitutional-court-2.jpg","keywords":["confirmation","constitutional court","elections","Important","Moldova","parliament","results","seats","validation"],"articleSection":["Elections","Important","Justice","Politics"],"inLanguage":"en-GB"},{"@type":"WebPage","@id":"https:\/\/www.moldova.org\/en\/constitutional-court-confirmed-the-parliamentary-election-results-and-validated-the-list-of-mps\/","url":"https:\/\/www.moldova.org\/en\/constitutional-court-confirmed-the-parliamentary-election-results-and-validated-the-list-of-mps\/","name":"Constitutional Court confirmed the parliamentary election results and validated the list of MPs - Moldova.org","isPartOf":{"@id":"https:\/\/www.moldova.org\/en\/#website"},"primaryImageOfPage":{"@id":"https:\/\/www.moldova.org\/en\/constitutional-court-confirmed-the-parliamentary-election-results-and-validated-the-list-of-mps\/#primaryimage"},"image":{"@id":"https:\/\/www.moldova.org\/en\/constitutional-court-confirmed-the-parliamentary-election-results-and-validated-the-list-of-mps\/#primaryimage"},"thumbnailUrl":"https:\/\/www.moldova.org\/en\/wp-content\/uploads\/sites\/2\/2021\/07\/constitutional-court-2.jpg","datePublished":"2021-07-23T15:29:51+00:00","dateModified":"2021-07-23T15:34:05+00:00","author":{"@id":"https:\/\/www.moldova.org\/en\/#\/schema\/person\/4cd49a1f49c7d48a105c8a4cb7e3a2bf"},"breadcrumb":{"@id":"https:\/\/www.moldova.org\/en\/constitutional-court-confirmed-the-parliamentary-election-results-and-validated-the-list-of-mps\/#breadcrumb"},"inLanguage":"en-GB","potentialAction":[{"@type":"ReadAction","target":["https:\/\/www.moldova.org\/en\/constitutional-court-confirmed-the-parliamentary-election-results-and-validated-the-list-of-mps\/"]}]},{"@type":"ImageObject","inLanguage":"en-GB","@id":"https:\/\/www.moldova.org\/en\/constitutional-court-confirmed-the-parliamentary-election-results-and-validated-the-list-of-mps\/#primaryimage","url":"https:\/\/www.moldova.org\/en\/wp-content\/uploads\/sites\/2\/2021\/07\/constitutional-court-2.jpg","contentUrl":"https:\/\/www.moldova.org\/en\/wp-content\/uploads\/sites\/2\/2021\/07\/constitutional-court-2.jpg","width":1920,"height":1020},{"@type":"BreadcrumbList","@id":"https:\/\/www.moldova.org\/en\/constitutional-court-confirmed-the-parliamentary-election-results-and-validated-the-list-of-mps\/#breadcrumb","itemListElement":[{"@type":"ListItem","position":1,"name":"Home","item":"https:\/\/www.moldova.org\/en\/"},{"@type":"ListItem","position":2,"name":"Constitutional Court confirmed the parliamentary election results and validated the list of MPs"}]},{"@type":"WebSite","@id":"https:\/\/www.moldova.org\/en\/#website","url":"https:\/\/www.moldova.org\/en\/","name":"Moldova.org","description":"The first news website of Moldova","potentialAction":[{"@type":"SearchAction","target":{"@type":"EntryPoint","urlTemplate":"https:\/\/www.moldova.org\/en\/?s={search_term_string}"},"query-input":{"@type":"PropertyValueSpecification","valueRequired":true,"valueName":"search_term_string"}}],"inLanguage":"en-GB"},{"@type":"Person","@id":"https:\/\/www.moldova.org\/en\/#\/schema\/person\/4cd49a1f49c7d48a105c8a4cb7e3a2bf","name":"Maria Dulgher","image":{"@type":"ImageObject","inLanguage":"en-GB","@id":"https:\/\/secure.gravatar.com\/avatar\/845882001991bde511a90853b5102f4286c0293237ace764fffc0d327a09702d?s=96&d=mm&r=g","url":"https:\/\/secure.gravatar.com\/avatar\/845882001991bde511a90853b5102f4286c0293237ace764fffc0d327a09702d?s=96&d=mm&r=g","contentUrl":"https:\/\/secure.gravatar.com\/avatar\/845882001991bde511a90853b5102f4286c0293237ace764fffc0d327a09702d?s=96&d=mm&r=g","caption":"Maria Dulgher"},"description":"Jurnalist\u0103 that speaks English very well. De aia Maria are grij\u0103 c\u0103 prietenii no\u0219tri str\u0103ini s\u0103 nu piard\u0103 nicio informa\u021bie valoroas\u0103 despre actualitatea din Moldova.","sameAs":["https:\/\/www.facebook.com\/mariuta.dulgher","https:\/\/www.instagram.com\/marie.dulgher\/","https:\/\/www.linkedin.com\/in\/maria-dulgher-4a9a2bb2\/"],"url":"https:\/\/www.moldova.org\/en\/author\/mariadulgher\/"}]}},"_links":{"self":[{"href":"https:\/\/www.moldova.org\/en\/wp-json\/wp\/v2\/posts\/449545","targetHints":{"allow":["GET"]}}],"collection":[{"href":"https:\/\/www.moldova.org\/en\/wp-json\/wp\/v2\/posts"}],"about":[{"href":"https:\/\/www.moldova.org\/en\/wp-json\/wp\/v2\/types\/post"}],"author":[{"embeddable":true,"href":"https:\/\/www.moldova.org\/en\/wp-json\/wp\/v2\/users\/31"}],"replies":[{"embeddable":true,"href":"https:\/\/www.moldova.org\/en\/wp-json\/wp\/v2\/comments?post=449545"}],"version-history":[{"count":0,"href":"https:\/\/www.moldova.org\/en\/wp-json\/wp\/v2\/posts\/449545\/revisions"}],"wp:featuredmedia":[{"embeddable":true,"href":"https:\/\/www.moldova.org\/en\/wp-json\/wp\/v2\/media\/449548"}],"wp:attachment":[{"href":"https:\/\/www.moldova.org\/en\/wp-json\/wp\/v2\/media?parent=449545"}],"wp:term":[{"taxonomy":"category","embeddable":true,"href":"https:\/\/www.moldova.org\/en\/wp-json\/wp\/v2\/categories?post=449545"},{"taxonomy":"post_tag","embeddable":true,"href":"https:\/\/www.moldova.org\/en\/wp-json\/wp\/v2\/tags?post=449545"}],"curies":[{"name":"wp","href":"https:\/\/api.w.org\/{rel}","templated":true}]}}