{"id":448208,"date":"2020-04-27T20:10:43","date_gmt":"2020-04-27T20:10:43","guid":{"rendered":"http:\/\/www.moldova.org\/en\/?p=448208"},"modified":"2020-04-27T20:34:50","modified_gmt":"2020-04-27T20:34:50","slug":"anniversary-declarations-10-years-of-moldova-romania-strategic-partnership","status":"publish","type":"post","link":"https:\/\/www.moldova.org\/en\/anniversary-declarations-10-years-of-moldova-romania-strategic-partnership\/","title":{"rendered":"Anniversary declarations: 10 years of the Moldova-Romania Strategic Partnership"},"content":{"rendered":"<span class=\"span-reading-time rt-reading-time\" style=\"display: block;\"><span class=\"rt-label rt-prefix\">Reading Time: <\/span> <span class=\"rt-time\"> 3<\/span> <span class=\"rt-label rt-postfix\">minutes<\/span><\/span><p>On April 27, the Republic of Moldova and Romania marked 10 years since the adoption of a Joint Declaration on the Strategic Partnership establishment between the two countries for Moldova&#8217;s European Integration &#8211; <span style=\"color: #000080\"><em>&#8220;a partnership that opened new economic and cultural opportunities and converted Romania into the most important economic partner of the Republic of Moldova,&#8221;<\/em><\/span> as it was declared in the Government&#8217;s official <a href=\"https:\/\/gov.md\/ro\/content\/ion-chicu-s-intalnit-cu-es-daniel-ionita-ambasadorul-romaniei-republica-moldova\">statement<\/a> published after the meeting of Moldovan Prime Minister <strong>Ion Chicu<\/strong> with the\u00a0Ambassador of Romania to the Republic of Moldova, <strong>Daniel Ionita<\/strong>.<\/p>\n<p>On the same occasion, the Romanian Government announced that the Republic of Moldova would be provided with a support package in order to fight the COVID-19 pandemic.<em> &#8220;In the Republic of Moldova, the situation is complicated. Romania, which is considered an extremely important partner, as we believe &#8211; the most important partner of the Republic of Moldova &#8211; will prepare and implement in a few days two important supportive measures,&#8221;<\/em> <a href=\"https:\/\/www.facebook.com\/ambasada.romaniei.in.republica.moldova\/posts\/1331268440415943?__tn__=K-R\">mentioned<\/a>\u00a0President of Romania, Klaus Iohannis, in a press conference today.<\/p>\n<p>The support actions include a team of doctors and nurses from Romania who will voluntarily join their colleagues from the Republic of Moldova and a series of protective equipment donations funded by the Romanian Government: masks, sanitary materials, protective equipment and medicines, as the official <a href=\"https:\/\/www.facebook.com\/ambasada.romaniei.in.republica.moldova\/?ref=br_rs\">announcement<\/a> stated.<\/p>\n<blockquote><p>&#8220;Romania seeks, as a matter of priority, to provide direct support to the citizens of the Republic of Moldova, in the spirit of the existing special relationship based on the common language, history and culture, as well as based on cooperation within the Strategic Partnership for\u00a0Moldova&#8217;s European Integration.&#8221;<\/p><\/blockquote>\n<p>The Romanian Government also reiterated its commitment to continue to support the fulfilment of the fundamental objective of European Integration of the Republic of Moldova, <span style=\"color: #000080\"><em>&#8220;the only one able to ensure the economic and social development of the Republic of Moldova in the benefit of its citizens,&#8221;<\/em><\/span> as it was highlighted in the official notice.<\/p>\n<p>The Romanian officials mentioned the results of the implementation of the Strategic Partnership in the 10 years since it was signed: the EU-Moldova Association Agreement, the Deep and Comprehensive Free Trade Areas, visa liberalisation, increasing economic exchanges and the access of the products of the Republic of Moldova on the markets of the EU states, including Romania, opportunities open to students, people of culture and science in the matter of connecting them to the European area of \u200b\u200beducation, culture and science, bilateral agreements followed by non-reimbursable financial assistance provided by the Romanian and the EU sides, construction of the Iasi-Ungheni-Chisinau gas pipeline, educational and cultural projects, scholarships, etc.<\/p>\n<blockquote><p>&#8220;The 10th anniversary of the Strategic Partnership is not only an opportunity for celebration, but should also represent a chance to look to the future with responsibility and pragmatism, so that, through renewed efforts, we can maintain and strengthen the European path of the Republic of Moldova.&#8221;<\/p><\/blockquote>\n<p>The Romanian officials brought also some criticism to the way things are managed in Chisinau. <span style=\"color: #000080\"><em>&#8220;Recent developments do not attest to the continuation or implementation of sustainable reforms in the direction of advancing the European agenda and do not provide the guarantee of a European path for the Republic of Moldova. Under these conditions, the development of the bilateral Strategic Partnership cannot be achieved to its true potential, according to Romania&#8217;s will and capacity,&#8221; <\/em><span style=\"color: #000000\">the press release posted on the page of the Romanian Embassy to the Republic of Moldova said.<\/span><\/span><\/p>\n<p>Therefore, further support would be strictly conditioned by the continuation of the reforms essential for the democratic development of the Republic of Moldova and advancement of its European path.<\/p>\n<div id=\"attachment_448209\" style=\"width: 940px\" class=\"wp-caption aligncenter\"><img fetchpriority=\"high\" decoding=\"async\" aria-describedby=\"caption-attachment-448209\" class=\"size-full wp-image-448209\" src=\"http:\/\/www.moldova.org\/en\/wp-content\/uploads\/sites\/2\/2020\/04\/chicu-si-amb.jpg\" alt=\"\" width=\"930\" height=\"620\" srcset=\"https:\/\/www.moldova.org\/en\/wp-content\/uploads\/sites\/2\/2020\/04\/chicu-si-amb.jpg 930w, https:\/\/www.moldova.org\/en\/wp-content\/uploads\/sites\/2\/2020\/04\/chicu-si-amb-300x200.jpg 300w, https:\/\/www.moldova.org\/en\/wp-content\/uploads\/sites\/2\/2020\/04\/chicu-si-amb-768x512.jpg 768w, https:\/\/www.moldova.org\/en\/wp-content\/uploads\/sites\/2\/2020\/04\/chicu-si-amb-400x267.jpg 400w\" sizes=\"(max-width: 930px) 100vw, 930px\" \/><p id=\"caption-attachment-448209\" class=\"wp-caption-text\">Source: gov.md<\/p><\/div>\n<p>On the other hand, Prime Minister of Moldova Ion Chicu <a href=\"https:\/\/gov.md\/ro\/content\/ion-chicu-s-intalnit-cu-es-daniel-ionita-ambasadorul-romaniei-republica-moldova\">appreciated<\/a> the special importance of the Iasi-Ungheni-Chisinau gas pipeline construction,\u00a0thanked the Romanian Government for the provided support for modernization of some cultural and educational institutions and\u00a0expressed his confidence that the strategic partnership between the countries will determine future socio-cultural and economic cooperation, opening new opportunities for the people and businesses of both states.<\/p>\n<p>Photo: Romania-Insider<\/p>\n","protected":false},"excerpt":{"rendered":"<p><span class=\"span-reading-time rt-reading-time\" style=\"display: block;\"><span class=\"rt-label rt-prefix\">Reading Time: <\/span> <span class=\"rt-time\"> 3<\/span> <span class=\"rt-label rt-postfix\">minutes<\/span><\/span>On April 27, the Republic of Moldova and Romania marked 10 years since the adoption of a Joint Declaration on the Strategic Partnership establishment between the two countries for Moldova&#8217;s European Integration &#8211; &#8220;a partnership that opened new economic and cultural opportunities and converted Romania into the most important economic partner of the Republic of [&hellip;]<\/p>\n","protected":false},"author":31,"featured_media":448210,"comment_status":"closed","ping_status":"closed","sticky":false,"template":"","format":"standard","meta":{"footnotes":""},"categories":[5,452,3],"tags":[691,561,196,35,27,498,689,75,33,690,448],"class_list":["post-448208","post","type-post","status-publish","format-standard","has-post-thumbnail","hentry","category-economy","category-events","category-politics","tag-10-years","tag-561","tag-declarations","tag-important","tag-moldova","tag-officials","tag-partnership","tag-politics","tag-romania","tag-strategic","tag-support"],"content_social_share":"<span class=\"span-reading-time rt-reading-time\" style=\"display: block;\"><span class=\"rt-label rt-prefix\">Reading Time: <\/span> <span class=\"rt-time\"> 3<\/span> <span class=\"rt-label rt-postfix\">minutes<\/span><\/span><p>On April 27, the Republic of Moldova and Romania marked 10 years since the adoption of a Joint Declaration on the Strategic Partnership establishment between the two countries for Moldova&#8217;s European Integration &#8211; <span style=\"color: #000080\"><em>&#8220;a partnership that opened new economic and cultural opportunities and converted Romania into the most important economic partner of the Republic of Moldova,&#8221;<\/em><\/span> as it was declared in the Government&#8217;s official <a href=\"https:\/\/gov.md\/ro\/content\/ion-chicu-s-intalnit-cu-es-daniel-ionita-ambasadorul-romaniei-republica-moldova\">statement<\/a> published after the meeting of Moldovan Prime Minister <strong>Ion Chicu<\/strong> with the\u00a0Ambassador of Romania to the Republic of Moldova, <strong>Daniel Ionita<\/strong>.<\/p>\n<p>On the same occasion, the Romanian Government announced that the Republic of Moldova would be provided with a support package in order to fight the COVID-19 pandemic.<em> &#8220;In the Republic of Moldova, the situation is complicated. Romania, which is considered an extremely important partner, as we believe &#8211; the most important partner of the Republic of Moldova &#8211; will prepare and implement in a few days two important supportive measures,&#8221;<\/em> <a href=\"https:\/\/www.facebook.com\/ambasada.romaniei.in.republica.moldova\/posts\/1331268440415943?__tn__=K-R\">mentioned<\/a>\u00a0President of Romania, Klaus Iohannis, in a press conference today.<\/p>\n<p>The support actions include a team of doctors and nurses from Romania who will voluntarily join their colleagues from the Republic of Moldova and a series of protective equipment donations funded by the Romanian Government: masks, sanitary materials, protective equipment and medicines, as the official <a href=\"https:\/\/www.facebook.com\/ambasada.romaniei.in.republica.moldova\/?ref=br_rs\">announcement<\/a> stated.<\/p>\n<blockquote><p>&#8220;Romania seeks, as a matter of priority, to provide direct support to the citizens of the Republic of Moldova, in the spirit of the existing special relationship based on the common language, history and culture, as well as based on cooperation within the Strategic Partnership for\u00a0Moldova&#8217;s European Integration.&#8221;<\/p><\/blockquote>\n<p>The Romanian Government also reiterated its commitment to continue to support the fulfilment of the fundamental objective of European Integration of the Republic of Moldova, <span style=\"color: #000080\"><em>&#8220;the only one able to ensure the economic and social development of the Republic of Moldova in the benefit of its citizens,&#8221;<\/em><\/span> as it was highlighted in the official notice.<\/p>\n<p>The Romanian officials mentioned the results of the implementation of the Strategic Partnership in the 10 years since it was signed: the EU-Moldova Association Agreement, the Deep and Comprehensive Free Trade Areas, visa liberalisation, increasing economic exchanges and the access of the products of the Republic of Moldova on the markets of the EU states, including Romania, opportunities open to students, people of culture and science in the matter of connecting them to the European area of \u200b\u200beducation, culture and science, bilateral agreements followed by non-reimbursable financial assistance provided by the Romanian and the EU sides, construction of the Iasi-Ungheni-Chisinau gas pipeline, educational and cultural projects, scholarships, etc.<\/p>\n<blockquote><p>&#8220;The 10th anniversary of the Strategic Partnership is not only an opportunity for celebration, but should also represent a chance to look to the future with responsibility and pragmatism, so that, through renewed efforts, we can maintain and strengthen the European path of the Republic of Moldova.&#8221;<\/p><\/blockquote>\n<p>The Romanian officials brought also some criticism to the way things are managed in Chisinau. <span style=\"color: #000080\"><em>&#8220;Recent developments do not attest to the continuation or implementation of sustainable reforms in the direction of advancing the European agenda and do not provide the guarantee of a European path for the Republic of Moldova. Under these conditions, the development of the bilateral Strategic Partnership cannot be achieved to its true potential, according to Romania&#8217;s will and capacity,&#8221; <\/em><span style=\"color: #000000\">the press release posted on the page of the Romanian Embassy to the Republic of Moldova said.<\/span><\/span><\/p>\n<p>Therefore, further support would be strictly conditioned by the continuation of the reforms essential for the democratic development of the Republic of Moldova and advancement of its European path.<\/p>\n<div id=\"attachment_448209\" style=\"width: 940px\" class=\"wp-caption aligncenter\"><img fetchpriority=\"high\" decoding=\"async\" aria-describedby=\"caption-attachment-448209\" class=\"size-full wp-image-448209\" src=\"http:\/\/www.moldova.org\/en\/wp-content\/uploads\/sites\/2\/2020\/04\/chicu-si-amb.jpg\" alt=\"\" width=\"930\" height=\"620\" srcset=\"https:\/\/www.moldova.org\/en\/wp-content\/uploads\/sites\/2\/2020\/04\/chicu-si-amb.jpg 930w, https:\/\/www.moldova.org\/en\/wp-content\/uploads\/sites\/2\/2020\/04\/chicu-si-amb-300x200.jpg 300w, https:\/\/www.moldova.org\/en\/wp-content\/uploads\/sites\/2\/2020\/04\/chicu-si-amb-768x512.jpg 768w, https:\/\/www.moldova.org\/en\/wp-content\/uploads\/sites\/2\/2020\/04\/chicu-si-amb-400x267.jpg 400w\" sizes=\"(max-width: 930px) 100vw, 930px\" \/><p id=\"caption-attachment-448209\" class=\"wp-caption-text\">Source: gov.md<\/p><\/div>\n<p>On the other hand, Prime Minister of Moldova Ion Chicu <a href=\"https:\/\/gov.md\/ro\/content\/ion-chicu-s-intalnit-cu-es-daniel-ionita-ambasadorul-romaniei-republica-moldova\">appreciated<\/a> the special importance of the Iasi-Ungheni-Chisinau gas pipeline construction,\u00a0thanked the Romanian Government for the provided support for modernization of some cultural and educational institutions and\u00a0expressed his confidence that the strategic partnership between the countries will determine future socio-cultural and economic cooperation, opening new opportunities for the people and businesses of both states.<\/p>\n<p>Photo: Romania-Insider<\/p>\n<div class='heateorSssClear'><\/div><div  class='heateor_sss_sharing_container heateor_sss_horizontal_sharing' data-heateor-sss-href='https:\/\/www.moldova.org\/en\/anniversary-declarations-10-years-of-moldova-romania-strategic-partnership\/' data-heateor-sss-no-counts=\"1\"><div class='heateor_sss_sharing_title' style=\"font-weight:bold\" ><\/div><div class=\"heateor_sss_sharing_ul\"><a aria-label=\"Facebook\" class=\"heateor_sss_facebook\" href=\"https:\/\/www.facebook.com\/sharer\/sharer.php?u=https%3A%2F%2Fwww.moldova.org%2Fen%2Fanniversary-declarations-10-years-of-moldova-romania-strategic-partnership%2F\" title=\"Facebook\" rel=\"nofollow noopener\" target=\"_blank\" style=\"font-size:32px!important;box-shadow:none;display:inline-block;vertical-align:middle\"><span class=\"heateor_sss_svg\" style=\"background-color:#0765FE;width:100px;height:35px;display:inline-block;opacity:1;float:left;font-size:32px;box-shadow:none;display:inline-block;font-size:16px;padding:0 4px;vertical-align:middle;background-repeat:repeat;overflow:hidden;padding:0;cursor:pointer;box-sizing:content-box\"><svg style=\"display:block;\" focusable=\"false\" aria-hidden=\"true\" xmlns=\"http:\/\/www.w3.org\/2000\/svg\" width=\"100%\" height=\"100%\" viewBox=\"0 0 32 32\"><path fill=\"#fff\" d=\"M28 16c0-6.627-5.373-12-12-12S4 9.373 4 16c0 5.628 3.875 10.35 9.101 11.647v-7.98h-2.474V16H13.1v-1.58c0-4.085 1.849-5.978 5.859-5.978.76 0 2.072.15 2.608.298v3.325c-.283-.03-.775-.045-1.386-.045-1.967 0-2.728.745-2.728 2.683V16h3.92l-.673 3.667h-3.247v8.245C23.395 27.195 28 22.135 28 16Z\"><\/path><\/svg><\/span><\/a><a aria-label=\"Twitter\" class=\"heateor_sss_button_twitter\" href=\"https:\/\/twitter.com\/intent\/tweet?text=Anniversary%20declarations%3A%2010%20years%20of%20the%20Moldova-Romania%20Strategic%20Partnership&url=https%3A%2F%2Fwww.moldova.org%2Fen%2Fanniversary-declarations-10-years-of-moldova-romania-strategic-partnership%2F\" title=\"Twitter\" rel=\"nofollow noopener\" target=\"_blank\" style=\"font-size:32px!important;box-shadow:none;display:inline-block;vertical-align:middle\"><span class=\"heateor_sss_svg heateor_sss_s__default heateor_sss_s_twitter\" style=\"background-color:#55acee;width:100px;height:35px;display:inline-block;opacity:1;float:left;font-size:32px;box-shadow:none;display:inline-block;font-size:16px;padding:0 4px;vertical-align:middle;background-repeat:repeat;overflow:hidden;padding:0;cursor:pointer;box-sizing:content-box\"><svg style=\"display:block;\" focusable=\"false\" aria-hidden=\"true\" xmlns=\"http:\/\/www.w3.org\/2000\/svg\" width=\"100%\" height=\"100%\" viewBox=\"-4 -4 39 39\"><path d=\"M28 8.557a9.913 9.913 0 0 1-2.828.775 4.93 4.93 0 0 0 2.166-2.725 9.738 9.738 0 0 1-3.13 1.194 4.92 4.92 0 0 0-3.593-1.55 4.924 4.924 0 0 0-4.794 6.049c-4.09-.21-7.72-2.17-10.15-5.15a4.942 4.942 0 0 0-.665 2.477c0 1.71.87 3.214 2.19 4.1a4.968 4.968 0 0 1-2.23-.616v.06c0 2.39 1.7 4.38 3.952 4.83-.414.115-.85.174-1.297.174-.318 0-.626-.03-.928-.086a4.935 4.935 0 0 0 4.6 3.42 9.893 9.893 0 0 1-6.114 2.107c-.398 0-.79-.023-1.175-.068a13.953 13.953 0 0 0 7.55 2.213c9.056 0 14.01-7.507 14.01-14.013 0-.213-.005-.426-.015-.637.96-.695 1.795-1.56 2.455-2.55z\" fill=\"#fff\"><\/path><\/svg><\/span><\/a><a aria-label=\"Odnoklassniki\" class=\"heateor_sss_button_odnoklassniki\" href=\"https:\/\/connect.ok.ru\/dk?cmd=WidgetSharePreview&st.cmd=WidgetSharePreview&st.shareUrl=https%3A%2F%2Fwww.moldova.org%2Fen%2Fanniversary-declarations-10-years-of-moldova-romania-strategic-partnership%2F&st.client_id=-1\" title=\"Odnoklassniki\" rel=\"nofollow noopener\" target=\"_blank\" style=\"font-size:32px!important;box-shadow:none;display:inline-block;vertical-align:middle\"><span class=\"heateor_sss_svg heateor_sss_s__default heateor_sss_s_odnoklassniki\" style=\"background-color:#f2720c;width:100px;height:35px;display:inline-block;opacity:1;float:left;font-size:32px;box-shadow:none;display:inline-block;font-size:16px;padding:0 4px;vertical-align:middle;background-repeat:repeat;overflow:hidden;padding:0;cursor:pointer;box-sizing:content-box\"><svg style=\"display:block;\" focusable=\"false\" aria-hidden=\"true\" xmlns=\"http:\/\/www.w3.org\/2000\/svg\" width=\"100%\" height=\"100%\" viewBox=\"0 0 32 32\"><path fill=\"#fff\" d=\"M16 16.16a6.579 6.579 0 0 1-6.58-6.58A6.578 6.578 0 0 1 16 3a6.58 6.58 0 1 1 .002 13.16zm0-9.817a3.235 3.235 0 0 0-3.236 3.237 3.234 3.234 0 0 0 3.237 3.236 3.236 3.236 0 1 0 .004-6.473zm7.586 10.62c.647 1.3-.084 1.93-1.735 2.99-1.395.9-3.313 1.238-4.564 1.368l1.048 1.05 3.877 3.88c.59.59.59 1.543 0 2.133l-.177.18c-.59.59-1.544.59-2.134 0l-3.88-3.88-3.877 3.88c-.59.59-1.543.59-2.135 0l-.176-.18a1.505 1.505 0 0 1 0-2.132l3.88-3.877 1.042-1.046c-1.25-.127-3.19-.465-4.6-1.37-1.65-1.062-2.38-1.69-1.733-2.99.37-.747 1.4-1.367 2.768-.29C13.035 18.13 16 18.13 16 18.13s2.968 0 4.818-1.456c1.368-1.077 2.4-.457 2.768.29z\"><\/path><\/svg><\/span><\/a><a aria-label=\"Telegram\" class=\"heateor_sss_button_telegram\" href=\"https:\/\/telegram.me\/share\/url?url=https%3A%2F%2Fwww.moldova.org%2Fen%2Fanniversary-declarations-10-years-of-moldova-romania-strategic-partnership%2F&text=Anniversary%20declarations%3A%2010%20years%20of%20the%20Moldova-Romania%20Strategic%20Partnership\" title=\"Telegram\" rel=\"nofollow noopener\" target=\"_blank\" style=\"font-size:32px!important;box-shadow:none;display:inline-block;vertical-align:middle\"><span class=\"heateor_sss_svg heateor_sss_s__default heateor_sss_s_telegram\" style=\"background-color:#3da5f1;width:100px;height:35px;display:inline-block;opacity:1;float:left;font-size:32px;box-shadow:none;display:inline-block;font-size:16px;padding:0 4px;vertical-align:middle;background-repeat:repeat;overflow:hidden;padding:0;cursor:pointer;box-sizing:content-box\"><svg style=\"display:block;\" focusable=\"false\" aria-hidden=\"true\" xmlns=\"http:\/\/www.w3.org\/2000\/svg\" width=\"100%\" height=\"100%\" viewBox=\"0 0 32 32\"><path fill=\"#fff\" d=\"M25.515 6.896L6.027 14.41c-1.33.534-1.322 1.276-.243 1.606l5 1.56 1.72 5.66c.226.625.115.873.77.873.506 0 .73-.235 1.012-.51l2.43-2.363 5.056 3.734c.93.514 1.602.25 1.834-.863l3.32-15.638c.338-1.363-.52-1.98-1.41-1.577z\"><\/path><\/svg><\/span><\/a><\/div><div class=\"heateorSssClear\"><\/div><\/div><div class='heateorSssClear'><\/div>","yoast_head":"<!-- This site is optimized with the Yoast SEO plugin v27.5 - https:\/\/yoast.com\/product\/yoast-seo-wordpress\/ -->\n<title>Anniversary declarations: 10 years of the Moldova-Romania Strategic Partnership - Moldova.org<\/title>\n<meta name=\"robots\" content=\"index, follow, max-snippet:-1, max-image-preview:large, max-video-preview:-1\" \/>\n<link rel=\"canonical\" href=\"https:\/\/www.moldova.org\/en\/anniversary-declarations-10-years-of-moldova-romania-strategic-partnership\/\" \/>\n<meta name=\"twitter:label1\" content=\"Written by\" \/>\n\t<meta name=\"twitter:data1\" content=\"Maria Dulgher\" \/>\n\t<meta name=\"twitter:label2\" content=\"Estimated reading time\" \/>\n\t<meta name=\"twitter:data2\" content=\"3 minutes\" \/>\n<script type=\"application\/ld+json\" class=\"yoast-schema-graph\">{\"@context\":\"https:\\\/\\\/schema.org\",\"@graph\":[{\"@type\":\"Article\",\"@id\":\"https:\\\/\\\/www.moldova.org\\\/en\\\/anniversary-declarations-10-years-of-moldova-romania-strategic-partnership\\\/#article\",\"isPartOf\":{\"@id\":\"https:\\\/\\\/www.moldova.org\\\/en\\\/anniversary-declarations-10-years-of-moldova-romania-strategic-partnership\\\/\"},\"author\":{\"name\":\"Maria Dulgher\",\"@id\":\"https:\\\/\\\/www.moldova.org\\\/en\\\/#\\\/schema\\\/person\\\/4cd49a1f49c7d48a105c8a4cb7e3a2bf\"},\"headline\":\"Anniversary declarations: 10 years of the Moldova-Romania Strategic Partnership\",\"datePublished\":\"2020-04-27T20:10:43+00:00\",\"dateModified\":\"2020-04-27T20:34:50+00:00\",\"mainEntityOfPage\":{\"@id\":\"https:\\\/\\\/www.moldova.org\\\/en\\\/anniversary-declarations-10-years-of-moldova-romania-strategic-partnership\\\/\"},\"wordCount\":676,\"image\":{\"@id\":\"https:\\\/\\\/www.moldova.org\\\/en\\\/anniversary-declarations-10-years-of-moldova-romania-strategic-partnership\\\/#primaryimage\"},\"thumbnailUrl\":\"https:\\\/\\\/www.moldova.org\\\/en\\\/wp-content\\\/uploads\\\/sites\\\/2\\\/2020\\\/04\\\/romania-si-moldova.jpg\",\"keywords\":[\"10 years\",\"2020\",\"declarations\",\"Important\",\"Moldova\",\"officials\",\"Partnership\",\"politics\",\"Romania\",\"Strategic\",\"Support\"],\"articleSection\":[\"Economy\",\"Events\",\"Politics\"],\"inLanguage\":\"en-GB\"},{\"@type\":\"WebPage\",\"@id\":\"https:\\\/\\\/www.moldova.org\\\/en\\\/anniversary-declarations-10-years-of-moldova-romania-strategic-partnership\\\/\",\"url\":\"https:\\\/\\\/www.moldova.org\\\/en\\\/anniversary-declarations-10-years-of-moldova-romania-strategic-partnership\\\/\",\"name\":\"Anniversary declarations: 10 years of the Moldova-Romania Strategic Partnership - Moldova.org\",\"isPartOf\":{\"@id\":\"https:\\\/\\\/www.moldova.org\\\/en\\\/#website\"},\"primaryImageOfPage\":{\"@id\":\"https:\\\/\\\/www.moldova.org\\\/en\\\/anniversary-declarations-10-years-of-moldova-romania-strategic-partnership\\\/#primaryimage\"},\"image\":{\"@id\":\"https:\\\/\\\/www.moldova.org\\\/en\\\/anniversary-declarations-10-years-of-moldova-romania-strategic-partnership\\\/#primaryimage\"},\"thumbnailUrl\":\"https:\\\/\\\/www.moldova.org\\\/en\\\/wp-content\\\/uploads\\\/sites\\\/2\\\/2020\\\/04\\\/romania-si-moldova.jpg\",\"datePublished\":\"2020-04-27T20:10:43+00:00\",\"dateModified\":\"2020-04-27T20:34:50+00:00\",\"author\":{\"@id\":\"https:\\\/\\\/www.moldova.org\\\/en\\\/#\\\/schema\\\/person\\\/4cd49a1f49c7d48a105c8a4cb7e3a2bf\"},\"breadcrumb\":{\"@id\":\"https:\\\/\\\/www.moldova.org\\\/en\\\/anniversary-declarations-10-years-of-moldova-romania-strategic-partnership\\\/#breadcrumb\"},\"inLanguage\":\"en-GB\",\"potentialAction\":[{\"@type\":\"ReadAction\",\"target\":[\"https:\\\/\\\/www.moldova.org\\\/en\\\/anniversary-declarations-10-years-of-moldova-romania-strategic-partnership\\\/\"]}]},{\"@type\":\"ImageObject\",\"inLanguage\":\"en-GB\",\"@id\":\"https:\\\/\\\/www.moldova.org\\\/en\\\/anniversary-declarations-10-years-of-moldova-romania-strategic-partnership\\\/#primaryimage\",\"url\":\"https:\\\/\\\/www.moldova.org\\\/en\\\/wp-content\\\/uploads\\\/sites\\\/2\\\/2020\\\/04\\\/romania-si-moldova.jpg\",\"contentUrl\":\"https:\\\/\\\/www.moldova.org\\\/en\\\/wp-content\\\/uploads\\\/sites\\\/2\\\/2020\\\/04\\\/romania-si-moldova.jpg\",\"width\":930,\"height\":607},{\"@type\":\"BreadcrumbList\",\"@id\":\"https:\\\/\\\/www.moldova.org\\\/en\\\/anniversary-declarations-10-years-of-moldova-romania-strategic-partnership\\\/#breadcrumb\",\"itemListElement\":[{\"@type\":\"ListItem\",\"position\":1,\"name\":\"Home\",\"item\":\"https:\\\/\\\/www.moldova.org\\\/en\\\/\"},{\"@type\":\"ListItem\",\"position\":2,\"name\":\"Anniversary declarations: 10 years of the Moldova-Romania Strategic Partnership\"}]},{\"@type\":\"WebSite\",\"@id\":\"https:\\\/\\\/www.moldova.org\\\/en\\\/#website\",\"url\":\"https:\\\/\\\/www.moldova.org\\\/en\\\/\",\"name\":\"Moldova.org\",\"description\":\"The first news website of Moldova\",\"potentialAction\":[{\"@type\":\"SearchAction\",\"target\":{\"@type\":\"EntryPoint\",\"urlTemplate\":\"https:\\\/\\\/www.moldova.org\\\/en\\\/?s={search_term_string}\"},\"query-input\":{\"@type\":\"PropertyValueSpecification\",\"valueRequired\":true,\"valueName\":\"search_term_string\"}}],\"inLanguage\":\"en-GB\"},{\"@type\":\"Person\",\"@id\":\"https:\\\/\\\/www.moldova.org\\\/en\\\/#\\\/schema\\\/person\\\/4cd49a1f49c7d48a105c8a4cb7e3a2bf\",\"name\":\"Maria Dulgher\",\"image\":{\"@type\":\"ImageObject\",\"inLanguage\":\"en-GB\",\"@id\":\"https:\\\/\\\/secure.gravatar.com\\\/avatar\\\/845882001991bde511a90853b5102f4286c0293237ace764fffc0d327a09702d?s=96&d=mm&r=g\",\"url\":\"https:\\\/\\\/secure.gravatar.com\\\/avatar\\\/845882001991bde511a90853b5102f4286c0293237ace764fffc0d327a09702d?s=96&d=mm&r=g\",\"contentUrl\":\"https:\\\/\\\/secure.gravatar.com\\\/avatar\\\/845882001991bde511a90853b5102f4286c0293237ace764fffc0d327a09702d?s=96&d=mm&r=g\",\"caption\":\"Maria Dulgher\"},\"description\":\"Jurnalist\u0103 that speaks English very well. De aia Maria are grij\u0103 c\u0103 prietenii no\u0219tri str\u0103ini s\u0103 nu piard\u0103 nicio informa\u021bie valoroas\u0103 despre actualitatea din Moldova.\",\"sameAs\":[\"https:\\\/\\\/www.facebook.com\\\/mariuta.dulgher\",\"https:\\\/\\\/www.instagram.com\\\/marie.dulgher\\\/\",\"https:\\\/\\\/www.linkedin.com\\\/in\\\/maria-dulgher-4a9a2bb2\\\/\"],\"url\":\"https:\\\/\\\/www.moldova.org\\\/en\\\/author\\\/mariadulgher\\\/\"}]}<\/script>\n<!-- \/ Yoast SEO plugin. -->","yoast_head_json":{"title":"Anniversary declarations: 10 years of the Moldova-Romania Strategic Partnership - Moldova.org","robots":{"index":"index","follow":"follow","max-snippet":"max-snippet:-1","max-image-preview":"max-image-preview:large","max-video-preview":"max-video-preview:-1"},"canonical":"https:\/\/www.moldova.org\/en\/anniversary-declarations-10-years-of-moldova-romania-strategic-partnership\/","twitter_misc":{"Written by":"Maria Dulgher","Estimated reading time":"3 minutes"},"schema":{"@context":"https:\/\/schema.org","@graph":[{"@type":"Article","@id":"https:\/\/www.moldova.org\/en\/anniversary-declarations-10-years-of-moldova-romania-strategic-partnership\/#article","isPartOf":{"@id":"https:\/\/www.moldova.org\/en\/anniversary-declarations-10-years-of-moldova-romania-strategic-partnership\/"},"author":{"name":"Maria Dulgher","@id":"https:\/\/www.moldova.org\/en\/#\/schema\/person\/4cd49a1f49c7d48a105c8a4cb7e3a2bf"},"headline":"Anniversary declarations: 10 years of the Moldova-Romania Strategic Partnership","datePublished":"2020-04-27T20:10:43+00:00","dateModified":"2020-04-27T20:34:50+00:00","mainEntityOfPage":{"@id":"https:\/\/www.moldova.org\/en\/anniversary-declarations-10-years-of-moldova-romania-strategic-partnership\/"},"wordCount":676,"image":{"@id":"https:\/\/www.moldova.org\/en\/anniversary-declarations-10-years-of-moldova-romania-strategic-partnership\/#primaryimage"},"thumbnailUrl":"https:\/\/www.moldova.org\/en\/wp-content\/uploads\/sites\/2\/2020\/04\/romania-si-moldova.jpg","keywords":["10 years","2020","declarations","Important","Moldova","officials","Partnership","politics","Romania","Strategic","Support"],"articleSection":["Economy","Events","Politics"],"inLanguage":"en-GB"},{"@type":"WebPage","@id":"https:\/\/www.moldova.org\/en\/anniversary-declarations-10-years-of-moldova-romania-strategic-partnership\/","url":"https:\/\/www.moldova.org\/en\/anniversary-declarations-10-years-of-moldova-romania-strategic-partnership\/","name":"Anniversary declarations: 10 years of the Moldova-Romania Strategic Partnership - Moldova.org","isPartOf":{"@id":"https:\/\/www.moldova.org\/en\/#website"},"primaryImageOfPage":{"@id":"https:\/\/www.moldova.org\/en\/anniversary-declarations-10-years-of-moldova-romania-strategic-partnership\/#primaryimage"},"image":{"@id":"https:\/\/www.moldova.org\/en\/anniversary-declarations-10-years-of-moldova-romania-strategic-partnership\/#primaryimage"},"thumbnailUrl":"https:\/\/www.moldova.org\/en\/wp-content\/uploads\/sites\/2\/2020\/04\/romania-si-moldova.jpg","datePublished":"2020-04-27T20:10:43+00:00","dateModified":"2020-04-27T20:34:50+00:00","author":{"@id":"https:\/\/www.moldova.org\/en\/#\/schema\/person\/4cd49a1f49c7d48a105c8a4cb7e3a2bf"},"breadcrumb":{"@id":"https:\/\/www.moldova.org\/en\/anniversary-declarations-10-years-of-moldova-romania-strategic-partnership\/#breadcrumb"},"inLanguage":"en-GB","potentialAction":[{"@type":"ReadAction","target":["https:\/\/www.moldova.org\/en\/anniversary-declarations-10-years-of-moldova-romania-strategic-partnership\/"]}]},{"@type":"ImageObject","inLanguage":"en-GB","@id":"https:\/\/www.moldova.org\/en\/anniversary-declarations-10-years-of-moldova-romania-strategic-partnership\/#primaryimage","url":"https:\/\/www.moldova.org\/en\/wp-content\/uploads\/sites\/2\/2020\/04\/romania-si-moldova.jpg","contentUrl":"https:\/\/www.moldova.org\/en\/wp-content\/uploads\/sites\/2\/2020\/04\/romania-si-moldova.jpg","width":930,"height":607},{"@type":"BreadcrumbList","@id":"https:\/\/www.moldova.org\/en\/anniversary-declarations-10-years-of-moldova-romania-strategic-partnership\/#breadcrumb","itemListElement":[{"@type":"ListItem","position":1,"name":"Home","item":"https:\/\/www.moldova.org\/en\/"},{"@type":"ListItem","position":2,"name":"Anniversary declarations: 10 years of the Moldova-Romania Strategic Partnership"}]},{"@type":"WebSite","@id":"https:\/\/www.moldova.org\/en\/#website","url":"https:\/\/www.moldova.org\/en\/","name":"Moldova.org","description":"The first news website of Moldova","potentialAction":[{"@type":"SearchAction","target":{"@type":"EntryPoint","urlTemplate":"https:\/\/www.moldova.org\/en\/?s={search_term_string}"},"query-input":{"@type":"PropertyValueSpecification","valueRequired":true,"valueName":"search_term_string"}}],"inLanguage":"en-GB"},{"@type":"Person","@id":"https:\/\/www.moldova.org\/en\/#\/schema\/person\/4cd49a1f49c7d48a105c8a4cb7e3a2bf","name":"Maria Dulgher","image":{"@type":"ImageObject","inLanguage":"en-GB","@id":"https:\/\/secure.gravatar.com\/avatar\/845882001991bde511a90853b5102f4286c0293237ace764fffc0d327a09702d?s=96&d=mm&r=g","url":"https:\/\/secure.gravatar.com\/avatar\/845882001991bde511a90853b5102f4286c0293237ace764fffc0d327a09702d?s=96&d=mm&r=g","contentUrl":"https:\/\/secure.gravatar.com\/avatar\/845882001991bde511a90853b5102f4286c0293237ace764fffc0d327a09702d?s=96&d=mm&r=g","caption":"Maria Dulgher"},"description":"Jurnalist\u0103 that speaks English very well. De aia Maria are grij\u0103 c\u0103 prietenii no\u0219tri str\u0103ini s\u0103 nu piard\u0103 nicio informa\u021bie valoroas\u0103 despre actualitatea din Moldova.","sameAs":["https:\/\/www.facebook.com\/mariuta.dulgher","https:\/\/www.instagram.com\/marie.dulgher\/","https:\/\/www.linkedin.com\/in\/maria-dulgher-4a9a2bb2\/"],"url":"https:\/\/www.moldova.org\/en\/author\/mariadulgher\/"}]}},"_links":{"self":[{"href":"https:\/\/www.moldova.org\/en\/wp-json\/wp\/v2\/posts\/448208","targetHints":{"allow":["GET"]}}],"collection":[{"href":"https:\/\/www.moldova.org\/en\/wp-json\/wp\/v2\/posts"}],"about":[{"href":"https:\/\/www.moldova.org\/en\/wp-json\/wp\/v2\/types\/post"}],"author":[{"embeddable":true,"href":"https:\/\/www.moldova.org\/en\/wp-json\/wp\/v2\/users\/31"}],"replies":[{"embeddable":true,"href":"https:\/\/www.moldova.org\/en\/wp-json\/wp\/v2\/comments?post=448208"}],"version-history":[{"count":0,"href":"https:\/\/www.moldova.org\/en\/wp-json\/wp\/v2\/posts\/448208\/revisions"}],"wp:featuredmedia":[{"embeddable":true,"href":"https:\/\/www.moldova.org\/en\/wp-json\/wp\/v2\/media\/448210"}],"wp:attachment":[{"href":"https:\/\/www.moldova.org\/en\/wp-json\/wp\/v2\/media?parent=448208"}],"wp:term":[{"taxonomy":"category","embeddable":true,"href":"https:\/\/www.moldova.org\/en\/wp-json\/wp\/v2\/categories?post=448208"},{"taxonomy":"post_tag","embeddable":true,"href":"https:\/\/www.moldova.org\/en\/wp-json\/wp\/v2\/tags?post=448208"}],"curies":[{"name":"wp","href":"https:\/\/api.w.org\/{rel}","templated":true}]}}