{"id":447914,"date":"2020-01-18T13:52:08","date_gmt":"2020-01-18T13:52:08","guid":{"rendered":"http:\/\/www.moldova.org\/en\/?p=447914"},"modified":"2020-02-05T19:37:12","modified_gmt":"2020-02-05T19:37:12","slug":"an-international-monetary-fund-mission-will-visit-chisinau-next-week","status":"publish","type":"post","link":"https:\/\/www.moldova.org\/en\/an-international-monetary-fund-mission-will-visit-chisinau-next-week\/","title":{"rendered":"An International Monetary Fund mission will visit Chi\u015fin\u0103u next week"},"content":{"rendered":"<span class=\"span-reading-time rt-reading-time\" style=\"display: block;\"><span class=\"rt-label rt-prefix\">Reading Time: <\/span> <span class=\"rt-time\"> 2<\/span> <span class=\"rt-label rt-postfix\">minutes<\/span><\/span><p style=\"font-weight: 400\">An International Monetary Fund (IMF) mission, led by <strong>Ruben Atoyan,<\/strong> will be visiting the capital city of the Republic of Moldova during January 22 \u2013 February 5, 2020, as a <a href=\"https:\/\/www.imf.md\/press\/pressl\/pressl-170120.html\">press release<\/a> of the IMF permanent representative office in Moldova stated.<\/p>\n<p>According to the statement, during the visit, the mission will hold discussions with Moldovan authorities <span style=\"color: #003366\"><em>&#8220;in preparation of the 2020 Article IV consultation\u00a0and in the context of the sixth and final reviews of Moldova\u2019s IMF-supported program under the Extended Credit Facility (ECF) and the Extended Fund Facility (EFF) arrangements.&#8221;\u00a0<\/em><\/span><\/p>\n<p>Under <strong>Article IV<\/strong> of the\u00a0<a href=\"https:\/\/www.imf.org\/external\/pubs\/ft\/aa\/\">IMF&#8217;s Articles of Agreement<\/a>, the IMF holds bilateral discussions with members. First, a staff team visits the country, collects economic and financial information, and discusses with officials the country&#8217;s economic developments and policies. On return to headquarters, the staff prepares a report, which forms the basis for discussion by the Executive Board (<a href=\"http:\/\/www.imf.org\/en\/About\/Factsheets\/IMF-Surveillance\">IMF Factsheet on Surveillance<\/a>), as it is explained on the organisation&#8217;s\u00a0<a href=\"https:\/\/www.imf.md\/press\/pressl\/pressl-170120.html\">official page<\/a>.<\/p>\n<p style=\"font-weight: 400\"><span style=\"color: #003366\"><em>&#8220;The mission will take stock of the recent economic developments and the progress in authorities\u2019 program implementation, update and assess the macroeconomic outlook, and discuss with the authorities medium-term challenges and risk facing Moldova\u2019s economy and policies to address them,&#8221;<\/em><\/span> is mentioned in the press release.<\/p>\n<p class=\"webdate\">The last visit of the IMF staff team in Moldova<a href=\"https:\/\/www.imf.md\/press\/pressw\/press-191009.html\"> took place<\/a> during October 2\u20138, 2019. At the conclusion of the visit, Mr. Atoyan made the following statement:<\/p>\n<p class=\"webdate\"><em>\u201cWe commend the authorities for taking decisive actions to bring the IMF-supported program back on track and advancing reforms. During the past week, we have held constructive discussions on recent economic developments and policies to maintain macroeconomic and fiscal stability. To this end, the mission initiated discussions on policy priorities and financing for the 2020 budget. Discussions on measures and reforms to support the fiscal policy package for 2020 will continue in the period ahead, including during the upcoming IMF-World Bank Annual Meetings in Washington, D.C.\u201d<\/em><\/p>\n<p>In December\u00a02019, Prime Minister Ion Chicu <a href=\"https:\/\/www.moldova.org\/en\/ion-chicu-our-goal-is-to-build-lasting-relationships-with-the-imf-but-not-at-any-cost\/\">declared<\/a> that <strong>a pause in the relationship with the\u00a0IMF could be taken<\/strong>\u00a0if the given organisation opposes investments in infrastructure or insists on the rise in gas tariffs.\u00a0<em>\u201cOur goal is to build lasting relationships with the IMF, but not at any cost,\u201d<\/em>\u00a0stated Premier Ion Chicu.<\/p>\n<p>The head of the Moldovan Government noted that a new program could be signed with IMF, after the current program expires in March. However, according to him, the IMF is a partner that imposes conditions that can restrict the Government\u2019s development plans and investments in infrastructure.\u00a0<em>\u201cThe IMF is a partner of the Republic of Moldova and I am for having a program supported by this institution. Beyond the financial aspect, there is the one of reforms. I want to finalise the existing program by March and then have another,\u201d<\/em>\u00a0said Ion Chicu.<\/p>\n<p style=\"font-weight: 400\">Moldova\u2019s three-year IMF program was approved on November 7, 2016, being supported by a loan of\u00a0<strong>129.4 million<\/strong> special drawing rights (SDR), which is about $182 million, or 75% of the Republic of Moldova\u2019s quota. 115 million SDR (about US$160 million) have been already disbursed. Two thirds of the loan are provided under the Extended Credit Facility, which carries a zero interest rate through 2018, a grace period of 5\u00bd years, and a 10-year maturity. The rest of the loan is provided under the Extended Fund Facility, which carries an annual interest rate equal to the SDR basic rate of charge (currently 1.7 percent), and is repayable over 10 years with a 4\u00bd -year grace period.<\/p>\n","protected":false},"excerpt":{"rendered":"<p><span class=\"span-reading-time rt-reading-time\" style=\"display: block;\"><span class=\"rt-label rt-prefix\">Reading Time: <\/span> <span class=\"rt-time\"> 2<\/span> <span class=\"rt-label rt-postfix\">minutes<\/span><\/span>An International Monetary Fund (IMF) mission, led by Ruben Atoyan, will be visiting the capital city of the Republic of Moldova during January 22 \u2013 February 5, 2020, as a press release of the IMF permanent representative office in Moldova stated. According to the statement, during the visit, the mission will hold discussions with Moldovan [&hellip;]<\/p>\n","protected":false},"author":31,"featured_media":447915,"comment_status":"closed","ping_status":"closed","sticky":false,"template":"","format":"standard","meta":{"footnotes":""},"categories":[6],"tags":[390,35,419,27,544,371],"class_list":["post-447914","post","type-post","status-publish","format-standard","has-post-thumbnail","hentry","category-important-en","tag-imf","tag-important","tag-mission","tag-moldova","tag-program","tag-visit"],"content_social_share":"<span class=\"span-reading-time rt-reading-time\" style=\"display: block;\"><span class=\"rt-label rt-prefix\">Reading Time: <\/span> <span class=\"rt-time\"> 2<\/span> <span class=\"rt-label rt-postfix\">minutes<\/span><\/span><p style=\"font-weight: 400\">An International Monetary Fund (IMF) mission, led by <strong>Ruben Atoyan,<\/strong> will be visiting the capital city of the Republic of Moldova during January 22 \u2013 February 5, 2020, as a <a href=\"https:\/\/www.imf.md\/press\/pressl\/pressl-170120.html\">press release<\/a> of the IMF permanent representative office in Moldova stated.<\/p>\n<p>According to the statement, during the visit, the mission will hold discussions with Moldovan authorities <span style=\"color: #003366\"><em>&#8220;in preparation of the 2020 Article IV consultation\u00a0and in the context of the sixth and final reviews of Moldova\u2019s IMF-supported program under the Extended Credit Facility (ECF) and the Extended Fund Facility (EFF) arrangements.&#8221;\u00a0<\/em><\/span><\/p>\n<p>Under <strong>Article IV<\/strong> of the\u00a0<a href=\"https:\/\/www.imf.org\/external\/pubs\/ft\/aa\/\">IMF&#8217;s Articles of Agreement<\/a>, the IMF holds bilateral discussions with members. First, a staff team visits the country, collects economic and financial information, and discusses with officials the country&#8217;s economic developments and policies. On return to headquarters, the staff prepares a report, which forms the basis for discussion by the Executive Board (<a href=\"http:\/\/www.imf.org\/en\/About\/Factsheets\/IMF-Surveillance\">IMF Factsheet on Surveillance<\/a>), as it is explained on the organisation&#8217;s\u00a0<a href=\"https:\/\/www.imf.md\/press\/pressl\/pressl-170120.html\">official page<\/a>.<\/p>\n<p style=\"font-weight: 400\"><span style=\"color: #003366\"><em>&#8220;The mission will take stock of the recent economic developments and the progress in authorities\u2019 program implementation, update and assess the macroeconomic outlook, and discuss with the authorities medium-term challenges and risk facing Moldova\u2019s economy and policies to address them,&#8221;<\/em><\/span> is mentioned in the press release.<\/p>\n<p class=\"webdate\">The last visit of the IMF staff team in Moldova<a href=\"https:\/\/www.imf.md\/press\/pressw\/press-191009.html\"> took place<\/a> during October 2\u20138, 2019. At the conclusion of the visit, Mr. Atoyan made the following statement:<\/p>\n<p class=\"webdate\"><em>\u201cWe commend the authorities for taking decisive actions to bring the IMF-supported program back on track and advancing reforms. During the past week, we have held constructive discussions on recent economic developments and policies to maintain macroeconomic and fiscal stability. To this end, the mission initiated discussions on policy priorities and financing for the 2020 budget. Discussions on measures and reforms to support the fiscal policy package for 2020 will continue in the period ahead, including during the upcoming IMF-World Bank Annual Meetings in Washington, D.C.\u201d<\/em><\/p>\n<p>In December\u00a02019, Prime Minister Ion Chicu <a href=\"https:\/\/www.moldova.org\/en\/ion-chicu-our-goal-is-to-build-lasting-relationships-with-the-imf-but-not-at-any-cost\/\">declared<\/a> that <strong>a pause in the relationship with the\u00a0IMF could be taken<\/strong>\u00a0if the given organisation opposes investments in infrastructure or insists on the rise in gas tariffs.\u00a0<em>\u201cOur goal is to build lasting relationships with the IMF, but not at any cost,\u201d<\/em>\u00a0stated Premier Ion Chicu.<\/p>\n<p>The head of the Moldovan Government noted that a new program could be signed with IMF, after the current program expires in March. However, according to him, the IMF is a partner that imposes conditions that can restrict the Government\u2019s development plans and investments in infrastructure.\u00a0<em>\u201cThe IMF is a partner of the Republic of Moldova and I am for having a program supported by this institution. Beyond the financial aspect, there is the one of reforms. I want to finalise the existing program by March and then have another,\u201d<\/em>\u00a0said Ion Chicu.<\/p>\n<p style=\"font-weight: 400\">Moldova\u2019s three-year IMF program was approved on November 7, 2016, being supported by a loan of\u00a0<strong>129.4 million<\/strong> special drawing rights (SDR), which is about $182 million, or 75% of the Republic of Moldova\u2019s quota. 115 million SDR (about US$160 million) have been already disbursed. Two thirds of the loan are provided under the Extended Credit Facility, which carries a zero interest rate through 2018, a grace period of 5\u00bd years, and a 10-year maturity. The rest of the loan is provided under the Extended Fund Facility, which carries an annual interest rate equal to the SDR basic rate of charge (currently 1.7 percent), and is repayable over 10 years with a 4\u00bd -year grace period.<\/p>\n<div class='heateorSssClear'><\/div><div  class='heateor_sss_sharing_container heateor_sss_horizontal_sharing' data-heateor-sss-href='https:\/\/www.moldova.org\/en\/an-international-monetary-fund-mission-will-visit-chisinau-next-week\/' data-heateor-sss-no-counts=\"1\"><div class='heateor_sss_sharing_title' style=\"font-weight:bold\" ><\/div><div class=\"heateor_sss_sharing_ul\"><a aria-label=\"Facebook\" class=\"heateor_sss_facebook\" href=\"https:\/\/www.facebook.com\/sharer\/sharer.php?u=https%3A%2F%2Fwww.moldova.org%2Fen%2Fan-international-monetary-fund-mission-will-visit-chisinau-next-week%2F\" title=\"Facebook\" rel=\"nofollow noopener\" target=\"_blank\" style=\"font-size:32px!important;box-shadow:none;display:inline-block;vertical-align:middle\"><span class=\"heateor_sss_svg\" style=\"background-color:#0765FE;width:100px;height:35px;display:inline-block;opacity:1;float:left;font-size:32px;box-shadow:none;display:inline-block;font-size:16px;padding:0 4px;vertical-align:middle;background-repeat:repeat;overflow:hidden;padding:0;cursor:pointer;box-sizing:content-box\"><svg style=\"display:block;\" focusable=\"false\" aria-hidden=\"true\" xmlns=\"http:\/\/www.w3.org\/2000\/svg\" width=\"100%\" height=\"100%\" viewBox=\"0 0 32 32\"><path fill=\"#fff\" d=\"M28 16c0-6.627-5.373-12-12-12S4 9.373 4 16c0 5.628 3.875 10.35 9.101 11.647v-7.98h-2.474V16H13.1v-1.58c0-4.085 1.849-5.978 5.859-5.978.76 0 2.072.15 2.608.298v3.325c-.283-.03-.775-.045-1.386-.045-1.967 0-2.728.745-2.728 2.683V16h3.92l-.673 3.667h-3.247v8.245C23.395 27.195 28 22.135 28 16Z\"><\/path><\/svg><\/span><\/a><a aria-label=\"Twitter\" class=\"heateor_sss_button_twitter\" href=\"https:\/\/twitter.com\/intent\/tweet?text=An%20International%20Monetary%20Fund%20mission%20will%20visit%20Chi%C5%9Fin%C4%83u%20next%20week&url=https%3A%2F%2Fwww.moldova.org%2Fen%2Fan-international-monetary-fund-mission-will-visit-chisinau-next-week%2F\" title=\"Twitter\" rel=\"nofollow noopener\" target=\"_blank\" style=\"font-size:32px!important;box-shadow:none;display:inline-block;vertical-align:middle\"><span class=\"heateor_sss_svg heateor_sss_s__default heateor_sss_s_twitter\" style=\"background-color:#55acee;width:100px;height:35px;display:inline-block;opacity:1;float:left;font-size:32px;box-shadow:none;display:inline-block;font-size:16px;padding:0 4px;vertical-align:middle;background-repeat:repeat;overflow:hidden;padding:0;cursor:pointer;box-sizing:content-box\"><svg style=\"display:block;\" focusable=\"false\" aria-hidden=\"true\" xmlns=\"http:\/\/www.w3.org\/2000\/svg\" width=\"100%\" height=\"100%\" viewBox=\"-4 -4 39 39\"><path d=\"M28 8.557a9.913 9.913 0 0 1-2.828.775 4.93 4.93 0 0 0 2.166-2.725 9.738 9.738 0 0 1-3.13 1.194 4.92 4.92 0 0 0-3.593-1.55 4.924 4.924 0 0 0-4.794 6.049c-4.09-.21-7.72-2.17-10.15-5.15a4.942 4.942 0 0 0-.665 2.477c0 1.71.87 3.214 2.19 4.1a4.968 4.968 0 0 1-2.23-.616v.06c0 2.39 1.7 4.38 3.952 4.83-.414.115-.85.174-1.297.174-.318 0-.626-.03-.928-.086a4.935 4.935 0 0 0 4.6 3.42 9.893 9.893 0 0 1-6.114 2.107c-.398 0-.79-.023-1.175-.068a13.953 13.953 0 0 0 7.55 2.213c9.056 0 14.01-7.507 14.01-14.013 0-.213-.005-.426-.015-.637.96-.695 1.795-1.56 2.455-2.55z\" fill=\"#fff\"><\/path><\/svg><\/span><\/a><a aria-label=\"Odnoklassniki\" class=\"heateor_sss_button_odnoklassniki\" href=\"https:\/\/connect.ok.ru\/dk?cmd=WidgetSharePreview&st.cmd=WidgetSharePreview&st.shareUrl=https%3A%2F%2Fwww.moldova.org%2Fen%2Fan-international-monetary-fund-mission-will-visit-chisinau-next-week%2F&st.client_id=-1\" title=\"Odnoklassniki\" rel=\"nofollow noopener\" target=\"_blank\" style=\"font-size:32px!important;box-shadow:none;display:inline-block;vertical-align:middle\"><span class=\"heateor_sss_svg heateor_sss_s__default heateor_sss_s_odnoklassniki\" style=\"background-color:#f2720c;width:100px;height:35px;display:inline-block;opacity:1;float:left;font-size:32px;box-shadow:none;display:inline-block;font-size:16px;padding:0 4px;vertical-align:middle;background-repeat:repeat;overflow:hidden;padding:0;cursor:pointer;box-sizing:content-box\"><svg style=\"display:block;\" focusable=\"false\" aria-hidden=\"true\" xmlns=\"http:\/\/www.w3.org\/2000\/svg\" width=\"100%\" height=\"100%\" viewBox=\"0 0 32 32\"><path fill=\"#fff\" d=\"M16 16.16a6.579 6.579 0 0 1-6.58-6.58A6.578 6.578 0 0 1 16 3a6.58 6.58 0 1 1 .002 13.16zm0-9.817a3.235 3.235 0 0 0-3.236 3.237 3.234 3.234 0 0 0 3.237 3.236 3.236 3.236 0 1 0 .004-6.473zm7.586 10.62c.647 1.3-.084 1.93-1.735 2.99-1.395.9-3.313 1.238-4.564 1.368l1.048 1.05 3.877 3.88c.59.59.59 1.543 0 2.133l-.177.18c-.59.59-1.544.59-2.134 0l-3.88-3.88-3.877 3.88c-.59.59-1.543.59-2.135 0l-.176-.18a1.505 1.505 0 0 1 0-2.132l3.88-3.877 1.042-1.046c-1.25-.127-3.19-.465-4.6-1.37-1.65-1.062-2.38-1.69-1.733-2.99.37-.747 1.4-1.367 2.768-.29C13.035 18.13 16 18.13 16 18.13s2.968 0 4.818-1.456c1.368-1.077 2.4-.457 2.768.29z\"><\/path><\/svg><\/span><\/a><a aria-label=\"Telegram\" class=\"heateor_sss_button_telegram\" href=\"https:\/\/telegram.me\/share\/url?url=https%3A%2F%2Fwww.moldova.org%2Fen%2Fan-international-monetary-fund-mission-will-visit-chisinau-next-week%2F&text=An%20International%20Monetary%20Fund%20mission%20will%20visit%20Chi%C5%9Fin%C4%83u%20next%20week\" title=\"Telegram\" rel=\"nofollow noopener\" target=\"_blank\" style=\"font-size:32px!important;box-shadow:none;display:inline-block;vertical-align:middle\"><span class=\"heateor_sss_svg heateor_sss_s__default heateor_sss_s_telegram\" style=\"background-color:#3da5f1;width:100px;height:35px;display:inline-block;opacity:1;float:left;font-size:32px;box-shadow:none;display:inline-block;font-size:16px;padding:0 4px;vertical-align:middle;background-repeat:repeat;overflow:hidden;padding:0;cursor:pointer;box-sizing:content-box\"><svg style=\"display:block;\" focusable=\"false\" aria-hidden=\"true\" xmlns=\"http:\/\/www.w3.org\/2000\/svg\" width=\"100%\" height=\"100%\" viewBox=\"0 0 32 32\"><path fill=\"#fff\" d=\"M25.515 6.896L6.027 14.41c-1.33.534-1.322 1.276-.243 1.606l5 1.56 1.72 5.66c.226.625.115.873.77.873.506 0 .73-.235 1.012-.51l2.43-2.363 5.056 3.734c.93.514 1.602.25 1.834-.863l3.32-15.638c.338-1.363-.52-1.98-1.41-1.577z\"><\/path><\/svg><\/span><\/a><\/div><div class=\"heateorSssClear\"><\/div><\/div><div class='heateorSssClear'><\/div>","yoast_head":"<!-- This site is optimized with the Yoast SEO plugin v27.5 - https:\/\/yoast.com\/product\/yoast-seo-wordpress\/ -->\n<title>An International Monetary Fund mission will visit Chi\u015fin\u0103u next week - Moldova.org<\/title>\n<meta name=\"robots\" content=\"index, follow, max-snippet:-1, max-image-preview:large, max-video-preview:-1\" \/>\n<link rel=\"canonical\" href=\"https:\/\/www.moldova.org\/en\/an-international-monetary-fund-mission-will-visit-chisinau-next-week\/\" \/>\n<meta name=\"twitter:label1\" content=\"Written by\" \/>\n\t<meta name=\"twitter:data1\" content=\"Maria Dulgher\" \/>\n\t<meta name=\"twitter:label2\" content=\"Estimated reading time\" \/>\n\t<meta name=\"twitter:data2\" content=\"3 minutes\" \/>\n<script type=\"application\/ld+json\" class=\"yoast-schema-graph\">{\"@context\":\"https:\\\/\\\/schema.org\",\"@graph\":[{\"@type\":\"Article\",\"@id\":\"https:\\\/\\\/www.moldova.org\\\/en\\\/an-international-monetary-fund-mission-will-visit-chisinau-next-week\\\/#article\",\"isPartOf\":{\"@id\":\"https:\\\/\\\/www.moldova.org\\\/en\\\/an-international-monetary-fund-mission-will-visit-chisinau-next-week\\\/\"},\"author\":{\"name\":\"Maria Dulgher\",\"@id\":\"https:\\\/\\\/www.moldova.org\\\/en\\\/#\\\/schema\\\/person\\\/4cd49a1f49c7d48a105c8a4cb7e3a2bf\"},\"headline\":\"An International Monetary Fund mission will visit Chi\u015fin\u0103u next week\",\"datePublished\":\"2020-01-18T13:52:08+00:00\",\"dateModified\":\"2020-02-05T19:37:12+00:00\",\"mainEntityOfPage\":{\"@id\":\"https:\\\/\\\/www.moldova.org\\\/en\\\/an-international-monetary-fund-mission-will-visit-chisinau-next-week\\\/\"},\"wordCount\":582,\"image\":{\"@id\":\"https:\\\/\\\/www.moldova.org\\\/en\\\/an-international-monetary-fund-mission-will-visit-chisinau-next-week\\\/#primaryimage\"},\"thumbnailUrl\":\"https:\\\/\\\/www.moldova.org\\\/en\\\/wp-content\\\/uploads\\\/sites\\\/2\\\/2020\\\/01\\\/mf.jpg\",\"keywords\":[\"imf\",\"Important\",\"Mission\",\"Moldova\",\"Program\",\"visit\"],\"articleSection\":[\"Important\"],\"inLanguage\":\"en-GB\"},{\"@type\":\"WebPage\",\"@id\":\"https:\\\/\\\/www.moldova.org\\\/en\\\/an-international-monetary-fund-mission-will-visit-chisinau-next-week\\\/\",\"url\":\"https:\\\/\\\/www.moldova.org\\\/en\\\/an-international-monetary-fund-mission-will-visit-chisinau-next-week\\\/\",\"name\":\"An International Monetary Fund mission will visit Chi\u015fin\u0103u next week - Moldova.org\",\"isPartOf\":{\"@id\":\"https:\\\/\\\/www.moldova.org\\\/en\\\/#website\"},\"primaryImageOfPage\":{\"@id\":\"https:\\\/\\\/www.moldova.org\\\/en\\\/an-international-monetary-fund-mission-will-visit-chisinau-next-week\\\/#primaryimage\"},\"image\":{\"@id\":\"https:\\\/\\\/www.moldova.org\\\/en\\\/an-international-monetary-fund-mission-will-visit-chisinau-next-week\\\/#primaryimage\"},\"thumbnailUrl\":\"https:\\\/\\\/www.moldova.org\\\/en\\\/wp-content\\\/uploads\\\/sites\\\/2\\\/2020\\\/01\\\/mf.jpg\",\"datePublished\":\"2020-01-18T13:52:08+00:00\",\"dateModified\":\"2020-02-05T19:37:12+00:00\",\"author\":{\"@id\":\"https:\\\/\\\/www.moldova.org\\\/en\\\/#\\\/schema\\\/person\\\/4cd49a1f49c7d48a105c8a4cb7e3a2bf\"},\"breadcrumb\":{\"@id\":\"https:\\\/\\\/www.moldova.org\\\/en\\\/an-international-monetary-fund-mission-will-visit-chisinau-next-week\\\/#breadcrumb\"},\"inLanguage\":\"en-GB\",\"potentialAction\":[{\"@type\":\"ReadAction\",\"target\":[\"https:\\\/\\\/www.moldova.org\\\/en\\\/an-international-monetary-fund-mission-will-visit-chisinau-next-week\\\/\"]}]},{\"@type\":\"ImageObject\",\"inLanguage\":\"en-GB\",\"@id\":\"https:\\\/\\\/www.moldova.org\\\/en\\\/an-international-monetary-fund-mission-will-visit-chisinau-next-week\\\/#primaryimage\",\"url\":\"https:\\\/\\\/www.moldova.org\\\/en\\\/wp-content\\\/uploads\\\/sites\\\/2\\\/2020\\\/01\\\/mf.jpg\",\"contentUrl\":\"https:\\\/\\\/www.moldova.org\\\/en\\\/wp-content\\\/uploads\\\/sites\\\/2\\\/2020\\\/01\\\/mf.jpg\",\"width\":930,\"height\":581},{\"@type\":\"BreadcrumbList\",\"@id\":\"https:\\\/\\\/www.moldova.org\\\/en\\\/an-international-monetary-fund-mission-will-visit-chisinau-next-week\\\/#breadcrumb\",\"itemListElement\":[{\"@type\":\"ListItem\",\"position\":1,\"name\":\"Home\",\"item\":\"https:\\\/\\\/www.moldova.org\\\/en\\\/\"},{\"@type\":\"ListItem\",\"position\":2,\"name\":\"An International Monetary Fund mission will visit Chi\u015fin\u0103u next week\"}]},{\"@type\":\"WebSite\",\"@id\":\"https:\\\/\\\/www.moldova.org\\\/en\\\/#website\",\"url\":\"https:\\\/\\\/www.moldova.org\\\/en\\\/\",\"name\":\"Moldova.org\",\"description\":\"The first news website of Moldova\",\"potentialAction\":[{\"@type\":\"SearchAction\",\"target\":{\"@type\":\"EntryPoint\",\"urlTemplate\":\"https:\\\/\\\/www.moldova.org\\\/en\\\/?s={search_term_string}\"},\"query-input\":{\"@type\":\"PropertyValueSpecification\",\"valueRequired\":true,\"valueName\":\"search_term_string\"}}],\"inLanguage\":\"en-GB\"},{\"@type\":\"Person\",\"@id\":\"https:\\\/\\\/www.moldova.org\\\/en\\\/#\\\/schema\\\/person\\\/4cd49a1f49c7d48a105c8a4cb7e3a2bf\",\"name\":\"Maria Dulgher\",\"image\":{\"@type\":\"ImageObject\",\"inLanguage\":\"en-GB\",\"@id\":\"https:\\\/\\\/secure.gravatar.com\\\/avatar\\\/845882001991bde511a90853b5102f4286c0293237ace764fffc0d327a09702d?s=96&d=mm&r=g\",\"url\":\"https:\\\/\\\/secure.gravatar.com\\\/avatar\\\/845882001991bde511a90853b5102f4286c0293237ace764fffc0d327a09702d?s=96&d=mm&r=g\",\"contentUrl\":\"https:\\\/\\\/secure.gravatar.com\\\/avatar\\\/845882001991bde511a90853b5102f4286c0293237ace764fffc0d327a09702d?s=96&d=mm&r=g\",\"caption\":\"Maria Dulgher\"},\"description\":\"Jurnalist\u0103 that speaks English very well. De aia Maria are grij\u0103 c\u0103 prietenii no\u0219tri str\u0103ini s\u0103 nu piard\u0103 nicio informa\u021bie valoroas\u0103 despre actualitatea din Moldova.\",\"sameAs\":[\"https:\\\/\\\/www.facebook.com\\\/mariuta.dulgher\",\"https:\\\/\\\/www.instagram.com\\\/marie.dulgher\\\/\",\"https:\\\/\\\/www.linkedin.com\\\/in\\\/maria-dulgher-4a9a2bb2\\\/\"],\"url\":\"https:\\\/\\\/www.moldova.org\\\/en\\\/author\\\/mariadulgher\\\/\"}]}<\/script>\n<!-- \/ Yoast SEO plugin. -->","yoast_head_json":{"title":"An International Monetary Fund mission will visit Chi\u015fin\u0103u next week - Moldova.org","robots":{"index":"index","follow":"follow","max-snippet":"max-snippet:-1","max-image-preview":"max-image-preview:large","max-video-preview":"max-video-preview:-1"},"canonical":"https:\/\/www.moldova.org\/en\/an-international-monetary-fund-mission-will-visit-chisinau-next-week\/","twitter_misc":{"Written by":"Maria Dulgher","Estimated reading time":"3 minutes"},"schema":{"@context":"https:\/\/schema.org","@graph":[{"@type":"Article","@id":"https:\/\/www.moldova.org\/en\/an-international-monetary-fund-mission-will-visit-chisinau-next-week\/#article","isPartOf":{"@id":"https:\/\/www.moldova.org\/en\/an-international-monetary-fund-mission-will-visit-chisinau-next-week\/"},"author":{"name":"Maria Dulgher","@id":"https:\/\/www.moldova.org\/en\/#\/schema\/person\/4cd49a1f49c7d48a105c8a4cb7e3a2bf"},"headline":"An International Monetary Fund mission will visit Chi\u015fin\u0103u next week","datePublished":"2020-01-18T13:52:08+00:00","dateModified":"2020-02-05T19:37:12+00:00","mainEntityOfPage":{"@id":"https:\/\/www.moldova.org\/en\/an-international-monetary-fund-mission-will-visit-chisinau-next-week\/"},"wordCount":582,"image":{"@id":"https:\/\/www.moldova.org\/en\/an-international-monetary-fund-mission-will-visit-chisinau-next-week\/#primaryimage"},"thumbnailUrl":"https:\/\/www.moldova.org\/en\/wp-content\/uploads\/sites\/2\/2020\/01\/mf.jpg","keywords":["imf","Important","Mission","Moldova","Program","visit"],"articleSection":["Important"],"inLanguage":"en-GB"},{"@type":"WebPage","@id":"https:\/\/www.moldova.org\/en\/an-international-monetary-fund-mission-will-visit-chisinau-next-week\/","url":"https:\/\/www.moldova.org\/en\/an-international-monetary-fund-mission-will-visit-chisinau-next-week\/","name":"An International Monetary Fund mission will visit Chi\u015fin\u0103u next week - Moldova.org","isPartOf":{"@id":"https:\/\/www.moldova.org\/en\/#website"},"primaryImageOfPage":{"@id":"https:\/\/www.moldova.org\/en\/an-international-monetary-fund-mission-will-visit-chisinau-next-week\/#primaryimage"},"image":{"@id":"https:\/\/www.moldova.org\/en\/an-international-monetary-fund-mission-will-visit-chisinau-next-week\/#primaryimage"},"thumbnailUrl":"https:\/\/www.moldova.org\/en\/wp-content\/uploads\/sites\/2\/2020\/01\/mf.jpg","datePublished":"2020-01-18T13:52:08+00:00","dateModified":"2020-02-05T19:37:12+00:00","author":{"@id":"https:\/\/www.moldova.org\/en\/#\/schema\/person\/4cd49a1f49c7d48a105c8a4cb7e3a2bf"},"breadcrumb":{"@id":"https:\/\/www.moldova.org\/en\/an-international-monetary-fund-mission-will-visit-chisinau-next-week\/#breadcrumb"},"inLanguage":"en-GB","potentialAction":[{"@type":"ReadAction","target":["https:\/\/www.moldova.org\/en\/an-international-monetary-fund-mission-will-visit-chisinau-next-week\/"]}]},{"@type":"ImageObject","inLanguage":"en-GB","@id":"https:\/\/www.moldova.org\/en\/an-international-monetary-fund-mission-will-visit-chisinau-next-week\/#primaryimage","url":"https:\/\/www.moldova.org\/en\/wp-content\/uploads\/sites\/2\/2020\/01\/mf.jpg","contentUrl":"https:\/\/www.moldova.org\/en\/wp-content\/uploads\/sites\/2\/2020\/01\/mf.jpg","width":930,"height":581},{"@type":"BreadcrumbList","@id":"https:\/\/www.moldova.org\/en\/an-international-monetary-fund-mission-will-visit-chisinau-next-week\/#breadcrumb","itemListElement":[{"@type":"ListItem","position":1,"name":"Home","item":"https:\/\/www.moldova.org\/en\/"},{"@type":"ListItem","position":2,"name":"An International Monetary Fund mission will visit Chi\u015fin\u0103u next week"}]},{"@type":"WebSite","@id":"https:\/\/www.moldova.org\/en\/#website","url":"https:\/\/www.moldova.org\/en\/","name":"Moldova.org","description":"The first news website of Moldova","potentialAction":[{"@type":"SearchAction","target":{"@type":"EntryPoint","urlTemplate":"https:\/\/www.moldova.org\/en\/?s={search_term_string}"},"query-input":{"@type":"PropertyValueSpecification","valueRequired":true,"valueName":"search_term_string"}}],"inLanguage":"en-GB"},{"@type":"Person","@id":"https:\/\/www.moldova.org\/en\/#\/schema\/person\/4cd49a1f49c7d48a105c8a4cb7e3a2bf","name":"Maria Dulgher","image":{"@type":"ImageObject","inLanguage":"en-GB","@id":"https:\/\/secure.gravatar.com\/avatar\/845882001991bde511a90853b5102f4286c0293237ace764fffc0d327a09702d?s=96&d=mm&r=g","url":"https:\/\/secure.gravatar.com\/avatar\/845882001991bde511a90853b5102f4286c0293237ace764fffc0d327a09702d?s=96&d=mm&r=g","contentUrl":"https:\/\/secure.gravatar.com\/avatar\/845882001991bde511a90853b5102f4286c0293237ace764fffc0d327a09702d?s=96&d=mm&r=g","caption":"Maria Dulgher"},"description":"Jurnalist\u0103 that speaks English very well. De aia Maria are grij\u0103 c\u0103 prietenii no\u0219tri str\u0103ini s\u0103 nu piard\u0103 nicio informa\u021bie valoroas\u0103 despre actualitatea din Moldova.","sameAs":["https:\/\/www.facebook.com\/mariuta.dulgher","https:\/\/www.instagram.com\/marie.dulgher\/","https:\/\/www.linkedin.com\/in\/maria-dulgher-4a9a2bb2\/"],"url":"https:\/\/www.moldova.org\/en\/author\/mariadulgher\/"}]}},"_links":{"self":[{"href":"https:\/\/www.moldova.org\/en\/wp-json\/wp\/v2\/posts\/447914","targetHints":{"allow":["GET"]}}],"collection":[{"href":"https:\/\/www.moldova.org\/en\/wp-json\/wp\/v2\/posts"}],"about":[{"href":"https:\/\/www.moldova.org\/en\/wp-json\/wp\/v2\/types\/post"}],"author":[{"embeddable":true,"href":"https:\/\/www.moldova.org\/en\/wp-json\/wp\/v2\/users\/31"}],"replies":[{"embeddable":true,"href":"https:\/\/www.moldova.org\/en\/wp-json\/wp\/v2\/comments?post=447914"}],"version-history":[{"count":0,"href":"https:\/\/www.moldova.org\/en\/wp-json\/wp\/v2\/posts\/447914\/revisions"}],"wp:featuredmedia":[{"embeddable":true,"href":"https:\/\/www.moldova.org\/en\/wp-json\/wp\/v2\/media\/447915"}],"wp:attachment":[{"href":"https:\/\/www.moldova.org\/en\/wp-json\/wp\/v2\/media?parent=447914"}],"wp:term":[{"taxonomy":"category","embeddable":true,"href":"https:\/\/www.moldova.org\/en\/wp-json\/wp\/v2\/categories?post=447914"},{"taxonomy":"post_tag","embeddable":true,"href":"https:\/\/www.moldova.org\/en\/wp-json\/wp\/v2\/tags?post=447914"}],"curies":[{"name":"wp","href":"https:\/\/api.w.org\/{rel}","templated":true}]}}