{"id":447841,"date":"2019-12-30T14:57:10","date_gmt":"2019-12-30T14:57:10","guid":{"rendered":"http:\/\/www.moldova.org\/en\/?p=447841"},"modified":"2020-01-05T13:59:45","modified_gmt":"2020-01-05T13:59:45","slug":"president-igor-dodon-and-prime-minister-ion-chicu-arrived-on-an-official-visit-to-turkey","status":"publish","type":"post","link":"https:\/\/www.moldova.org\/en\/president-igor-dodon-and-prime-minister-ion-chicu-arrived-on-an-official-visit-to-turkey\/","title":{"rendered":"President Igor Dodon and Prime Minister Ion Chicu arrived on an official visit to Turkey"},"content":{"rendered":"<span class=\"span-reading-time rt-reading-time\" style=\"display: block;\"><span class=\"rt-label rt-prefix\">Reading Time: <\/span> <span class=\"rt-time\"> 2<\/span> <span class=\"rt-label rt-postfix\">minutes<\/span><\/span><p>Prime Minister <strong>Ion Chicu<\/strong> and President <strong>Igor Dodon<\/strong> made an official visit to the Republic of Turkey, being invited by the Turkish President <strong>Recep Tayyip Erdo\u011fan<\/strong>, where they had meetings with the Turkish president, the President of the Grand National Assembly of Turkey, <strong>Mustafa \u0218entop, <\/strong>as well as\u00a0had\u00a0bilateral meetings with the Turkish ministers, according to an <a href=\"https:\/\/www.facebook.com\/dodon.igor1\/posts\/2418185418422338?__tn__=K-R\">announcement<\/a> made on social media by President Dodon.<\/p>\n<p>The head of the Moldovan state mentioned that, according to the established agenda, he chaired the first meeting of the <strong>High Level Strategic Cooperation Council<\/strong> and signed several bilateral agreements regarding the <span style=\"color: #000080\">conversion and mutual recognition of driving licenses; international freight transport; cooperation in science and technology, etc.\u00a0<\/span><em>&#8220;The Republic of Turkey is our strategic partner. The official visit to this country gives us the opportunity to expand, deepen and strengthen the bilateral cooperation relations in all areas of common interest, for the benefit of both nations,\u201d<\/em> stated Igor Dodon.<\/p>\n<div id=\"attachment_447843\" style=\"width: 970px\" class=\"wp-caption aligncenter\"><img fetchpriority=\"high\" decoding=\"async\" aria-describedby=\"caption-attachment-447843\" class=\"size-full wp-image-447843\" src=\"http:\/\/www.moldova.org\/en\/wp-content\/uploads\/sites\/2\/2019\/12\/dodon-chicu.jpg\" alt=\"\" width=\"960\" height=\"612\" srcset=\"https:\/\/www.moldova.org\/en\/wp-content\/uploads\/sites\/2\/2019\/12\/dodon-chicu.jpg 960w, https:\/\/www.moldova.org\/en\/wp-content\/uploads\/sites\/2\/2019\/12\/dodon-chicu-300x191.jpg 300w, https:\/\/www.moldova.org\/en\/wp-content\/uploads\/sites\/2\/2019\/12\/dodon-chicu-768x490.jpg 768w, https:\/\/www.moldova.org\/en\/wp-content\/uploads\/sites\/2\/2019\/12\/dodon-chicu-400x255.jpg 400w\" sizes=\"(max-width: 960px) 100vw, 960px\" \/><p id=\"caption-attachment-447843\" class=\"wp-caption-text\">source: Facebook| Igor Dodon<\/p><\/div>\n<p><em>&#8220;We are pleased to discover that we have a broad bilateral legal framework that includes 72 signed bilateral treaties, and 16 treaties that are under negotiation. I welcomed the fact that today this list will be expanded with four more treaties, which will be signed at the first meeting of the High Level Strategic Cooperation Council,&#8221; <\/em>said Dodon in a today&#8217;s <a href=\"https:\/\/www.facebook.com\/dodon.igor1\/posts\/2419175688323311?__tn__=K-R\">statement<\/a> after he met with\u00a0the President of the Grand National Assembly of the Republic of Turkey.<\/p>\n<p>The Moldovan delegation formed of the president, the prime minister, the vice-president of the parliament, the governor of the\u00a0Autonomous Territorial Unit (ATU) of\u00a0<em><strong>Gagauzia<\/strong>, <\/em>as well as other state officials<em>,\u00a0<\/em>expressed their interest in strengthening Moldovan-Turkish inter-parliamentary cooperation within the pale of international organisations, and for <span style=\"color: #000080\">combating international terrorism, <span style=\"color: #000000\">the announcement said.<\/span><\/span><\/p>\n<div id=\"attachment_447842\" style=\"width: 970px\" class=\"wp-caption aligncenter\"><img decoding=\"async\" aria-describedby=\"caption-attachment-447842\" class=\"size-full wp-image-447842\" src=\"http:\/\/www.moldova.org\/en\/wp-content\/uploads\/sites\/2\/2019\/12\/dodon-chicu-3.jpg\" alt=\"\" width=\"960\" height=\"668\" srcset=\"https:\/\/www.moldova.org\/en\/wp-content\/uploads\/sites\/2\/2019\/12\/dodon-chicu-3.jpg 960w, https:\/\/www.moldova.org\/en\/wp-content\/uploads\/sites\/2\/2019\/12\/dodon-chicu-3-300x209.jpg 300w, https:\/\/www.moldova.org\/en\/wp-content\/uploads\/sites\/2\/2019\/12\/dodon-chicu-3-768x534.jpg 768w, https:\/\/www.moldova.org\/en\/wp-content\/uploads\/sites\/2\/2019\/12\/dodon-chicu-3-400x278.jpg 400w\" sizes=\"(max-width: 960px) 100vw, 960px\" \/><p id=\"caption-attachment-447842\" class=\"wp-caption-text\">source: Facebook| Igor Dodon<\/p><\/div>\n<p>The last visit of the President of Turkey to the Republic of Moldova took place in 2018 when the <strong>Declaration of strategic cooperation<\/strong> between the two countries was signed, the <strong>Strategic Cooperation Council<\/strong> was established, the renovated building of the Presidency of the Republic of Moldova was inaugurated, several social objectives in Comrat (the main city of the ATU Gagauzia) were opened, and possible future collaboration agreements were planned.<\/p>\n<p>Recently, both Prime Minister Ion Chicu and President Igor Dodon paid official\u00a0<a href=\"https:\/\/www.moldova.org\/en\/moldovan-russian-prime-ministers-met-in-moscow-during-the-governments-first-official-visit-abroad\/\">visits<\/a> to <strong>Moscow<\/strong>, while the prime minister of Moldova also\u00a0<a href=\"https:\/\/www.moldova.org\/en\/prime-minister-ion-chicu-met-with-several-high-ranking-officials-in-strasbourg\/\">met<\/a> with several high-ranking officials in <strong>Strasbourg<\/strong>.<\/p>\n<p>Photo: Facebook| Igor Dodon<\/p>\n","protected":false},"excerpt":{"rendered":"<p><span class=\"span-reading-time rt-reading-time\" style=\"display: block;\"><span class=\"rt-label rt-prefix\">Reading Time: <\/span> <span class=\"rt-time\"> 2<\/span> <span class=\"rt-label rt-postfix\">minutes<\/span><\/span>Prime Minister Ion Chicu and President Igor Dodon made an official visit to the Republic of Turkey, being invited by the Turkish President Recep Tayyip Erdo\u011fan, where they had meetings with the Turkish president, the President of the Grand National Assembly of Turkey, Mustafa \u0218entop, as well as\u00a0had\u00a0bilateral meetings with the Turkish ministers, according to [&hellip;]<\/p>\n","protected":false},"author":31,"featured_media":447844,"comment_status":"closed","ping_status":"closed","sticky":false,"template":"","format":"standard","meta":{"footnotes":""},"categories":[3],"tags":[522,30,367,35,27,523,521,371],"class_list":["post-447841","post","type-post","status-publish","format-standard","has-post-thumbnail","hentry","category-politics","tag-chicu","tag-dodon","tag-erdogan","tag-important","tag-moldova","tag-official","tag-turkey","tag-visit"],"content_social_share":"<span class=\"span-reading-time rt-reading-time\" style=\"display: block;\"><span class=\"rt-label rt-prefix\">Reading Time: <\/span> <span class=\"rt-time\"> 2<\/span> <span class=\"rt-label rt-postfix\">minutes<\/span><\/span><p>Prime Minister <strong>Ion Chicu<\/strong> and President <strong>Igor Dodon<\/strong> made an official visit to the Republic of Turkey, being invited by the Turkish President <strong>Recep Tayyip Erdo\u011fan<\/strong>, where they had meetings with the Turkish president, the President of the Grand National Assembly of Turkey, <strong>Mustafa \u0218entop, <\/strong>as well as\u00a0had\u00a0bilateral meetings with the Turkish ministers, according to an <a href=\"https:\/\/www.facebook.com\/dodon.igor1\/posts\/2418185418422338?__tn__=K-R\">announcement<\/a> made on social media by President Dodon.<\/p>\n<p>The head of the Moldovan state mentioned that, according to the established agenda, he chaired the first meeting of the <strong>High Level Strategic Cooperation Council<\/strong> and signed several bilateral agreements regarding the <span style=\"color: #000080\">conversion and mutual recognition of driving licenses; international freight transport; cooperation in science and technology, etc.\u00a0<\/span><em>&#8220;The Republic of Turkey is our strategic partner. The official visit to this country gives us the opportunity to expand, deepen and strengthen the bilateral cooperation relations in all areas of common interest, for the benefit of both nations,\u201d<\/em> stated Igor Dodon.<\/p>\n<div id=\"attachment_447843\" style=\"width: 970px\" class=\"wp-caption aligncenter\"><img fetchpriority=\"high\" decoding=\"async\" aria-describedby=\"caption-attachment-447843\" class=\"size-full wp-image-447843\" src=\"http:\/\/www.moldova.org\/en\/wp-content\/uploads\/sites\/2\/2019\/12\/dodon-chicu.jpg\" alt=\"\" width=\"960\" height=\"612\" srcset=\"https:\/\/www.moldova.org\/en\/wp-content\/uploads\/sites\/2\/2019\/12\/dodon-chicu.jpg 960w, https:\/\/www.moldova.org\/en\/wp-content\/uploads\/sites\/2\/2019\/12\/dodon-chicu-300x191.jpg 300w, https:\/\/www.moldova.org\/en\/wp-content\/uploads\/sites\/2\/2019\/12\/dodon-chicu-768x490.jpg 768w, https:\/\/www.moldova.org\/en\/wp-content\/uploads\/sites\/2\/2019\/12\/dodon-chicu-400x255.jpg 400w\" sizes=\"(max-width: 960px) 100vw, 960px\" \/><p id=\"caption-attachment-447843\" class=\"wp-caption-text\">source: Facebook| Igor Dodon<\/p><\/div>\n<p><em>&#8220;We are pleased to discover that we have a broad bilateral legal framework that includes 72 signed bilateral treaties, and 16 treaties that are under negotiation. I welcomed the fact that today this list will be expanded with four more treaties, which will be signed at the first meeting of the High Level Strategic Cooperation Council,&#8221; <\/em>said Dodon in a today&#8217;s <a href=\"https:\/\/www.facebook.com\/dodon.igor1\/posts\/2419175688323311?__tn__=K-R\">statement<\/a> after he met with\u00a0the President of the Grand National Assembly of the Republic of Turkey.<\/p>\n<p>The Moldovan delegation formed of the president, the prime minister, the vice-president of the parliament, the governor of the\u00a0Autonomous Territorial Unit (ATU) of\u00a0<em><strong>Gagauzia<\/strong>, <\/em>as well as other state officials<em>,\u00a0<\/em>expressed their interest in strengthening Moldovan-Turkish inter-parliamentary cooperation within the pale of international organisations, and for <span style=\"color: #000080\">combating international terrorism, <span style=\"color: #000000\">the announcement said.<\/span><\/span><\/p>\n<div id=\"attachment_447842\" style=\"width: 970px\" class=\"wp-caption aligncenter\"><img decoding=\"async\" aria-describedby=\"caption-attachment-447842\" class=\"size-full wp-image-447842\" src=\"http:\/\/www.moldova.org\/en\/wp-content\/uploads\/sites\/2\/2019\/12\/dodon-chicu-3.jpg\" alt=\"\" width=\"960\" height=\"668\" srcset=\"https:\/\/www.moldova.org\/en\/wp-content\/uploads\/sites\/2\/2019\/12\/dodon-chicu-3.jpg 960w, https:\/\/www.moldova.org\/en\/wp-content\/uploads\/sites\/2\/2019\/12\/dodon-chicu-3-300x209.jpg 300w, https:\/\/www.moldova.org\/en\/wp-content\/uploads\/sites\/2\/2019\/12\/dodon-chicu-3-768x534.jpg 768w, https:\/\/www.moldova.org\/en\/wp-content\/uploads\/sites\/2\/2019\/12\/dodon-chicu-3-400x278.jpg 400w\" sizes=\"(max-width: 960px) 100vw, 960px\" \/><p id=\"caption-attachment-447842\" class=\"wp-caption-text\">source: Facebook| Igor Dodon<\/p><\/div>\n<p>The last visit of the President of Turkey to the Republic of Moldova took place in 2018 when the <strong>Declaration of strategic cooperation<\/strong> between the two countries was signed, the <strong>Strategic Cooperation Council<\/strong> was established, the renovated building of the Presidency of the Republic of Moldova was inaugurated, several social objectives in Comrat (the main city of the ATU Gagauzia) were opened, and possible future collaboration agreements were planned.<\/p>\n<p>Recently, both Prime Minister Ion Chicu and President Igor Dodon paid official\u00a0<a href=\"https:\/\/www.moldova.org\/en\/moldovan-russian-prime-ministers-met-in-moscow-during-the-governments-first-official-visit-abroad\/\">visits<\/a> to <strong>Moscow<\/strong>, while the prime minister of Moldova also\u00a0<a href=\"https:\/\/www.moldova.org\/en\/prime-minister-ion-chicu-met-with-several-high-ranking-officials-in-strasbourg\/\">met<\/a> with several high-ranking officials in <strong>Strasbourg<\/strong>.<\/p>\n<p>Photo: Facebook| Igor Dodon<\/p>\n<div class='heateorSssClear'><\/div><div  class='heateor_sss_sharing_container heateor_sss_horizontal_sharing' data-heateor-sss-href='https:\/\/www.moldova.org\/en\/president-igor-dodon-and-prime-minister-ion-chicu-arrived-on-an-official-visit-to-turkey\/' data-heateor-sss-no-counts=\"1\"><div class='heateor_sss_sharing_title' style=\"font-weight:bold\" ><\/div><div class=\"heateor_sss_sharing_ul\"><a aria-label=\"Facebook\" class=\"heateor_sss_facebook\" href=\"https:\/\/www.facebook.com\/sharer\/sharer.php?u=https%3A%2F%2Fwww.moldova.org%2Fen%2Fpresident-igor-dodon-and-prime-minister-ion-chicu-arrived-on-an-official-visit-to-turkey%2F\" title=\"Facebook\" rel=\"nofollow noopener\" target=\"_blank\" style=\"font-size:32px!important;box-shadow:none;display:inline-block;vertical-align:middle\"><span class=\"heateor_sss_svg\" style=\"background-color:#0765FE;width:100px;height:35px;display:inline-block;opacity:1;float:left;font-size:32px;box-shadow:none;display:inline-block;font-size:16px;padding:0 4px;vertical-align:middle;background-repeat:repeat;overflow:hidden;padding:0;cursor:pointer;box-sizing:content-box\"><svg style=\"display:block;\" focusable=\"false\" aria-hidden=\"true\" xmlns=\"http:\/\/www.w3.org\/2000\/svg\" width=\"100%\" height=\"100%\" viewBox=\"0 0 32 32\"><path fill=\"#fff\" d=\"M28 16c0-6.627-5.373-12-12-12S4 9.373 4 16c0 5.628 3.875 10.35 9.101 11.647v-7.98h-2.474V16H13.1v-1.58c0-4.085 1.849-5.978 5.859-5.978.76 0 2.072.15 2.608.298v3.325c-.283-.03-.775-.045-1.386-.045-1.967 0-2.728.745-2.728 2.683V16h3.92l-.673 3.667h-3.247v8.245C23.395 27.195 28 22.135 28 16Z\"><\/path><\/svg><\/span><\/a><a aria-label=\"Twitter\" class=\"heateor_sss_button_twitter\" href=\"https:\/\/twitter.com\/intent\/tweet?text=President%20Igor%20Dodon%20and%20Prime%20Minister%20Ion%20Chicu%20arrived%20on%20an%20official%20visit%20to%20Turkey&url=https%3A%2F%2Fwww.moldova.org%2Fen%2Fpresident-igor-dodon-and-prime-minister-ion-chicu-arrived-on-an-official-visit-to-turkey%2F\" title=\"Twitter\" rel=\"nofollow noopener\" target=\"_blank\" style=\"font-size:32px!important;box-shadow:none;display:inline-block;vertical-align:middle\"><span class=\"heateor_sss_svg heateor_sss_s__default heateor_sss_s_twitter\" style=\"background-color:#55acee;width:100px;height:35px;display:inline-block;opacity:1;float:left;font-size:32px;box-shadow:none;display:inline-block;font-size:16px;padding:0 4px;vertical-align:middle;background-repeat:repeat;overflow:hidden;padding:0;cursor:pointer;box-sizing:content-box\"><svg style=\"display:block;\" focusable=\"false\" aria-hidden=\"true\" xmlns=\"http:\/\/www.w3.org\/2000\/svg\" width=\"100%\" height=\"100%\" viewBox=\"-4 -4 39 39\"><path d=\"M28 8.557a9.913 9.913 0 0 1-2.828.775 4.93 4.93 0 0 0 2.166-2.725 9.738 9.738 0 0 1-3.13 1.194 4.92 4.92 0 0 0-3.593-1.55 4.924 4.924 0 0 0-4.794 6.049c-4.09-.21-7.72-2.17-10.15-5.15a4.942 4.942 0 0 0-.665 2.477c0 1.71.87 3.214 2.19 4.1a4.968 4.968 0 0 1-2.23-.616v.06c0 2.39 1.7 4.38 3.952 4.83-.414.115-.85.174-1.297.174-.318 0-.626-.03-.928-.086a4.935 4.935 0 0 0 4.6 3.42 9.893 9.893 0 0 1-6.114 2.107c-.398 0-.79-.023-1.175-.068a13.953 13.953 0 0 0 7.55 2.213c9.056 0 14.01-7.507 14.01-14.013 0-.213-.005-.426-.015-.637.96-.695 1.795-1.56 2.455-2.55z\" fill=\"#fff\"><\/path><\/svg><\/span><\/a><a aria-label=\"Odnoklassniki\" class=\"heateor_sss_button_odnoklassniki\" href=\"https:\/\/connect.ok.ru\/dk?cmd=WidgetSharePreview&st.cmd=WidgetSharePreview&st.shareUrl=https%3A%2F%2Fwww.moldova.org%2Fen%2Fpresident-igor-dodon-and-prime-minister-ion-chicu-arrived-on-an-official-visit-to-turkey%2F&st.client_id=-1\" title=\"Odnoklassniki\" rel=\"nofollow noopener\" target=\"_blank\" style=\"font-size:32px!important;box-shadow:none;display:inline-block;vertical-align:middle\"><span class=\"heateor_sss_svg heateor_sss_s__default heateor_sss_s_odnoklassniki\" style=\"background-color:#f2720c;width:100px;height:35px;display:inline-block;opacity:1;float:left;font-size:32px;box-shadow:none;display:inline-block;font-size:16px;padding:0 4px;vertical-align:middle;background-repeat:repeat;overflow:hidden;padding:0;cursor:pointer;box-sizing:content-box\"><svg style=\"display:block;\" focusable=\"false\" aria-hidden=\"true\" xmlns=\"http:\/\/www.w3.org\/2000\/svg\" width=\"100%\" height=\"100%\" viewBox=\"0 0 32 32\"><path fill=\"#fff\" d=\"M16 16.16a6.579 6.579 0 0 1-6.58-6.58A6.578 6.578 0 0 1 16 3a6.58 6.58 0 1 1 .002 13.16zm0-9.817a3.235 3.235 0 0 0-3.236 3.237 3.234 3.234 0 0 0 3.237 3.236 3.236 3.236 0 1 0 .004-6.473zm7.586 10.62c.647 1.3-.084 1.93-1.735 2.99-1.395.9-3.313 1.238-4.564 1.368l1.048 1.05 3.877 3.88c.59.59.59 1.543 0 2.133l-.177.18c-.59.59-1.544.59-2.134 0l-3.88-3.88-3.877 3.88c-.59.59-1.543.59-2.135 0l-.176-.18a1.505 1.505 0 0 1 0-2.132l3.88-3.877 1.042-1.046c-1.25-.127-3.19-.465-4.6-1.37-1.65-1.062-2.38-1.69-1.733-2.99.37-.747 1.4-1.367 2.768-.29C13.035 18.13 16 18.13 16 18.13s2.968 0 4.818-1.456c1.368-1.077 2.4-.457 2.768.29z\"><\/path><\/svg><\/span><\/a><a aria-label=\"Telegram\" class=\"heateor_sss_button_telegram\" href=\"https:\/\/telegram.me\/share\/url?url=https%3A%2F%2Fwww.moldova.org%2Fen%2Fpresident-igor-dodon-and-prime-minister-ion-chicu-arrived-on-an-official-visit-to-turkey%2F&text=President%20Igor%20Dodon%20and%20Prime%20Minister%20Ion%20Chicu%20arrived%20on%20an%20official%20visit%20to%20Turkey\" title=\"Telegram\" rel=\"nofollow noopener\" target=\"_blank\" style=\"font-size:32px!important;box-shadow:none;display:inline-block;vertical-align:middle\"><span class=\"heateor_sss_svg heateor_sss_s__default heateor_sss_s_telegram\" style=\"background-color:#3da5f1;width:100px;height:35px;display:inline-block;opacity:1;float:left;font-size:32px;box-shadow:none;display:inline-block;font-size:16px;padding:0 4px;vertical-align:middle;background-repeat:repeat;overflow:hidden;padding:0;cursor:pointer;box-sizing:content-box\"><svg style=\"display:block;\" focusable=\"false\" aria-hidden=\"true\" xmlns=\"http:\/\/www.w3.org\/2000\/svg\" width=\"100%\" height=\"100%\" viewBox=\"0 0 32 32\"><path fill=\"#fff\" d=\"M25.515 6.896L6.027 14.41c-1.33.534-1.322 1.276-.243 1.606l5 1.56 1.72 5.66c.226.625.115.873.77.873.506 0 .73-.235 1.012-.51l2.43-2.363 5.056 3.734c.93.514 1.602.25 1.834-.863l3.32-15.638c.338-1.363-.52-1.98-1.41-1.577z\"><\/path><\/svg><\/span><\/a><\/div><div class=\"heateorSssClear\"><\/div><\/div><div class='heateorSssClear'><\/div>","yoast_head":"<!-- This site is optimized with the Yoast SEO plugin v27.5 - https:\/\/yoast.com\/product\/yoast-seo-wordpress\/ -->\n<title>President Igor Dodon and Prime Minister Ion Chicu arrived on an official visit to Turkey - Moldova.org<\/title>\n<meta name=\"robots\" content=\"index, follow, max-snippet:-1, max-image-preview:large, max-video-preview:-1\" \/>\n<link rel=\"canonical\" href=\"https:\/\/www.moldova.org\/en\/president-igor-dodon-and-prime-minister-ion-chicu-arrived-on-an-official-visit-to-turkey\/\" \/>\n<meta name=\"twitter:label1\" content=\"Written by\" \/>\n\t<meta name=\"twitter:data1\" content=\"Maria Dulgher\" \/>\n\t<meta name=\"twitter:label2\" content=\"Estimated reading time\" \/>\n\t<meta name=\"twitter:data2\" content=\"2 minutes\" \/>\n<script type=\"application\/ld+json\" class=\"yoast-schema-graph\">{\"@context\":\"https:\\\/\\\/schema.org\",\"@graph\":[{\"@type\":\"Article\",\"@id\":\"https:\\\/\\\/www.moldova.org\\\/en\\\/president-igor-dodon-and-prime-minister-ion-chicu-arrived-on-an-official-visit-to-turkey\\\/#article\",\"isPartOf\":{\"@id\":\"https:\\\/\\\/www.moldova.org\\\/en\\\/president-igor-dodon-and-prime-minister-ion-chicu-arrived-on-an-official-visit-to-turkey\\\/\"},\"author\":{\"name\":\"Maria Dulgher\",\"@id\":\"https:\\\/\\\/www.moldova.org\\\/en\\\/#\\\/schema\\\/person\\\/4cd49a1f49c7d48a105c8a4cb7e3a2bf\"},\"headline\":\"President Igor Dodon and Prime Minister Ion Chicu arrived on an official visit to Turkey\",\"datePublished\":\"2019-12-30T14:57:10+00:00\",\"dateModified\":\"2020-01-05T13:59:45+00:00\",\"mainEntityOfPage\":{\"@id\":\"https:\\\/\\\/www.moldova.org\\\/en\\\/president-igor-dodon-and-prime-minister-ion-chicu-arrived-on-an-official-visit-to-turkey\\\/\"},\"wordCount\":424,\"image\":{\"@id\":\"https:\\\/\\\/www.moldova.org\\\/en\\\/president-igor-dodon-and-prime-minister-ion-chicu-arrived-on-an-official-visit-to-turkey\\\/#primaryimage\"},\"thumbnailUrl\":\"https:\\\/\\\/www.moldova.org\\\/en\\\/wp-content\\\/uploads\\\/sites\\\/2\\\/2019\\\/12\\\/dodon-chicu-2.jpg\",\"keywords\":[\"Chicu\",\"dodon\",\"erdogan\",\"Important\",\"Moldova\",\"official\",\"Turkey\",\"visit\"],\"articleSection\":[\"Politics\"],\"inLanguage\":\"en-GB\"},{\"@type\":\"WebPage\",\"@id\":\"https:\\\/\\\/www.moldova.org\\\/en\\\/president-igor-dodon-and-prime-minister-ion-chicu-arrived-on-an-official-visit-to-turkey\\\/\",\"url\":\"https:\\\/\\\/www.moldova.org\\\/en\\\/president-igor-dodon-and-prime-minister-ion-chicu-arrived-on-an-official-visit-to-turkey\\\/\",\"name\":\"President Igor Dodon and Prime Minister Ion Chicu arrived on an official visit to Turkey - Moldova.org\",\"isPartOf\":{\"@id\":\"https:\\\/\\\/www.moldova.org\\\/en\\\/#website\"},\"primaryImageOfPage\":{\"@id\":\"https:\\\/\\\/www.moldova.org\\\/en\\\/president-igor-dodon-and-prime-minister-ion-chicu-arrived-on-an-official-visit-to-turkey\\\/#primaryimage\"},\"image\":{\"@id\":\"https:\\\/\\\/www.moldova.org\\\/en\\\/president-igor-dodon-and-prime-minister-ion-chicu-arrived-on-an-official-visit-to-turkey\\\/#primaryimage\"},\"thumbnailUrl\":\"https:\\\/\\\/www.moldova.org\\\/en\\\/wp-content\\\/uploads\\\/sites\\\/2\\\/2019\\\/12\\\/dodon-chicu-2.jpg\",\"datePublished\":\"2019-12-30T14:57:10+00:00\",\"dateModified\":\"2020-01-05T13:59:45+00:00\",\"author\":{\"@id\":\"https:\\\/\\\/www.moldova.org\\\/en\\\/#\\\/schema\\\/person\\\/4cd49a1f49c7d48a105c8a4cb7e3a2bf\"},\"breadcrumb\":{\"@id\":\"https:\\\/\\\/www.moldova.org\\\/en\\\/president-igor-dodon-and-prime-minister-ion-chicu-arrived-on-an-official-visit-to-turkey\\\/#breadcrumb\"},\"inLanguage\":\"en-GB\",\"potentialAction\":[{\"@type\":\"ReadAction\",\"target\":[\"https:\\\/\\\/www.moldova.org\\\/en\\\/president-igor-dodon-and-prime-minister-ion-chicu-arrived-on-an-official-visit-to-turkey\\\/\"]}]},{\"@type\":\"ImageObject\",\"inLanguage\":\"en-GB\",\"@id\":\"https:\\\/\\\/www.moldova.org\\\/en\\\/president-igor-dodon-and-prime-minister-ion-chicu-arrived-on-an-official-visit-to-turkey\\\/#primaryimage\",\"url\":\"https:\\\/\\\/www.moldova.org\\\/en\\\/wp-content\\\/uploads\\\/sites\\\/2\\\/2019\\\/12\\\/dodon-chicu-2.jpg\",\"contentUrl\":\"https:\\\/\\\/www.moldova.org\\\/en\\\/wp-content\\\/uploads\\\/sites\\\/2\\\/2019\\\/12\\\/dodon-chicu-2.jpg\",\"width\":960,\"height\":636,\"caption\":\"source: Facebook| Igor Dodon\"},{\"@type\":\"BreadcrumbList\",\"@id\":\"https:\\\/\\\/www.moldova.org\\\/en\\\/president-igor-dodon-and-prime-minister-ion-chicu-arrived-on-an-official-visit-to-turkey\\\/#breadcrumb\",\"itemListElement\":[{\"@type\":\"ListItem\",\"position\":1,\"name\":\"Home\",\"item\":\"https:\\\/\\\/www.moldova.org\\\/en\\\/\"},{\"@type\":\"ListItem\",\"position\":2,\"name\":\"President Igor Dodon and Prime Minister Ion Chicu arrived on an official visit to Turkey\"}]},{\"@type\":\"WebSite\",\"@id\":\"https:\\\/\\\/www.moldova.org\\\/en\\\/#website\",\"url\":\"https:\\\/\\\/www.moldova.org\\\/en\\\/\",\"name\":\"Moldova.org\",\"description\":\"The first news website of Moldova\",\"potentialAction\":[{\"@type\":\"SearchAction\",\"target\":{\"@type\":\"EntryPoint\",\"urlTemplate\":\"https:\\\/\\\/www.moldova.org\\\/en\\\/?s={search_term_string}\"},\"query-input\":{\"@type\":\"PropertyValueSpecification\",\"valueRequired\":true,\"valueName\":\"search_term_string\"}}],\"inLanguage\":\"en-GB\"},{\"@type\":\"Person\",\"@id\":\"https:\\\/\\\/www.moldova.org\\\/en\\\/#\\\/schema\\\/person\\\/4cd49a1f49c7d48a105c8a4cb7e3a2bf\",\"name\":\"Maria Dulgher\",\"image\":{\"@type\":\"ImageObject\",\"inLanguage\":\"en-GB\",\"@id\":\"https:\\\/\\\/secure.gravatar.com\\\/avatar\\\/845882001991bde511a90853b5102f4286c0293237ace764fffc0d327a09702d?s=96&d=mm&r=g\",\"url\":\"https:\\\/\\\/secure.gravatar.com\\\/avatar\\\/845882001991bde511a90853b5102f4286c0293237ace764fffc0d327a09702d?s=96&d=mm&r=g\",\"contentUrl\":\"https:\\\/\\\/secure.gravatar.com\\\/avatar\\\/845882001991bde511a90853b5102f4286c0293237ace764fffc0d327a09702d?s=96&d=mm&r=g\",\"caption\":\"Maria Dulgher\"},\"description\":\"Jurnalist\u0103 that speaks English very well. De aia Maria are grij\u0103 c\u0103 prietenii no\u0219tri str\u0103ini s\u0103 nu piard\u0103 nicio informa\u021bie valoroas\u0103 despre actualitatea din Moldova.\",\"sameAs\":[\"https:\\\/\\\/www.facebook.com\\\/mariuta.dulgher\",\"https:\\\/\\\/www.instagram.com\\\/marie.dulgher\\\/\",\"https:\\\/\\\/www.linkedin.com\\\/in\\\/maria-dulgher-4a9a2bb2\\\/\"],\"url\":\"https:\\\/\\\/www.moldova.org\\\/en\\\/author\\\/mariadulgher\\\/\"}]}<\/script>\n<!-- \/ Yoast SEO plugin. -->","yoast_head_json":{"title":"President Igor Dodon and Prime Minister Ion Chicu arrived on an official visit to Turkey - Moldova.org","robots":{"index":"index","follow":"follow","max-snippet":"max-snippet:-1","max-image-preview":"max-image-preview:large","max-video-preview":"max-video-preview:-1"},"canonical":"https:\/\/www.moldova.org\/en\/president-igor-dodon-and-prime-minister-ion-chicu-arrived-on-an-official-visit-to-turkey\/","twitter_misc":{"Written by":"Maria Dulgher","Estimated reading time":"2 minutes"},"schema":{"@context":"https:\/\/schema.org","@graph":[{"@type":"Article","@id":"https:\/\/www.moldova.org\/en\/president-igor-dodon-and-prime-minister-ion-chicu-arrived-on-an-official-visit-to-turkey\/#article","isPartOf":{"@id":"https:\/\/www.moldova.org\/en\/president-igor-dodon-and-prime-minister-ion-chicu-arrived-on-an-official-visit-to-turkey\/"},"author":{"name":"Maria Dulgher","@id":"https:\/\/www.moldova.org\/en\/#\/schema\/person\/4cd49a1f49c7d48a105c8a4cb7e3a2bf"},"headline":"President Igor Dodon and Prime Minister Ion Chicu arrived on an official visit to Turkey","datePublished":"2019-12-30T14:57:10+00:00","dateModified":"2020-01-05T13:59:45+00:00","mainEntityOfPage":{"@id":"https:\/\/www.moldova.org\/en\/president-igor-dodon-and-prime-minister-ion-chicu-arrived-on-an-official-visit-to-turkey\/"},"wordCount":424,"image":{"@id":"https:\/\/www.moldova.org\/en\/president-igor-dodon-and-prime-minister-ion-chicu-arrived-on-an-official-visit-to-turkey\/#primaryimage"},"thumbnailUrl":"https:\/\/www.moldova.org\/en\/wp-content\/uploads\/sites\/2\/2019\/12\/dodon-chicu-2.jpg","keywords":["Chicu","dodon","erdogan","Important","Moldova","official","Turkey","visit"],"articleSection":["Politics"],"inLanguage":"en-GB"},{"@type":"WebPage","@id":"https:\/\/www.moldova.org\/en\/president-igor-dodon-and-prime-minister-ion-chicu-arrived-on-an-official-visit-to-turkey\/","url":"https:\/\/www.moldova.org\/en\/president-igor-dodon-and-prime-minister-ion-chicu-arrived-on-an-official-visit-to-turkey\/","name":"President Igor Dodon and Prime Minister Ion Chicu arrived on an official visit to Turkey - Moldova.org","isPartOf":{"@id":"https:\/\/www.moldova.org\/en\/#website"},"primaryImageOfPage":{"@id":"https:\/\/www.moldova.org\/en\/president-igor-dodon-and-prime-minister-ion-chicu-arrived-on-an-official-visit-to-turkey\/#primaryimage"},"image":{"@id":"https:\/\/www.moldova.org\/en\/president-igor-dodon-and-prime-minister-ion-chicu-arrived-on-an-official-visit-to-turkey\/#primaryimage"},"thumbnailUrl":"https:\/\/www.moldova.org\/en\/wp-content\/uploads\/sites\/2\/2019\/12\/dodon-chicu-2.jpg","datePublished":"2019-12-30T14:57:10+00:00","dateModified":"2020-01-05T13:59:45+00:00","author":{"@id":"https:\/\/www.moldova.org\/en\/#\/schema\/person\/4cd49a1f49c7d48a105c8a4cb7e3a2bf"},"breadcrumb":{"@id":"https:\/\/www.moldova.org\/en\/president-igor-dodon-and-prime-minister-ion-chicu-arrived-on-an-official-visit-to-turkey\/#breadcrumb"},"inLanguage":"en-GB","potentialAction":[{"@type":"ReadAction","target":["https:\/\/www.moldova.org\/en\/president-igor-dodon-and-prime-minister-ion-chicu-arrived-on-an-official-visit-to-turkey\/"]}]},{"@type":"ImageObject","inLanguage":"en-GB","@id":"https:\/\/www.moldova.org\/en\/president-igor-dodon-and-prime-minister-ion-chicu-arrived-on-an-official-visit-to-turkey\/#primaryimage","url":"https:\/\/www.moldova.org\/en\/wp-content\/uploads\/sites\/2\/2019\/12\/dodon-chicu-2.jpg","contentUrl":"https:\/\/www.moldova.org\/en\/wp-content\/uploads\/sites\/2\/2019\/12\/dodon-chicu-2.jpg","width":960,"height":636,"caption":"source: Facebook| Igor Dodon"},{"@type":"BreadcrumbList","@id":"https:\/\/www.moldova.org\/en\/president-igor-dodon-and-prime-minister-ion-chicu-arrived-on-an-official-visit-to-turkey\/#breadcrumb","itemListElement":[{"@type":"ListItem","position":1,"name":"Home","item":"https:\/\/www.moldova.org\/en\/"},{"@type":"ListItem","position":2,"name":"President Igor Dodon and Prime Minister Ion Chicu arrived on an official visit to Turkey"}]},{"@type":"WebSite","@id":"https:\/\/www.moldova.org\/en\/#website","url":"https:\/\/www.moldova.org\/en\/","name":"Moldova.org","description":"The first news website of Moldova","potentialAction":[{"@type":"SearchAction","target":{"@type":"EntryPoint","urlTemplate":"https:\/\/www.moldova.org\/en\/?s={search_term_string}"},"query-input":{"@type":"PropertyValueSpecification","valueRequired":true,"valueName":"search_term_string"}}],"inLanguage":"en-GB"},{"@type":"Person","@id":"https:\/\/www.moldova.org\/en\/#\/schema\/person\/4cd49a1f49c7d48a105c8a4cb7e3a2bf","name":"Maria Dulgher","image":{"@type":"ImageObject","inLanguage":"en-GB","@id":"https:\/\/secure.gravatar.com\/avatar\/845882001991bde511a90853b5102f4286c0293237ace764fffc0d327a09702d?s=96&d=mm&r=g","url":"https:\/\/secure.gravatar.com\/avatar\/845882001991bde511a90853b5102f4286c0293237ace764fffc0d327a09702d?s=96&d=mm&r=g","contentUrl":"https:\/\/secure.gravatar.com\/avatar\/845882001991bde511a90853b5102f4286c0293237ace764fffc0d327a09702d?s=96&d=mm&r=g","caption":"Maria Dulgher"},"description":"Jurnalist\u0103 that speaks English very well. De aia Maria are grij\u0103 c\u0103 prietenii no\u0219tri str\u0103ini s\u0103 nu piard\u0103 nicio informa\u021bie valoroas\u0103 despre actualitatea din Moldova.","sameAs":["https:\/\/www.facebook.com\/mariuta.dulgher","https:\/\/www.instagram.com\/marie.dulgher\/","https:\/\/www.linkedin.com\/in\/maria-dulgher-4a9a2bb2\/"],"url":"https:\/\/www.moldova.org\/en\/author\/mariadulgher\/"}]}},"_links":{"self":[{"href":"https:\/\/www.moldova.org\/en\/wp-json\/wp\/v2\/posts\/447841","targetHints":{"allow":["GET"]}}],"collection":[{"href":"https:\/\/www.moldova.org\/en\/wp-json\/wp\/v2\/posts"}],"about":[{"href":"https:\/\/www.moldova.org\/en\/wp-json\/wp\/v2\/types\/post"}],"author":[{"embeddable":true,"href":"https:\/\/www.moldova.org\/en\/wp-json\/wp\/v2\/users\/31"}],"replies":[{"embeddable":true,"href":"https:\/\/www.moldova.org\/en\/wp-json\/wp\/v2\/comments?post=447841"}],"version-history":[{"count":0,"href":"https:\/\/www.moldova.org\/en\/wp-json\/wp\/v2\/posts\/447841\/revisions"}],"wp:featuredmedia":[{"embeddable":true,"href":"https:\/\/www.moldova.org\/en\/wp-json\/wp\/v2\/media\/447844"}],"wp:attachment":[{"href":"https:\/\/www.moldova.org\/en\/wp-json\/wp\/v2\/media?parent=447841"}],"wp:term":[{"taxonomy":"category","embeddable":true,"href":"https:\/\/www.moldova.org\/en\/wp-json\/wp\/v2\/categories?post=447841"},{"taxonomy":"post_tag","embeddable":true,"href":"https:\/\/www.moldova.org\/en\/wp-json\/wp\/v2\/tags?post=447841"}],"curies":[{"name":"wp","href":"https:\/\/api.w.org\/{rel}","templated":true}]}}