{"id":447652,"date":"2019-11-07T06:29:20","date_gmt":"2019-11-07T06:29:20","guid":{"rendered":"http:\/\/www.moldova.org\/en\/?p=447652"},"modified":"2019-11-13T21:01:46","modified_gmt":"2019-11-13T21:01:46","slug":"another-dispute-acum-and-psrm-cant-share-the-responsibility-for-the-justice-reform","status":"publish","type":"post","link":"https:\/\/www.moldova.org\/en\/another-dispute-acum-and-psrm-cant-share-the-responsibility-for-the-justice-reform\/","title":{"rendered":"Another dispute: ACUM and PSRM can&#8217;t share the responsibility for the justice reform"},"content":{"rendered":"<span class=\"span-reading-time rt-reading-time\" style=\"display: block;\"><span class=\"rt-label rt-prefix\">Reading Time: <\/span> <span class=\"rt-time\"> 3<\/span> <span class=\"rt-label rt-postfix\">minutes<\/span><\/span><p><strong>From the results of the local elections in Moldova, which seemed a <a href=\"https:\/\/www.moldova.org\/en\/could-the-psrm-acum-coalition-government-be-hindered-by-the-results-of-local-elections-in-chisinau\/\">trigger<\/a> of a crisis in the coalition government, the dispute between ACUM and PSRM moved to the subject of the justice reform in Moldova.<\/strong><\/p>\n<p>After the Party of Socialists of the Republic of Moldova (PSRM) expressed it&#8217;s concern regarding the <em>&#8220;inefficiency of the Government and the increasingly negative perception citizens have about its activity&#8221;, <\/em>as well as\u00a0the\u00a0intention to have discussions with ACUM about possible replacement of <em>&#8220;inefficient&#8221;<\/em> ministers, it seems that one more matter needs to be raised to eventual discussion between the coalition partners &#8211; the way the Prosecutor General is appointed.<\/p>\n<h4>The cause of dispute<\/h4>\n<p>Everything began (or maybe it is better to say that it continued) when Minister of Justice Olesea Stamati announced at a <a href=\"https:\/\/www.privesc.eu\/arhiva\/89125\/Briefing-sustinut-de-Ministrul-Justitiei-al-Republicii-Moldova--Olesea-Stamate\">press conference<\/a> that she would issue an order for cancelling the result of the contest for the position of Prosecutor General.<\/p>\n<blockquote><p>&#8220;As Minister of Justice, I cannot submit the list of selected candidates for the position of Prosecutor General.&#8221;<\/p><\/blockquote>\n<p>According to Olesea Stamati, the reason why the contest wasn&#8217;t held according to legal requirements is the lack of sufficient information on candidates provided to the commission in charge with the evaluation of candidates, as well as the fact that Petru Bobu, one member of the commission, evaluated certain candidates in a clearly disproportionate manner. <em>&#8220;This fact distorted the final result, influencing the contest,&#8221;<\/em> highlighted Minister of Justice.<\/p>\n<p>Petru Bobu rejected the accusations: <em>&#8220;The suspicions are not well founded, I appraised candidates the way I found appropriate,&#8221;<\/em> <a href=\"http:\/\/tv8.md\/2019\/11\/06\/cum-raspunde-bobu-la-acuzatiile-lui-stamate-ca-prin-punctajul-oferit-de-el-rezultatele-concursului-de-preselectare-a-candidatilor-la-functia-de-procuror-general-au-fost-denaturate\/\">said<\/a> Bobu for TV8.<\/p>\n<h4>The act of taking control<\/h4>\n<p>As a result of failed contest for selecting a new Prosecutor General, the Government decided to assume the responsibility for amending the <strong>Law on Prosecutor&#8217;s Office<\/strong>, so that the prime minister would be responsible for pre-selecting the candidates.<\/p>\n<p>As per changes made in\u00a0the law in September 2019, the Ministry of Justice created a special commission for the pre-selection of a list of candidates, which subsequently had to be presented to the Superior Council of Prosecutors (SCP). This task could not be fulfilled because the members of the commission did not have access to sufficient data that would confirm the integrity and professionalism of the candidates.<\/p>\n<p>The newly proposed amendments include selection by the prime minister, according to the approved procedure, of at least two candidates for the position of Prosecutor General and submission of the list to the SCP.\u00a0Next, the SCP would select one candidate from the list and would propose him\/her to the president.<\/p>\n<p><em>&#8220;Unfortunately, the process of evaluating the candidates for the position of Prosecutor General was flawed.We went for an independent commission and pluralism of opinions. But ultimately, the responsibility for this process lies with us. We must assume the radical change we all need,&#8221;<\/em> declared Prime Minister Maia Sandu at a <a href=\"https:\/\/www.privesc.eu\/arhiva\/89128\/Declaratii-dupa-sedinta-Guvernului-Republicii-Moldova-din-6-noiembrie-2019\">press conference<\/a>.<\/p>\n<h4>The socialists&#8217; anger<\/h4>\n<p>The PSRM representatives declared against the ACUM initiative regarding the amendment of the Law on Prosecutor&#8217;s Office.\u00a0 <span style=\"color: #000080\"><em>&#8220;This means that the future leader of the General Prosecutor&#8217;s Office would be appointed by the head of a political party, depending on his personal or political options. Such an initiative of the General Prosecutor&#8217;s Office\u00a0political subordination is unacceptable in a country where intense efforts are being made to reform the justice system,&#8221;<\/em><\/span> is written in the <a href=\"http:\/\/socialistii.md\/psrm-este-categoric-impotriva-numirii-procurorului-general-pe-criterii-politice\/\">official statement<\/a> of PSRM.<\/p>\n<p>According to the statement, the initiative of Maia Sandu<span style=\"color: #000080\"> <em>&#8220;flagrantly violates the agreement signed by ACUM and PSRM, where it was clearly mentioned that during the justice reform the selection of the Prosecutor General will be carried out by contest, not by a politician.&#8221;<\/em><\/span><\/p>\n<blockquote><p>&#8220;This is certainly not the independence of justice promised by the current parliamentary majority. We can&#8217;t go back to the disastrous habits of the past, when a political leader decided who is running the General Prosecutor&#8217;s Office.&#8221;<\/p><\/blockquote>\n<p>The PSRM representatives also <a href=\"https:\/\/www.privesc.eu\/arhiva\/89126\/Conferinta-de-presa-sustinuta-de-fractiunea-PSRM-fata-de-intentia-de-anulare-a-concursului-pentru-functia-de-procuror-general\">demanded<\/a> the resignation of Minister of Justice Olesea Stamati, accusing her of incompetence.<\/p>\n<h4>The expert&#8217;s opinion<\/h4>\n<p>Political analyst <strong>Victor Ciobanu\u00a0<\/strong>considers that the movement made by ACUM when cancelling the results of the pre-selection contest and taking responsibility for amendments of the Law on the Prosecutor&#8217;s Office is a <em>&#8220;powerful move&#8221;<\/em> in response to the last statements of disapproval of President Igor Dodon and PSRM regarding the activity of the Government.<\/p>\n<p><em>&#8220;Cancelling the results of the contest is a good thing. Because to admit a mistake is much better than to insist on this mistake. Following the pressures made by the pubic, the contest score was published and it was clear that at least one representative delegated by PSRM tried to alter the results, which is inadmissible. Consequently, I think that was a good decision,\u201d<\/em> <a href=\"http:\/\/tv8.md\/2019\/11\/06\/opinie-pe-scena-politica-din-moldova-e-din-nou-fierbinte-se-rupe-alianta\/\">stated<\/a> Victor Ciobanu.<\/p>\n<p>The expert expressed his confidence that the coalition is not about to crumble until the eventual fall of the Government and snap elections, as none of the parts is interested in that. However, a compromise needs to be reached.<\/p>\n<p><em>&#8220;ACUM should hand over certain ministries to Socialists for giving them the opportunity to be jointly responsible for the government. Otherwise, PSRM is in a very comfortable position to be in power and have no responsibility for the government activity, therefore being free to criticise it,&#8221;<\/em> stated the expert.<\/p>\n","protected":false},"excerpt":{"rendered":"<p><span class=\"span-reading-time rt-reading-time\" style=\"display: block;\"><span class=\"rt-label rt-prefix\">Reading Time: <\/span> <span class=\"rt-time\"> 3<\/span> <span class=\"rt-label rt-postfix\">minutes<\/span><\/span>From the results of the local elections in Moldova, which seemed a trigger of a crisis in the coalition government, the dispute between ACUM and PSRM moved to the subject of the justice reform in Moldova. After the Party of Socialists of the Republic of Moldova (PSRM) expressed it&#8217;s concern regarding the &#8220;inefficiency of the [&hellip;]<\/p>\n","protected":false},"author":31,"featured_media":447653,"comment_status":"closed","ping_status":"closed","sticky":false,"template":"","format":"standard","meta":{"footnotes":""},"categories":[3,56],"tags":[224,279,35,27,81],"class_list":["post-447652","post","type-post","status-publish","format-standard","has-post-thumbnail","hentry","category-politics","category-reportaje","tag-acum","tag-coalition","tag-important","tag-moldova","tag-psrm"],"content_social_share":"<span class=\"span-reading-time rt-reading-time\" style=\"display: block;\"><span class=\"rt-label rt-prefix\">Reading Time: <\/span> <span class=\"rt-time\"> 3<\/span> <span class=\"rt-label rt-postfix\">minutes<\/span><\/span><p><strong>From the results of the local elections in Moldova, which seemed a <a href=\"https:\/\/www.moldova.org\/en\/could-the-psrm-acum-coalition-government-be-hindered-by-the-results-of-local-elections-in-chisinau\/\">trigger<\/a> of a crisis in the coalition government, the dispute between ACUM and PSRM moved to the subject of the justice reform in Moldova.<\/strong><\/p>\n<p>After the Party of Socialists of the Republic of Moldova (PSRM) expressed it&#8217;s concern regarding the <em>&#8220;inefficiency of the Government and the increasingly negative perception citizens have about its activity&#8221;, <\/em>as well as\u00a0the\u00a0intention to have discussions with ACUM about possible replacement of <em>&#8220;inefficient&#8221;<\/em> ministers, it seems that one more matter needs to be raised to eventual discussion between the coalition partners &#8211; the way the Prosecutor General is appointed.<\/p>\n<h4>The cause of dispute<\/h4>\n<p>Everything began (or maybe it is better to say that it continued) when Minister of Justice Olesea Stamati announced at a <a href=\"https:\/\/www.privesc.eu\/arhiva\/89125\/Briefing-sustinut-de-Ministrul-Justitiei-al-Republicii-Moldova--Olesea-Stamate\">press conference<\/a> that she would issue an order for cancelling the result of the contest for the position of Prosecutor General.<\/p>\n<blockquote><p>&#8220;As Minister of Justice, I cannot submit the list of selected candidates for the position of Prosecutor General.&#8221;<\/p><\/blockquote>\n<p>According to Olesea Stamati, the reason why the contest wasn&#8217;t held according to legal requirements is the lack of sufficient information on candidates provided to the commission in charge with the evaluation of candidates, as well as the fact that Petru Bobu, one member of the commission, evaluated certain candidates in a clearly disproportionate manner. <em>&#8220;This fact distorted the final result, influencing the contest,&#8221;<\/em> highlighted Minister of Justice.<\/p>\n<p>Petru Bobu rejected the accusations: <em>&#8220;The suspicions are not well founded, I appraised candidates the way I found appropriate,&#8221;<\/em> <a href=\"http:\/\/tv8.md\/2019\/11\/06\/cum-raspunde-bobu-la-acuzatiile-lui-stamate-ca-prin-punctajul-oferit-de-el-rezultatele-concursului-de-preselectare-a-candidatilor-la-functia-de-procuror-general-au-fost-denaturate\/\">said<\/a> Bobu for TV8.<\/p>\n<h4>The act of taking control<\/h4>\n<p>As a result of failed contest for selecting a new Prosecutor General, the Government decided to assume the responsibility for amending the <strong>Law on Prosecutor&#8217;s Office<\/strong>, so that the prime minister would be responsible for pre-selecting the candidates.<\/p>\n<p>As per changes made in\u00a0the law in September 2019, the Ministry of Justice created a special commission for the pre-selection of a list of candidates, which subsequently had to be presented to the Superior Council of Prosecutors (SCP). This task could not be fulfilled because the members of the commission did not have access to sufficient data that would confirm the integrity and professionalism of the candidates.<\/p>\n<p>The newly proposed amendments include selection by the prime minister, according to the approved procedure, of at least two candidates for the position of Prosecutor General and submission of the list to the SCP.\u00a0Next, the SCP would select one candidate from the list and would propose him\/her to the president.<\/p>\n<p><em>&#8220;Unfortunately, the process of evaluating the candidates for the position of Prosecutor General was flawed.We went for an independent commission and pluralism of opinions. But ultimately, the responsibility for this process lies with us. We must assume the radical change we all need,&#8221;<\/em> declared Prime Minister Maia Sandu at a <a href=\"https:\/\/www.privesc.eu\/arhiva\/89128\/Declaratii-dupa-sedinta-Guvernului-Republicii-Moldova-din-6-noiembrie-2019\">press conference<\/a>.<\/p>\n<h4>The socialists&#8217; anger<\/h4>\n<p>The PSRM representatives declared against the ACUM initiative regarding the amendment of the Law on Prosecutor&#8217;s Office.\u00a0 <span style=\"color: #000080\"><em>&#8220;This means that the future leader of the General Prosecutor&#8217;s Office would be appointed by the head of a political party, depending on his personal or political options. Such an initiative of the General Prosecutor&#8217;s Office\u00a0political subordination is unacceptable in a country where intense efforts are being made to reform the justice system,&#8221;<\/em><\/span> is written in the <a href=\"http:\/\/socialistii.md\/psrm-este-categoric-impotriva-numirii-procurorului-general-pe-criterii-politice\/\">official statement<\/a> of PSRM.<\/p>\n<p>According to the statement, the initiative of Maia Sandu<span style=\"color: #000080\"> <em>&#8220;flagrantly violates the agreement signed by ACUM and PSRM, where it was clearly mentioned that during the justice reform the selection of the Prosecutor General will be carried out by contest, not by a politician.&#8221;<\/em><\/span><\/p>\n<blockquote><p>&#8220;This is certainly not the independence of justice promised by the current parliamentary majority. We can&#8217;t go back to the disastrous habits of the past, when a political leader decided who is running the General Prosecutor&#8217;s Office.&#8221;<\/p><\/blockquote>\n<p>The PSRM representatives also <a href=\"https:\/\/www.privesc.eu\/arhiva\/89126\/Conferinta-de-presa-sustinuta-de-fractiunea-PSRM-fata-de-intentia-de-anulare-a-concursului-pentru-functia-de-procuror-general\">demanded<\/a> the resignation of Minister of Justice Olesea Stamati, accusing her of incompetence.<\/p>\n<h4>The expert&#8217;s opinion<\/h4>\n<p>Political analyst <strong>Victor Ciobanu\u00a0<\/strong>considers that the movement made by ACUM when cancelling the results of the pre-selection contest and taking responsibility for amendments of the Law on the Prosecutor&#8217;s Office is a <em>&#8220;powerful move&#8221;<\/em> in response to the last statements of disapproval of President Igor Dodon and PSRM regarding the activity of the Government.<\/p>\n<p><em>&#8220;Cancelling the results of the contest is a good thing. Because to admit a mistake is much better than to insist on this mistake. Following the pressures made by the pubic, the contest score was published and it was clear that at least one representative delegated by PSRM tried to alter the results, which is inadmissible. Consequently, I think that was a good decision,\u201d<\/em> <a href=\"http:\/\/tv8.md\/2019\/11\/06\/opinie-pe-scena-politica-din-moldova-e-din-nou-fierbinte-se-rupe-alianta\/\">stated<\/a> Victor Ciobanu.<\/p>\n<p>The expert expressed his confidence that the coalition is not about to crumble until the eventual fall of the Government and snap elections, as none of the parts is interested in that. However, a compromise needs to be reached.<\/p>\n<p><em>&#8220;ACUM should hand over certain ministries to Socialists for giving them the opportunity to be jointly responsible for the government. Otherwise, PSRM is in a very comfortable position to be in power and have no responsibility for the government activity, therefore being free to criticise it,&#8221;<\/em> stated the expert.<\/p>\n<div class='heateorSssClear'><\/div><div  class='heateor_sss_sharing_container heateor_sss_horizontal_sharing' data-heateor-sss-href='https:\/\/www.moldova.org\/en\/another-dispute-acum-and-psrm-cant-share-the-responsibility-for-the-justice-reform\/' data-heateor-sss-no-counts=\"1\"><div class='heateor_sss_sharing_title' style=\"font-weight:bold\" ><\/div><div class=\"heateor_sss_sharing_ul\"><a aria-label=\"Facebook\" class=\"heateor_sss_facebook\" href=\"https:\/\/www.facebook.com\/sharer\/sharer.php?u=https%3A%2F%2Fwww.moldova.org%2Fen%2Fanother-dispute-acum-and-psrm-cant-share-the-responsibility-for-the-justice-reform%2F\" title=\"Facebook\" rel=\"nofollow noopener\" target=\"_blank\" style=\"font-size:32px!important;box-shadow:none;display:inline-block;vertical-align:middle\"><span class=\"heateor_sss_svg\" style=\"background-color:#0765FE;width:100px;height:35px;display:inline-block;opacity:1;float:left;font-size:32px;box-shadow:none;display:inline-block;font-size:16px;padding:0 4px;vertical-align:middle;background-repeat:repeat;overflow:hidden;padding:0;cursor:pointer;box-sizing:content-box\"><svg style=\"display:block;\" focusable=\"false\" aria-hidden=\"true\" xmlns=\"http:\/\/www.w3.org\/2000\/svg\" width=\"100%\" height=\"100%\" viewBox=\"0 0 32 32\"><path fill=\"#fff\" d=\"M28 16c0-6.627-5.373-12-12-12S4 9.373 4 16c0 5.628 3.875 10.35 9.101 11.647v-7.98h-2.474V16H13.1v-1.58c0-4.085 1.849-5.978 5.859-5.978.76 0 2.072.15 2.608.298v3.325c-.283-.03-.775-.045-1.386-.045-1.967 0-2.728.745-2.728 2.683V16h3.92l-.673 3.667h-3.247v8.245C23.395 27.195 28 22.135 28 16Z\"><\/path><\/svg><\/span><\/a><a aria-label=\"Twitter\" class=\"heateor_sss_button_twitter\" href=\"https:\/\/twitter.com\/intent\/tweet?text=Another%20dispute%3A%20ACUM%20and%20PSRM%20can%27t%20share%20the%20responsibility%20for%20the%20justice%20reform&url=https%3A%2F%2Fwww.moldova.org%2Fen%2Fanother-dispute-acum-and-psrm-cant-share-the-responsibility-for-the-justice-reform%2F\" title=\"Twitter\" rel=\"nofollow noopener\" target=\"_blank\" style=\"font-size:32px!important;box-shadow:none;display:inline-block;vertical-align:middle\"><span class=\"heateor_sss_svg heateor_sss_s__default heateor_sss_s_twitter\" style=\"background-color:#55acee;width:100px;height:35px;display:inline-block;opacity:1;float:left;font-size:32px;box-shadow:none;display:inline-block;font-size:16px;padding:0 4px;vertical-align:middle;background-repeat:repeat;overflow:hidden;padding:0;cursor:pointer;box-sizing:content-box\"><svg style=\"display:block;\" focusable=\"false\" aria-hidden=\"true\" xmlns=\"http:\/\/www.w3.org\/2000\/svg\" width=\"100%\" height=\"100%\" viewBox=\"-4 -4 39 39\"><path d=\"M28 8.557a9.913 9.913 0 0 1-2.828.775 4.93 4.93 0 0 0 2.166-2.725 9.738 9.738 0 0 1-3.13 1.194 4.92 4.92 0 0 0-3.593-1.55 4.924 4.924 0 0 0-4.794 6.049c-4.09-.21-7.72-2.17-10.15-5.15a4.942 4.942 0 0 0-.665 2.477c0 1.71.87 3.214 2.19 4.1a4.968 4.968 0 0 1-2.23-.616v.06c0 2.39 1.7 4.38 3.952 4.83-.414.115-.85.174-1.297.174-.318 0-.626-.03-.928-.086a4.935 4.935 0 0 0 4.6 3.42 9.893 9.893 0 0 1-6.114 2.107c-.398 0-.79-.023-1.175-.068a13.953 13.953 0 0 0 7.55 2.213c9.056 0 14.01-7.507 14.01-14.013 0-.213-.005-.426-.015-.637.96-.695 1.795-1.56 2.455-2.55z\" fill=\"#fff\"><\/path><\/svg><\/span><\/a><a aria-label=\"Odnoklassniki\" class=\"heateor_sss_button_odnoklassniki\" href=\"https:\/\/connect.ok.ru\/dk?cmd=WidgetSharePreview&st.cmd=WidgetSharePreview&st.shareUrl=https%3A%2F%2Fwww.moldova.org%2Fen%2Fanother-dispute-acum-and-psrm-cant-share-the-responsibility-for-the-justice-reform%2F&st.client_id=-1\" title=\"Odnoklassniki\" rel=\"nofollow noopener\" target=\"_blank\" style=\"font-size:32px!important;box-shadow:none;display:inline-block;vertical-align:middle\"><span class=\"heateor_sss_svg heateor_sss_s__default heateor_sss_s_odnoklassniki\" style=\"background-color:#f2720c;width:100px;height:35px;display:inline-block;opacity:1;float:left;font-size:32px;box-shadow:none;display:inline-block;font-size:16px;padding:0 4px;vertical-align:middle;background-repeat:repeat;overflow:hidden;padding:0;cursor:pointer;box-sizing:content-box\"><svg style=\"display:block;\" focusable=\"false\" aria-hidden=\"true\" xmlns=\"http:\/\/www.w3.org\/2000\/svg\" width=\"100%\" height=\"100%\" viewBox=\"0 0 32 32\"><path fill=\"#fff\" d=\"M16 16.16a6.579 6.579 0 0 1-6.58-6.58A6.578 6.578 0 0 1 16 3a6.58 6.58 0 1 1 .002 13.16zm0-9.817a3.235 3.235 0 0 0-3.236 3.237 3.234 3.234 0 0 0 3.237 3.236 3.236 3.236 0 1 0 .004-6.473zm7.586 10.62c.647 1.3-.084 1.93-1.735 2.99-1.395.9-3.313 1.238-4.564 1.368l1.048 1.05 3.877 3.88c.59.59.59 1.543 0 2.133l-.177.18c-.59.59-1.544.59-2.134 0l-3.88-3.88-3.877 3.88c-.59.59-1.543.59-2.135 0l-.176-.18a1.505 1.505 0 0 1 0-2.132l3.88-3.877 1.042-1.046c-1.25-.127-3.19-.465-4.6-1.37-1.65-1.062-2.38-1.69-1.733-2.99.37-.747 1.4-1.367 2.768-.29C13.035 18.13 16 18.13 16 18.13s2.968 0 4.818-1.456c1.368-1.077 2.4-.457 2.768.29z\"><\/path><\/svg><\/span><\/a><a aria-label=\"Telegram\" class=\"heateor_sss_button_telegram\" href=\"https:\/\/telegram.me\/share\/url?url=https%3A%2F%2Fwww.moldova.org%2Fen%2Fanother-dispute-acum-and-psrm-cant-share-the-responsibility-for-the-justice-reform%2F&text=Another%20dispute%3A%20ACUM%20and%20PSRM%20can%27t%20share%20the%20responsibility%20for%20the%20justice%20reform\" title=\"Telegram\" rel=\"nofollow noopener\" target=\"_blank\" style=\"font-size:32px!important;box-shadow:none;display:inline-block;vertical-align:middle\"><span class=\"heateor_sss_svg heateor_sss_s__default heateor_sss_s_telegram\" style=\"background-color:#3da5f1;width:100px;height:35px;display:inline-block;opacity:1;float:left;font-size:32px;box-shadow:none;display:inline-block;font-size:16px;padding:0 4px;vertical-align:middle;background-repeat:repeat;overflow:hidden;padding:0;cursor:pointer;box-sizing:content-box\"><svg style=\"display:block;\" focusable=\"false\" aria-hidden=\"true\" xmlns=\"http:\/\/www.w3.org\/2000\/svg\" width=\"100%\" height=\"100%\" viewBox=\"0 0 32 32\"><path fill=\"#fff\" d=\"M25.515 6.896L6.027 14.41c-1.33.534-1.322 1.276-.243 1.606l5 1.56 1.72 5.66c.226.625.115.873.77.873.506 0 .73-.235 1.012-.51l2.43-2.363 5.056 3.734c.93.514 1.602.25 1.834-.863l3.32-15.638c.338-1.363-.52-1.98-1.41-1.577z\"><\/path><\/svg><\/span><\/a><\/div><div class=\"heateorSssClear\"><\/div><\/div><div class='heateorSssClear'><\/div>","yoast_head":"<!-- This site is optimized with the Yoast SEO plugin v27.5 - https:\/\/yoast.com\/product\/yoast-seo-wordpress\/ -->\n<title>Another dispute: ACUM and PSRM can&#039;t share the responsibility for the justice reform - Moldova.org<\/title>\n<meta name=\"robots\" content=\"index, follow, max-snippet:-1, max-image-preview:large, max-video-preview:-1\" \/>\n<link rel=\"canonical\" href=\"https:\/\/www.moldova.org\/en\/another-dispute-acum-and-psrm-cant-share-the-responsibility-for-the-justice-reform\/\" \/>\n<meta name=\"twitter:label1\" content=\"Written by\" \/>\n\t<meta name=\"twitter:data1\" content=\"Maria Dulgher\" \/>\n\t<meta name=\"twitter:label2\" content=\"Estimated reading time\" \/>\n\t<meta name=\"twitter:data2\" content=\"4 minutes\" \/>\n<script type=\"application\/ld+json\" class=\"yoast-schema-graph\">{\"@context\":\"https:\\\/\\\/schema.org\",\"@graph\":[{\"@type\":\"Article\",\"@id\":\"https:\\\/\\\/www.moldova.org\\\/en\\\/another-dispute-acum-and-psrm-cant-share-the-responsibility-for-the-justice-reform\\\/#article\",\"isPartOf\":{\"@id\":\"https:\\\/\\\/www.moldova.org\\\/en\\\/another-dispute-acum-and-psrm-cant-share-the-responsibility-for-the-justice-reform\\\/\"},\"author\":{\"name\":\"Maria Dulgher\",\"@id\":\"https:\\\/\\\/www.moldova.org\\\/en\\\/#\\\/schema\\\/person\\\/4cd49a1f49c7d48a105c8a4cb7e3a2bf\"},\"headline\":\"Another dispute: ACUM and PSRM can&#8217;t share the responsibility for the justice reform\",\"datePublished\":\"2019-11-07T06:29:20+00:00\",\"dateModified\":\"2019-11-13T21:01:46+00:00\",\"mainEntityOfPage\":{\"@id\":\"https:\\\/\\\/www.moldova.org\\\/en\\\/another-dispute-acum-and-psrm-cant-share-the-responsibility-for-the-justice-reform\\\/\"},\"wordCount\":883,\"image\":{\"@id\":\"https:\\\/\\\/www.moldova.org\\\/en\\\/another-dispute-acum-and-psrm-cant-share-the-responsibility-for-the-justice-reform\\\/#primaryimage\"},\"thumbnailUrl\":\"https:\\\/\\\/www.moldova.org\\\/en\\\/wp-content\\\/uploads\\\/sites\\\/2\\\/2019\\\/11\\\/acum-psrm.jpg\",\"keywords\":[\"ACUM\",\"coalition\",\"Important\",\"Moldova\",\"PSRM\"],\"articleSection\":[\"Politics\",\"Stories\"],\"inLanguage\":\"en-GB\"},{\"@type\":\"WebPage\",\"@id\":\"https:\\\/\\\/www.moldova.org\\\/en\\\/another-dispute-acum-and-psrm-cant-share-the-responsibility-for-the-justice-reform\\\/\",\"url\":\"https:\\\/\\\/www.moldova.org\\\/en\\\/another-dispute-acum-and-psrm-cant-share-the-responsibility-for-the-justice-reform\\\/\",\"name\":\"Another dispute: ACUM and PSRM can't share the responsibility for the justice reform - Moldova.org\",\"isPartOf\":{\"@id\":\"https:\\\/\\\/www.moldova.org\\\/en\\\/#website\"},\"primaryImageOfPage\":{\"@id\":\"https:\\\/\\\/www.moldova.org\\\/en\\\/another-dispute-acum-and-psrm-cant-share-the-responsibility-for-the-justice-reform\\\/#primaryimage\"},\"image\":{\"@id\":\"https:\\\/\\\/www.moldova.org\\\/en\\\/another-dispute-acum-and-psrm-cant-share-the-responsibility-for-the-justice-reform\\\/#primaryimage\"},\"thumbnailUrl\":\"https:\\\/\\\/www.moldova.org\\\/en\\\/wp-content\\\/uploads\\\/sites\\\/2\\\/2019\\\/11\\\/acum-psrm.jpg\",\"datePublished\":\"2019-11-07T06:29:20+00:00\",\"dateModified\":\"2019-11-13T21:01:46+00:00\",\"author\":{\"@id\":\"https:\\\/\\\/www.moldova.org\\\/en\\\/#\\\/schema\\\/person\\\/4cd49a1f49c7d48a105c8a4cb7e3a2bf\"},\"breadcrumb\":{\"@id\":\"https:\\\/\\\/www.moldova.org\\\/en\\\/another-dispute-acum-and-psrm-cant-share-the-responsibility-for-the-justice-reform\\\/#breadcrumb\"},\"inLanguage\":\"en-GB\",\"potentialAction\":[{\"@type\":\"ReadAction\",\"target\":[\"https:\\\/\\\/www.moldova.org\\\/en\\\/another-dispute-acum-and-psrm-cant-share-the-responsibility-for-the-justice-reform\\\/\"]}]},{\"@type\":\"ImageObject\",\"inLanguage\":\"en-GB\",\"@id\":\"https:\\\/\\\/www.moldova.org\\\/en\\\/another-dispute-acum-and-psrm-cant-share-the-responsibility-for-the-justice-reform\\\/#primaryimage\",\"url\":\"https:\\\/\\\/www.moldova.org\\\/en\\\/wp-content\\\/uploads\\\/sites\\\/2\\\/2019\\\/11\\\/acum-psrm.jpg\",\"contentUrl\":\"https:\\\/\\\/www.moldova.org\\\/en\\\/wp-content\\\/uploads\\\/sites\\\/2\\\/2019\\\/11\\\/acum-psrm.jpg\",\"width\":850,\"height\":478},{\"@type\":\"BreadcrumbList\",\"@id\":\"https:\\\/\\\/www.moldova.org\\\/en\\\/another-dispute-acum-and-psrm-cant-share-the-responsibility-for-the-justice-reform\\\/#breadcrumb\",\"itemListElement\":[{\"@type\":\"ListItem\",\"position\":1,\"name\":\"Home\",\"item\":\"https:\\\/\\\/www.moldova.org\\\/en\\\/\"},{\"@type\":\"ListItem\",\"position\":2,\"name\":\"Another dispute: ACUM and PSRM can&#8217;t share the responsibility for the justice reform\"}]},{\"@type\":\"WebSite\",\"@id\":\"https:\\\/\\\/www.moldova.org\\\/en\\\/#website\",\"url\":\"https:\\\/\\\/www.moldova.org\\\/en\\\/\",\"name\":\"Moldova.org\",\"description\":\"The first news website of Moldova\",\"potentialAction\":[{\"@type\":\"SearchAction\",\"target\":{\"@type\":\"EntryPoint\",\"urlTemplate\":\"https:\\\/\\\/www.moldova.org\\\/en\\\/?s={search_term_string}\"},\"query-input\":{\"@type\":\"PropertyValueSpecification\",\"valueRequired\":true,\"valueName\":\"search_term_string\"}}],\"inLanguage\":\"en-GB\"},{\"@type\":\"Person\",\"@id\":\"https:\\\/\\\/www.moldova.org\\\/en\\\/#\\\/schema\\\/person\\\/4cd49a1f49c7d48a105c8a4cb7e3a2bf\",\"name\":\"Maria Dulgher\",\"image\":{\"@type\":\"ImageObject\",\"inLanguage\":\"en-GB\",\"@id\":\"https:\\\/\\\/secure.gravatar.com\\\/avatar\\\/845882001991bde511a90853b5102f4286c0293237ace764fffc0d327a09702d?s=96&d=mm&r=g\",\"url\":\"https:\\\/\\\/secure.gravatar.com\\\/avatar\\\/845882001991bde511a90853b5102f4286c0293237ace764fffc0d327a09702d?s=96&d=mm&r=g\",\"contentUrl\":\"https:\\\/\\\/secure.gravatar.com\\\/avatar\\\/845882001991bde511a90853b5102f4286c0293237ace764fffc0d327a09702d?s=96&d=mm&r=g\",\"caption\":\"Maria Dulgher\"},\"description\":\"Jurnalist\u0103 that speaks English very well. De aia Maria are grij\u0103 c\u0103 prietenii no\u0219tri str\u0103ini s\u0103 nu piard\u0103 nicio informa\u021bie valoroas\u0103 despre actualitatea din Moldova.\",\"sameAs\":[\"https:\\\/\\\/www.facebook.com\\\/mariuta.dulgher\",\"https:\\\/\\\/www.instagram.com\\\/marie.dulgher\\\/\",\"https:\\\/\\\/www.linkedin.com\\\/in\\\/maria-dulgher-4a9a2bb2\\\/\"],\"url\":\"https:\\\/\\\/www.moldova.org\\\/en\\\/author\\\/mariadulgher\\\/\"}]}<\/script>\n<!-- \/ Yoast SEO plugin. -->","yoast_head_json":{"title":"Another dispute: ACUM and PSRM can't share the responsibility for the justice reform - Moldova.org","robots":{"index":"index","follow":"follow","max-snippet":"max-snippet:-1","max-image-preview":"max-image-preview:large","max-video-preview":"max-video-preview:-1"},"canonical":"https:\/\/www.moldova.org\/en\/another-dispute-acum-and-psrm-cant-share-the-responsibility-for-the-justice-reform\/","twitter_misc":{"Written by":"Maria Dulgher","Estimated reading time":"4 minutes"},"schema":{"@context":"https:\/\/schema.org","@graph":[{"@type":"Article","@id":"https:\/\/www.moldova.org\/en\/another-dispute-acum-and-psrm-cant-share-the-responsibility-for-the-justice-reform\/#article","isPartOf":{"@id":"https:\/\/www.moldova.org\/en\/another-dispute-acum-and-psrm-cant-share-the-responsibility-for-the-justice-reform\/"},"author":{"name":"Maria Dulgher","@id":"https:\/\/www.moldova.org\/en\/#\/schema\/person\/4cd49a1f49c7d48a105c8a4cb7e3a2bf"},"headline":"Another dispute: ACUM and PSRM can&#8217;t share the responsibility for the justice reform","datePublished":"2019-11-07T06:29:20+00:00","dateModified":"2019-11-13T21:01:46+00:00","mainEntityOfPage":{"@id":"https:\/\/www.moldova.org\/en\/another-dispute-acum-and-psrm-cant-share-the-responsibility-for-the-justice-reform\/"},"wordCount":883,"image":{"@id":"https:\/\/www.moldova.org\/en\/another-dispute-acum-and-psrm-cant-share-the-responsibility-for-the-justice-reform\/#primaryimage"},"thumbnailUrl":"https:\/\/www.moldova.org\/en\/wp-content\/uploads\/sites\/2\/2019\/11\/acum-psrm.jpg","keywords":["ACUM","coalition","Important","Moldova","PSRM"],"articleSection":["Politics","Stories"],"inLanguage":"en-GB"},{"@type":"WebPage","@id":"https:\/\/www.moldova.org\/en\/another-dispute-acum-and-psrm-cant-share-the-responsibility-for-the-justice-reform\/","url":"https:\/\/www.moldova.org\/en\/another-dispute-acum-and-psrm-cant-share-the-responsibility-for-the-justice-reform\/","name":"Another dispute: ACUM and PSRM can't share the responsibility for the justice reform - Moldova.org","isPartOf":{"@id":"https:\/\/www.moldova.org\/en\/#website"},"primaryImageOfPage":{"@id":"https:\/\/www.moldova.org\/en\/another-dispute-acum-and-psrm-cant-share-the-responsibility-for-the-justice-reform\/#primaryimage"},"image":{"@id":"https:\/\/www.moldova.org\/en\/another-dispute-acum-and-psrm-cant-share-the-responsibility-for-the-justice-reform\/#primaryimage"},"thumbnailUrl":"https:\/\/www.moldova.org\/en\/wp-content\/uploads\/sites\/2\/2019\/11\/acum-psrm.jpg","datePublished":"2019-11-07T06:29:20+00:00","dateModified":"2019-11-13T21:01:46+00:00","author":{"@id":"https:\/\/www.moldova.org\/en\/#\/schema\/person\/4cd49a1f49c7d48a105c8a4cb7e3a2bf"},"breadcrumb":{"@id":"https:\/\/www.moldova.org\/en\/another-dispute-acum-and-psrm-cant-share-the-responsibility-for-the-justice-reform\/#breadcrumb"},"inLanguage":"en-GB","potentialAction":[{"@type":"ReadAction","target":["https:\/\/www.moldova.org\/en\/another-dispute-acum-and-psrm-cant-share-the-responsibility-for-the-justice-reform\/"]}]},{"@type":"ImageObject","inLanguage":"en-GB","@id":"https:\/\/www.moldova.org\/en\/another-dispute-acum-and-psrm-cant-share-the-responsibility-for-the-justice-reform\/#primaryimage","url":"https:\/\/www.moldova.org\/en\/wp-content\/uploads\/sites\/2\/2019\/11\/acum-psrm.jpg","contentUrl":"https:\/\/www.moldova.org\/en\/wp-content\/uploads\/sites\/2\/2019\/11\/acum-psrm.jpg","width":850,"height":478},{"@type":"BreadcrumbList","@id":"https:\/\/www.moldova.org\/en\/another-dispute-acum-and-psrm-cant-share-the-responsibility-for-the-justice-reform\/#breadcrumb","itemListElement":[{"@type":"ListItem","position":1,"name":"Home","item":"https:\/\/www.moldova.org\/en\/"},{"@type":"ListItem","position":2,"name":"Another dispute: ACUM and PSRM can&#8217;t share the responsibility for the justice reform"}]},{"@type":"WebSite","@id":"https:\/\/www.moldova.org\/en\/#website","url":"https:\/\/www.moldova.org\/en\/","name":"Moldova.org","description":"The first news website of Moldova","potentialAction":[{"@type":"SearchAction","target":{"@type":"EntryPoint","urlTemplate":"https:\/\/www.moldova.org\/en\/?s={search_term_string}"},"query-input":{"@type":"PropertyValueSpecification","valueRequired":true,"valueName":"search_term_string"}}],"inLanguage":"en-GB"},{"@type":"Person","@id":"https:\/\/www.moldova.org\/en\/#\/schema\/person\/4cd49a1f49c7d48a105c8a4cb7e3a2bf","name":"Maria Dulgher","image":{"@type":"ImageObject","inLanguage":"en-GB","@id":"https:\/\/secure.gravatar.com\/avatar\/845882001991bde511a90853b5102f4286c0293237ace764fffc0d327a09702d?s=96&d=mm&r=g","url":"https:\/\/secure.gravatar.com\/avatar\/845882001991bde511a90853b5102f4286c0293237ace764fffc0d327a09702d?s=96&d=mm&r=g","contentUrl":"https:\/\/secure.gravatar.com\/avatar\/845882001991bde511a90853b5102f4286c0293237ace764fffc0d327a09702d?s=96&d=mm&r=g","caption":"Maria Dulgher"},"description":"Jurnalist\u0103 that speaks English very well. De aia Maria are grij\u0103 c\u0103 prietenii no\u0219tri str\u0103ini s\u0103 nu piard\u0103 nicio informa\u021bie valoroas\u0103 despre actualitatea din Moldova.","sameAs":["https:\/\/www.facebook.com\/mariuta.dulgher","https:\/\/www.instagram.com\/marie.dulgher\/","https:\/\/www.linkedin.com\/in\/maria-dulgher-4a9a2bb2\/"],"url":"https:\/\/www.moldova.org\/en\/author\/mariadulgher\/"}]}},"_links":{"self":[{"href":"https:\/\/www.moldova.org\/en\/wp-json\/wp\/v2\/posts\/447652","targetHints":{"allow":["GET"]}}],"collection":[{"href":"https:\/\/www.moldova.org\/en\/wp-json\/wp\/v2\/posts"}],"about":[{"href":"https:\/\/www.moldova.org\/en\/wp-json\/wp\/v2\/types\/post"}],"author":[{"embeddable":true,"href":"https:\/\/www.moldova.org\/en\/wp-json\/wp\/v2\/users\/31"}],"replies":[{"embeddable":true,"href":"https:\/\/www.moldova.org\/en\/wp-json\/wp\/v2\/comments?post=447652"}],"version-history":[{"count":0,"href":"https:\/\/www.moldova.org\/en\/wp-json\/wp\/v2\/posts\/447652\/revisions"}],"wp:featuredmedia":[{"embeddable":true,"href":"https:\/\/www.moldova.org\/en\/wp-json\/wp\/v2\/media\/447653"}],"wp:attachment":[{"href":"https:\/\/www.moldova.org\/en\/wp-json\/wp\/v2\/media?parent=447652"}],"wp:term":[{"taxonomy":"category","embeddable":true,"href":"https:\/\/www.moldova.org\/en\/wp-json\/wp\/v2\/categories?post=447652"},{"taxonomy":"post_tag","embeddable":true,"href":"https:\/\/www.moldova.org\/en\/wp-json\/wp\/v2\/tags?post=447652"}],"curies":[{"name":"wp","href":"https:\/\/api.w.org\/{rel}","templated":true}]}}