{"id":446439,"date":"2019-01-15T18:00:27","date_gmt":"2019-01-15T18:00:27","guid":{"rendered":"http:\/\/www.moldova.org\/en\/?p=446439"},"modified":"2022-01-24T15:31:56","modified_gmt":"2022-01-24T15:31:56","slug":"stories-diaspora-irina-madan-i-live-two-worlds-i-try-bring-together","status":"publish","type":"post","link":"https:\/\/www.moldova.org\/en\/stories-diaspora-irina-madan-i-live-two-worlds-i-try-bring-together\/","title":{"rendered":"Stories from diaspora \/ Irina Madan: \u201cI live between two worlds and I try to bring them together\u201d"},"content":{"rendered":"<span class=\"span-reading-time rt-reading-time\" style=\"display: block;\"><span class=\"rt-label rt-prefix\">Reading Time: <\/span> <span class=\"rt-time\"> 5<\/span> <span class=\"rt-label rt-postfix\">minutes<\/span><\/span><p>It\u2019s time for a new story from Diaspora \u2013 the series of articles meant to demonstrate once again that there are so many exceptional people from Moldova who can move mountains even though they are far from their homeland.<\/p>\n<p>This is a story of a dedicated and extremely creative woman \u2013 <strong>Irina Madan<\/strong> who gave a new definition to painting. She blends fashion with art painting and spices it up with traditional ornaments brought from Moldova. Each of her works is a unique masterpiece.<\/p>\n<p><img fetchpriority=\"high\" decoding=\"async\" class=\"size-full wp-image-446441 aligncenter\" src=\"http:\/\/www.moldova.org\/en\/wp-content\/uploads\/sites\/2\/2019\/01\/IMG_0187.jpg\" alt=\"\" width=\"930\" height=\"599\" srcset=\"https:\/\/www.moldova.org\/en\/wp-content\/uploads\/sites\/2\/2019\/01\/IMG_0187.jpg 930w, https:\/\/www.moldova.org\/en\/wp-content\/uploads\/sites\/2\/2019\/01\/IMG_0187-300x193.jpg 300w, https:\/\/www.moldova.org\/en\/wp-content\/uploads\/sites\/2\/2019\/01\/IMG_0187-768x495.jpg 768w, https:\/\/www.moldova.org\/en\/wp-content\/uploads\/sites\/2\/2019\/01\/IMG_0187-400x258.jpg 400w\" sizes=\"(max-width: 930px) 100vw, 930px\" \/><\/p>\n<h3>About the path to achieve her biggest dream<\/h3>\n<p>Irina is passionate about art and fashion design since her childhood. That was the moment when her talent started to crystallize. \u201c<em>I remember my favourite activity back then &#8211; drawing and making dolls&#8217; clothes,<\/em>\u201d recalls Irina. She always wanted to learn professional painting but was given this opportunity only at the age of 19, when she took her first painting course in order to prepare for the entrance examination at the Academy of Arts in Chi\u0219in\u0103u. \u201c<em>The art education offered me the possibility to fulfil my childhood dream and showed me the path I want to follow,<\/em>\u201d she says. During the 5 years of activity, she managed to accomplish a lot of her dreams and tried to enjoy every step to her biggest dream.<\/p>\n<p><img decoding=\"async\" class=\"size-full wp-image-446442\" src=\"http:\/\/www.moldova.org\/en\/wp-content\/uploads\/sites\/2\/2019\/01\/IMG_0466.jpg\" alt=\"\" width=\"930\" height=\"620\" srcset=\"https:\/\/www.moldova.org\/en\/wp-content\/uploads\/sites\/2\/2019\/01\/IMG_0466.jpg 930w, https:\/\/www.moldova.org\/en\/wp-content\/uploads\/sites\/2\/2019\/01\/IMG_0466-300x200.jpg 300w, https:\/\/www.moldova.org\/en\/wp-content\/uploads\/sites\/2\/2019\/01\/IMG_0466-768x512.jpg 768w, https:\/\/www.moldova.org\/en\/wp-content\/uploads\/sites\/2\/2019\/01\/IMG_0466-400x267.jpg 400w\" sizes=\"(max-width: 930px) 100vw, 930px\" \/><\/p>\n<blockquote><p>\u201cI dream of having my own fashion house, go to the street and see happy people dressed in my painted clothes. I want paintings to be dressed all over the world.\u201d<\/p><\/blockquote>\n<h3>About leaving home<\/h3>\n<p>It wasn\u2019t easy to leave Moldova and to move to San Diego, a city located in California, the Unites States. \u201c<em>I faced many difficulties in the US, but there were beautiful things as well. Every day is a new challenge as one must start it from scratch<\/em>,\u201d states Irina. \u201c<em>San Diego is a truly artistic city and I am glad that I can live here<\/em>.\u201d A young artist like her manages to make a living by selling art work, but at the same time, there are many other possibilities for employment.<\/p>\n<p><img decoding=\"async\" class=\"size-full wp-image-446443\" src=\"http:\/\/www.moldova.org\/en\/wp-content\/uploads\/sites\/2\/2019\/01\/IMG_2266-Copy.jpg\" alt=\"\" width=\"930\" height=\"938\" srcset=\"https:\/\/www.moldova.org\/en\/wp-content\/uploads\/sites\/2\/2019\/01\/IMG_2266-Copy.jpg 930w, https:\/\/www.moldova.org\/en\/wp-content\/uploads\/sites\/2\/2019\/01\/IMG_2266-Copy-150x150.jpg 150w, https:\/\/www.moldova.org\/en\/wp-content\/uploads\/sites\/2\/2019\/01\/IMG_2266-Copy-297x300.jpg 297w, https:\/\/www.moldova.org\/en\/wp-content\/uploads\/sites\/2\/2019\/01\/IMG_2266-Copy-768x775.jpg 768w, https:\/\/www.moldova.org\/en\/wp-content\/uploads\/sites\/2\/2019\/01\/IMG_2266-Copy-80x80.jpg 80w, https:\/\/www.moldova.org\/en\/wp-content\/uploads\/sites\/2\/2019\/01\/IMG_2266-Copy-45x45.jpg 45w, https:\/\/www.moldova.org\/en\/wp-content\/uploads\/sites\/2\/2019\/01\/IMG_2266-Copy-400x403.jpg 400w\" sizes=\"(max-width: 930px) 100vw, 930px\" \/><\/p>\n<p>According to Irina, the hardest thing in the adaptation process is to cope with the internal struggle, not to surrender to the obstacles. \u201c<em>A part of my soul remained in Moldova because that is the place I was born in and that is the place where my dearest people live. That makes me think of home and miss it a lot,\u201d<\/em> Irina says. She returns home every half a year.<\/p>\n<blockquote><p>\u201cI really wanted to make my dream come true at home, but from the inability to do it, I had to leave.\u201d<\/p>\n\n<p><img loading=\"lazy\" decoding=\"async\" class=\"size-full wp-image-446444\" src=\"http:\/\/www.moldova.org\/en\/wp-content\/uploads\/sites\/2\/2019\/01\/IMG_2308copy.jpg\" alt=\"\" width=\"930\" height=\"1395\" srcset=\"https:\/\/www.moldova.org\/en\/wp-content\/uploads\/sites\/2\/2019\/01\/IMG_2308copy.jpg 930w, https:\/\/www.moldova.org\/en\/wp-content\/uploads\/sites\/2\/2019\/01\/IMG_2308copy-200x300.jpg 200w, https:\/\/www.moldova.org\/en\/wp-content\/uploads\/sites\/2\/2019\/01\/IMG_2308copy-768x1152.jpg 768w, https:\/\/www.moldova.org\/en\/wp-content\/uploads\/sites\/2\/2019\/01\/IMG_2308copy-683x1024.jpg 683w, https:\/\/www.moldova.org\/en\/wp-content\/uploads\/sites\/2\/2019\/01\/IMG_2308copy-400x600.jpg 400w\" sizes=\"(max-width: 930px) 100vw, 930px\" \/><\/p><\/blockquote>\n<p>Irina believes that a person that lives abroad can contribute to the well-being of his home country by promoting its values. \u201c<em>Most Americans do not know where Moldova is, although in California it happened several times to meet people who had heard about our country and had known more details about its history,<\/em>\u201d declares Irina. The thoughts about Moldova offer her peace of mind. <em>\u201cI always try to emphasize the beautiful things about my homeland. Moreover, I feel proud to represent Moldova through my creations that show how wonderful my country is,\u201d<\/em> Irina states.<\/p>\n<h3>About her works<\/h3>\n<p>The idea of painting on clothes came in 2013 while Irina was working on her bachelor\u2019s graduation collection. The source of inspiration for her first collection was Venice &#8211; the city that helped our protagonist discover her vocation. \u201c<em>I did not know that I was going to create a hand-painted collection. I was sure that I won\u2019t find such fabrics in the regular shops, so I started to produce it myself by painting it<\/em>,\u201d mentions Irina. In the summer of the same year, she obtained her bachelor\u2019s degree in fashion design. At the beginning of autumn 2013, Irina began to create custom-made clothes and continues to do it.<\/p>\n<p><img loading=\"lazy\" decoding=\"async\" class=\"size-full wp-image-446445\" src=\"http:\/\/www.moldova.org\/en\/wp-content\/uploads\/sites\/2\/2019\/01\/IMG_6319.jpg\" alt=\"\" width=\"930\" height=\"690\" srcset=\"https:\/\/www.moldova.org\/en\/wp-content\/uploads\/sites\/2\/2019\/01\/IMG_6319.jpg 930w, https:\/\/www.moldova.org\/en\/wp-content\/uploads\/sites\/2\/2019\/01\/IMG_6319-300x223.jpg 300w, https:\/\/www.moldova.org\/en\/wp-content\/uploads\/sites\/2\/2019\/01\/IMG_6319-768x570.jpg 768w, https:\/\/www.moldova.org\/en\/wp-content\/uploads\/sites\/2\/2019\/01\/IMG_6319-400x297.jpg 400w\" sizes=\"(max-width: 930px) 100vw, 930px\" \/><\/p>\n<p>The today\u2019s stimulus for Irina\u2019s creations are her own feelings. \u201c<em>I&#8217;m trying to play with colours and tell a tale through each of the paintings on the vestments. I am also inspired by artistic and vibrant places from nature, and by music<\/em>,\u201d specifies Irina. She never looks into the works of other artists because that would be unconsciously translated into her creations. Thus, there would be no room for originality.<\/p>\n<blockquote><p>\u201cI think we can create trends by ourselves because what comes from inside, characterizes us. Every person is unique, and the inspiration can be found in nature and in our inner world.\u201d<\/p>\n<p><img loading=\"lazy\" decoding=\"async\" class=\"size-full wp-image-446448 aligncenter\" src=\"http:\/\/www.moldova.org\/en\/wp-content\/uploads\/sites\/2\/2019\/01\/IMG_9900.jpg\" alt=\"\" width=\"930\" height=\"1395\" srcset=\"https:\/\/www.moldova.org\/en\/wp-content\/uploads\/sites\/2\/2019\/01\/IMG_9900.jpg 930w, https:\/\/www.moldova.org\/en\/wp-content\/uploads\/sites\/2\/2019\/01\/IMG_9900-200x300.jpg 200w, https:\/\/www.moldova.org\/en\/wp-content\/uploads\/sites\/2\/2019\/01\/IMG_9900-768x1152.jpg 768w, https:\/\/www.moldova.org\/en\/wp-content\/uploads\/sites\/2\/2019\/01\/IMG_9900-683x1024.jpg 683w, https:\/\/www.moldova.org\/en\/wp-content\/uploads\/sites\/2\/2019\/01\/IMG_9900-400x600.jpg 400w\" sizes=\"(max-width: 930px) 100vw, 930px\" \/><\/p><\/blockquote>\n<p>A manually painted dress hides a large amount of work and emotions behind it. The entire process lasts for two weeks on average and begins with shaping the idea. Then, the composition is sketched on a piece of white cloth. The next stage is painting. After the painting has dried, the clothing details are cut and the entire process of sewing a garment follows. \u201c<em>I have to execute the entire process by myself. Therefore, it lasts longer<\/em>,\u201d says Irina. Yet, the result of her efforts and the fact that it is appreciated by people inspires and motivates her to create more. \u201c<em>There is no greater happiness for an artist than the appreciation of his creations,<\/em>\u201d says Irina with a bright smile on her face. The works of Irina Madan won a multitude of international awards, including the 3rd place at the Top Designer Award Fashion Week in San Diego, in October 2018.<\/p>\n<p><img loading=\"lazy\" decoding=\"async\" class=\"size-full wp-image-446446 aligncenter\" src=\"http:\/\/www.moldova.org\/en\/wp-content\/uploads\/sites\/2\/2019\/01\/IMG_1397.jpg\" alt=\"\" width=\"930\" height=\"620\" srcset=\"https:\/\/www.moldova.org\/en\/wp-content\/uploads\/sites\/2\/2019\/01\/IMG_1397.jpg 930w, https:\/\/www.moldova.org\/en\/wp-content\/uploads\/sites\/2\/2019\/01\/IMG_1397-300x200.jpg 300w, https:\/\/www.moldova.org\/en\/wp-content\/uploads\/sites\/2\/2019\/01\/IMG_1397-768x512.jpg 768w, https:\/\/www.moldova.org\/en\/wp-content\/uploads\/sites\/2\/2019\/01\/IMG_1397-400x267.jpg 400w\" sizes=\"(max-width: 930px) 100vw, 930px\" \/><\/p>\n<p>Irina\u2019s most precious work is called \u201cFata Mo\u0219neagului\u201d, a <a href=\"https:\/\/thekawaiifactory.com\/collections\/dress\">fantastic dress<\/a> inspired by a Romanian fairy tale character \u2013 a hard-working and kind girl that managed to make her dream come true. \u201c<em>That is the work I would certainly never sell. I remember when I was at a presentation in London, in 2015, and a lady wanted to buy this particular dress. She was really insistent, but I did not sell it anyway. This dress reflects my personality and I have a spiritual connection with it,<\/em>\u201d confesses Irina. Some of her works can be found <a href=\"https:\/\/www.etsy.com\/shop\/IrinaMADAN\">here<\/a>.<\/p>\n<div id=\"attachment_446447\" style=\"width: 688px\" class=\"wp-caption aligncenter\"><img loading=\"lazy\" decoding=\"async\" aria-describedby=\"caption-attachment-446447\" class=\"size-full wp-image-446447\" src=\"http:\/\/www.moldova.org\/en\/wp-content\/uploads\/sites\/2\/2019\/01\/fata-mosneagului.jpg\" alt=\"\" width=\"678\" height=\"1024\" srcset=\"https:\/\/www.moldova.org\/en\/wp-content\/uploads\/sites\/2\/2019\/01\/fata-mosneagului.jpg 678w, https:\/\/www.moldova.org\/en\/wp-content\/uploads\/sites\/2\/2019\/01\/fata-mosneagului-199x300.jpg 199w, https:\/\/www.moldova.org\/en\/wp-content\/uploads\/sites\/2\/2019\/01\/fata-mosneagului-400x604.jpg 400w\" sizes=\"(max-width: 678px) 100vw, 678px\" \/><p id=\"caption-attachment-446447\" class=\"wp-caption-text\">The dress &#8220;Fata mo\u0219neagului&#8221; by Irina Madan<\/p><\/div>\n<p>We are happy that Irina found her vocation and wish her all the best in the future. Her work springs from her soul and spirit and it deserves to be recognised.<\/p>\n<p><strong>More of Irina&#8217;s works as following:<\/strong><\/p>\n\n\t\t<style type=\"text\/css\">\n\t\t\t#gallery-1 {\n\t\t\t\tmargin: auto;\n\t\t\t}\n\t\t\t#gallery-1 .gallery-item {\n\t\t\t\tfloat: left;\n\t\t\t\tmargin-top: 10px;\n\t\t\t\ttext-align: center;\n\t\t\t\twidth: 100%;\n\t\t\t}\n\t\t\t#gallery-1 img {\n\t\t\t\tborder: 2px solid #cfcfcf;\n\t\t\t}\n\t\t\t#gallery-1 .gallery-caption {\n\t\t\t\tmargin-left: 0;\n\t\t\t}\n\t\t\t\/* see gallery_shortcode() in wp-includes\/media.php *\/\n\t\t<\/style>\n\t\t<div id='gallery-1' class='gallery galleryid-446439 gallery-columns-1 gallery-size-large'><dl class='gallery-item'>\n\t\t\t<dt class='gallery-icon portrait'>\n\t\t\t\t<a href='https:\/\/www.moldova.org\/en\/stories-diaspora-irina-madan-i-live-two-worlds-i-try-bring-together\/1img_8067-copy\/'><img loading=\"lazy\" decoding=\"async\" width=\"683\" height=\"1024\" src=\"https:\/\/www.moldova.org\/en\/wp-content\/uploads\/sites\/2\/2019\/01\/1IMG_8067-Copy-683x1024.jpg\" class=\"attachment-large size-large\" alt=\"\" srcset=\"https:\/\/www.moldova.org\/en\/wp-content\/uploads\/sites\/2\/2019\/01\/1IMG_8067-Copy-683x1024.jpg 683w, https:\/\/www.moldova.org\/en\/wp-content\/uploads\/sites\/2\/2019\/01\/1IMG_8067-Copy-200x300.jpg 200w, https:\/\/www.moldova.org\/en\/wp-content\/uploads\/sites\/2\/2019\/01\/1IMG_8067-Copy-768x1152.jpg 768w, https:\/\/www.moldova.org\/en\/wp-content\/uploads\/sites\/2\/2019\/01\/1IMG_8067-Copy-400x600.jpg 400w, https:\/\/www.moldova.org\/en\/wp-content\/uploads\/sites\/2\/2019\/01\/1IMG_8067-Copy.jpg 930w\" sizes=\"(max-width: 683px) 100vw, 683px\" \/><\/a>\n\t\t\t<\/dt><\/dl><br style=\"clear: both\" \/><dl class='gallery-item'>\n\t\t\t<dt class='gallery-icon portrait'>\n\t\t\t\t<a href='https:\/\/www.moldova.org\/en\/stories-diaspora-irina-madan-i-live-two-worlds-i-try-bring-together\/2img_8141-copy\/'><img loading=\"lazy\" decoding=\"async\" width=\"683\" height=\"1024\" src=\"https:\/\/www.moldova.org\/en\/wp-content\/uploads\/sites\/2\/2019\/01\/2IMG_8141-Copy-683x1024.jpg\" class=\"attachment-large size-large\" alt=\"\" srcset=\"https:\/\/www.moldova.org\/en\/wp-content\/uploads\/sites\/2\/2019\/01\/2IMG_8141-Copy-683x1024.jpg 683w, https:\/\/www.moldova.org\/en\/wp-content\/uploads\/sites\/2\/2019\/01\/2IMG_8141-Copy-200x300.jpg 200w, https:\/\/www.moldova.org\/en\/wp-content\/uploads\/sites\/2\/2019\/01\/2IMG_8141-Copy-768x1152.jpg 768w, https:\/\/www.moldova.org\/en\/wp-content\/uploads\/sites\/2\/2019\/01\/2IMG_8141-Copy-400x600.jpg 400w, https:\/\/www.moldova.org\/en\/wp-content\/uploads\/sites\/2\/2019\/01\/2IMG_8141-Copy.jpg 930w\" sizes=\"(max-width: 683px) 100vw, 683px\" \/><\/a>\n\t\t\t<\/dt><\/dl><br style=\"clear: both\" \/><dl class='gallery-item'>\n\t\t\t<dt class='gallery-icon portrait'>\n\t\t\t\t<a href='https:\/\/www.moldova.org\/en\/stories-diaspora-irina-madan-i-live-two-worlds-i-try-bring-together\/4img_8204-copy\/'><img loading=\"lazy\" decoding=\"async\" width=\"683\" height=\"1024\" src=\"https:\/\/www.moldova.org\/en\/wp-content\/uploads\/sites\/2\/2019\/01\/4IMG_8204-Copy-683x1024.jpg\" class=\"attachment-large size-large\" alt=\"\" srcset=\"https:\/\/www.moldova.org\/en\/wp-content\/uploads\/sites\/2\/2019\/01\/4IMG_8204-Copy-683x1024.jpg 683w, https:\/\/www.moldova.org\/en\/wp-content\/uploads\/sites\/2\/2019\/01\/4IMG_8204-Copy-200x300.jpg 200w, https:\/\/www.moldova.org\/en\/wp-content\/uploads\/sites\/2\/2019\/01\/4IMG_8204-Copy-768x1152.jpg 768w, https:\/\/www.moldova.org\/en\/wp-content\/uploads\/sites\/2\/2019\/01\/4IMG_8204-Copy-400x600.jpg 400w, https:\/\/www.moldova.org\/en\/wp-content\/uploads\/sites\/2\/2019\/01\/4IMG_8204-Copy.jpg 930w\" sizes=\"(max-width: 683px) 100vw, 683px\" \/><\/a>\n\t\t\t<\/dt><\/dl><br style=\"clear: both\" \/><dl class='gallery-item'>\n\t\t\t<dt class='gallery-icon portrait'>\n\t\t\t\t<a href='https:\/\/www.moldova.org\/en\/stories-diaspora-irina-madan-i-live-two-worlds-i-try-bring-together\/5img_8159-copy\/'><img loading=\"lazy\" decoding=\"async\" width=\"683\" height=\"1024\" src=\"https:\/\/www.moldova.org\/en\/wp-content\/uploads\/sites\/2\/2019\/01\/5IMG_8159-Copy-683x1024.jpg\" class=\"attachment-large size-large\" alt=\"\" srcset=\"https:\/\/www.moldova.org\/en\/wp-content\/uploads\/sites\/2\/2019\/01\/5IMG_8159-Copy-683x1024.jpg 683w, https:\/\/www.moldova.org\/en\/wp-content\/uploads\/sites\/2\/2019\/01\/5IMG_8159-Copy-200x300.jpg 200w, https:\/\/www.moldova.org\/en\/wp-content\/uploads\/sites\/2\/2019\/01\/5IMG_8159-Copy-768x1152.jpg 768w, https:\/\/www.moldova.org\/en\/wp-content\/uploads\/sites\/2\/2019\/01\/5IMG_8159-Copy-400x600.jpg 400w, https:\/\/www.moldova.org\/en\/wp-content\/uploads\/sites\/2\/2019\/01\/5IMG_8159-Copy.jpg 930w\" sizes=\"(max-width: 683px) 100vw, 683px\" \/><\/a>\n\t\t\t<\/dt><\/dl><br style=\"clear: both\" \/><dl class='gallery-item'>\n\t\t\t<dt class='gallery-icon portrait'>\n\t\t\t\t<a href='https:\/\/www.moldova.org\/en\/stories-diaspora-irina-madan-i-live-two-worlds-i-try-bring-together\/6img_8169\/'><img loading=\"lazy\" decoding=\"async\" width=\"683\" height=\"1024\" src=\"https:\/\/www.moldova.org\/en\/wp-content\/uploads\/sites\/2\/2019\/01\/6IMG_8169-683x1024.jpg\" class=\"attachment-large size-large\" alt=\"\" srcset=\"https:\/\/www.moldova.org\/en\/wp-content\/uploads\/sites\/2\/2019\/01\/6IMG_8169-683x1024.jpg 683w, https:\/\/www.moldova.org\/en\/wp-content\/uploads\/sites\/2\/2019\/01\/6IMG_8169-200x300.jpg 200w, https:\/\/www.moldova.org\/en\/wp-content\/uploads\/sites\/2\/2019\/01\/6IMG_8169-768x1152.jpg 768w, https:\/\/www.moldova.org\/en\/wp-content\/uploads\/sites\/2\/2019\/01\/6IMG_8169-400x600.jpg 400w, https:\/\/www.moldova.org\/en\/wp-content\/uploads\/sites\/2\/2019\/01\/6IMG_8169.jpg 930w\" sizes=\"(max-width: 683px) 100vw, 683px\" \/><\/a>\n\t\t\t<\/dt><\/dl><br style=\"clear: both\" \/><dl class='gallery-item'>\n\t\t\t<dt class='gallery-icon portrait'>\n\t\t\t\t<a href='https:\/\/www.moldova.org\/en\/stories-diaspora-irina-madan-i-live-two-worlds-i-try-bring-together\/7img_8187_2\/'><img loading=\"lazy\" decoding=\"async\" width=\"683\" height=\"1024\" src=\"https:\/\/www.moldova.org\/en\/wp-content\/uploads\/sites\/2\/2019\/01\/7IMG_8187_2-683x1024.jpg\" class=\"attachment-large size-large\" alt=\"\" srcset=\"https:\/\/www.moldova.org\/en\/wp-content\/uploads\/sites\/2\/2019\/01\/7IMG_8187_2-683x1024.jpg 683w, https:\/\/www.moldova.org\/en\/wp-content\/uploads\/sites\/2\/2019\/01\/7IMG_8187_2-200x300.jpg 200w, https:\/\/www.moldova.org\/en\/wp-content\/uploads\/sites\/2\/2019\/01\/7IMG_8187_2-768x1152.jpg 768w, https:\/\/www.moldova.org\/en\/wp-content\/uploads\/sites\/2\/2019\/01\/7IMG_8187_2-400x600.jpg 400w, https:\/\/www.moldova.org\/en\/wp-content\/uploads\/sites\/2\/2019\/01\/7IMG_8187_2.jpg 930w\" sizes=\"(max-width: 683px) 100vw, 683px\" \/><\/a>\n\t\t\t<\/dt><\/dl><br style=\"clear: both\" \/><dl class='gallery-item'>\n\t\t\t<dt class='gallery-icon portrait'>\n\t\t\t\t<a href='https:\/\/www.moldova.org\/en\/stories-diaspora-irina-madan-i-live-two-worlds-i-try-bring-together\/8img_8029\/'><img loading=\"lazy\" decoding=\"async\" width=\"683\" height=\"1024\" src=\"https:\/\/www.moldova.org\/en\/wp-content\/uploads\/sites\/2\/2019\/01\/8IMG_8029-683x1024.jpg\" class=\"attachment-large size-large\" alt=\"\" srcset=\"https:\/\/www.moldova.org\/en\/wp-content\/uploads\/sites\/2\/2019\/01\/8IMG_8029-683x1024.jpg 683w, https:\/\/www.moldova.org\/en\/wp-content\/uploads\/sites\/2\/2019\/01\/8IMG_8029-200x300.jpg 200w, https:\/\/www.moldova.org\/en\/wp-content\/uploads\/sites\/2\/2019\/01\/8IMG_8029-768x1152.jpg 768w, https:\/\/www.moldova.org\/en\/wp-content\/uploads\/sites\/2\/2019\/01\/8IMG_8029-400x600.jpg 400w, https:\/\/www.moldova.org\/en\/wp-content\/uploads\/sites\/2\/2019\/01\/8IMG_8029.jpg 930w\" sizes=\"(max-width: 683px) 100vw, 683px\" \/><\/a>\n\t\t\t<\/dt><\/dl><br style=\"clear: both\" \/><dl class='gallery-item'>\n\t\t\t<dt class='gallery-icon portrait'>\n\t\t\t\t<a href='https:\/\/www.moldova.org\/en\/stories-diaspora-irina-madan-i-live-two-worlds-i-try-bring-together\/9img_8025\/'><img loading=\"lazy\" decoding=\"async\" width=\"683\" height=\"1024\" src=\"https:\/\/www.moldova.org\/en\/wp-content\/uploads\/sites\/2\/2019\/01\/9IMG_8025-683x1024.jpg\" class=\"attachment-large size-large\" alt=\"\" srcset=\"https:\/\/www.moldova.org\/en\/wp-content\/uploads\/sites\/2\/2019\/01\/9IMG_8025-683x1024.jpg 683w, https:\/\/www.moldova.org\/en\/wp-content\/uploads\/sites\/2\/2019\/01\/9IMG_8025-200x300.jpg 200w, https:\/\/www.moldova.org\/en\/wp-content\/uploads\/sites\/2\/2019\/01\/9IMG_8025-768x1152.jpg 768w, https:\/\/www.moldova.org\/en\/wp-content\/uploads\/sites\/2\/2019\/01\/9IMG_8025-400x600.jpg 400w, https:\/\/www.moldova.org\/en\/wp-content\/uploads\/sites\/2\/2019\/01\/9IMG_8025.jpg 930w\" sizes=\"(max-width: 683px) 100vw, 683px\" \/><\/a>\n\t\t\t<\/dt><\/dl><br style=\"clear: both\" \/><dl class='gallery-item'>\n\t\t\t<dt class='gallery-icon portrait'>\n\t\t\t\t<a href='https:\/\/www.moldova.org\/en\/stories-diaspora-irina-madan-i-live-two-worlds-i-try-bring-together\/11img_8237\/'><img loading=\"lazy\" decoding=\"async\" width=\"683\" height=\"1024\" src=\"https:\/\/www.moldova.org\/en\/wp-content\/uploads\/sites\/2\/2019\/01\/11IMG_8237-683x1024.jpg\" class=\"attachment-large size-large\" alt=\"\" srcset=\"https:\/\/www.moldova.org\/en\/wp-content\/uploads\/sites\/2\/2019\/01\/11IMG_8237-683x1024.jpg 683w, https:\/\/www.moldova.org\/en\/wp-content\/uploads\/sites\/2\/2019\/01\/11IMG_8237-200x300.jpg 200w, https:\/\/www.moldova.org\/en\/wp-content\/uploads\/sites\/2\/2019\/01\/11IMG_8237-768x1152.jpg 768w, https:\/\/www.moldova.org\/en\/wp-content\/uploads\/sites\/2\/2019\/01\/11IMG_8237-400x600.jpg 400w, https:\/\/www.moldova.org\/en\/wp-content\/uploads\/sites\/2\/2019\/01\/11IMG_8237.jpg 930w\" sizes=\"(max-width: 683px) 100vw, 683px\" \/><\/a>\n\t\t\t<\/dt><\/dl><br style=\"clear: both\" \/><dl class='gallery-item'>\n\t\t\t<dt class='gallery-icon portrait'>\n\t\t\t\t<a href='https:\/\/www.moldova.org\/en\/stories-diaspora-irina-madan-i-live-two-worlds-i-try-bring-together\/12img_8212\/'><img loading=\"lazy\" decoding=\"async\" width=\"683\" height=\"1024\" src=\"https:\/\/www.moldova.org\/en\/wp-content\/uploads\/sites\/2\/2019\/01\/12IMG_8212-683x1024.jpg\" class=\"attachment-large size-large\" alt=\"\" srcset=\"https:\/\/www.moldova.org\/en\/wp-content\/uploads\/sites\/2\/2019\/01\/12IMG_8212-683x1024.jpg 683w, https:\/\/www.moldova.org\/en\/wp-content\/uploads\/sites\/2\/2019\/01\/12IMG_8212-200x300.jpg 200w, https:\/\/www.moldova.org\/en\/wp-content\/uploads\/sites\/2\/2019\/01\/12IMG_8212-768x1152.jpg 768w, https:\/\/www.moldova.org\/en\/wp-content\/uploads\/sites\/2\/2019\/01\/12IMG_8212-400x600.jpg 400w, https:\/\/www.moldova.org\/en\/wp-content\/uploads\/sites\/2\/2019\/01\/12IMG_8212.jpg 930w\" sizes=\"(max-width: 683px) 100vw, 683px\" \/><\/a>\n\t\t\t<\/dt><\/dl><br style=\"clear: both\" \/><dl class='gallery-item'>\n\t\t\t<dt class='gallery-icon portrait'>\n\t\t\t\t<a href='https:\/\/www.moldova.org\/en\/stories-diaspora-irina-madan-i-live-two-worlds-i-try-bring-together\/30652252_1678481672247594_2463652067723643380_n\/'><img loading=\"lazy\" decoding=\"async\" width=\"640\" height=\"960\" src=\"https:\/\/www.moldova.org\/en\/wp-content\/uploads\/sites\/2\/2019\/01\/30652252_1678481672247594_2463652067723643380_n.jpg\" class=\"attachment-large size-large\" alt=\"\" srcset=\"https:\/\/www.moldova.org\/en\/wp-content\/uploads\/sites\/2\/2019\/01\/30652252_1678481672247594_2463652067723643380_n.jpg 640w, https:\/\/www.moldova.org\/en\/wp-content\/uploads\/sites\/2\/2019\/01\/30652252_1678481672247594_2463652067723643380_n-200x300.jpg 200w, https:\/\/www.moldova.org\/en\/wp-content\/uploads\/sites\/2\/2019\/01\/30652252_1678481672247594_2463652067723643380_n-400x600.jpg 400w\" sizes=\"(max-width: 640px) 100vw, 640px\" \/><\/a>\n\t\t\t<\/dt><\/dl><br style=\"clear: both\" \/><dl class='gallery-item'>\n\t\t\t<dt class='gallery-icon portrait'>\n\t\t\t\t<a href='https:\/\/www.moldova.org\/en\/stories-diaspora-irina-madan-i-live-two-worlds-i-try-bring-together\/3img_8089-copy1\/'><img loading=\"lazy\" decoding=\"async\" width=\"683\" height=\"1024\" src=\"https:\/\/www.moldova.org\/en\/wp-content\/uploads\/sites\/2\/2019\/01\/3IMG_8089-Copy1-683x1024.jpg\" class=\"attachment-large size-large\" alt=\"\" srcset=\"https:\/\/www.moldova.org\/en\/wp-content\/uploads\/sites\/2\/2019\/01\/3IMG_8089-Copy1-683x1024.jpg 683w, https:\/\/www.moldova.org\/en\/wp-content\/uploads\/sites\/2\/2019\/01\/3IMG_8089-Copy1-200x300.jpg 200w, https:\/\/www.moldova.org\/en\/wp-content\/uploads\/sites\/2\/2019\/01\/3IMG_8089-Copy1-768x1152.jpg 768w, https:\/\/www.moldova.org\/en\/wp-content\/uploads\/sites\/2\/2019\/01\/3IMG_8089-Copy1-400x600.jpg 400w, https:\/\/www.moldova.org\/en\/wp-content\/uploads\/sites\/2\/2019\/01\/3IMG_8089-Copy1.jpg 930w\" sizes=\"(max-width: 683px) 100vw, 683px\" \/><\/a>\n\t\t\t<\/dt><\/dl><br style=\"clear: both\" \/><dl class='gallery-item'>\n\t\t\t<dt class='gallery-icon portrait'>\n\t\t\t\t<a href='https:\/\/www.moldova.org\/en\/stories-diaspora-irina-madan-i-live-two-worlds-i-try-bring-together\/10img_8255-copy1\/'><img loading=\"lazy\" decoding=\"async\" width=\"683\" height=\"1024\" src=\"https:\/\/www.moldova.org\/en\/wp-content\/uploads\/sites\/2\/2019\/01\/10IMG_8255-Copy1-683x1024.jpg\" class=\"attachment-large size-large\" alt=\"\" srcset=\"https:\/\/www.moldova.org\/en\/wp-content\/uploads\/sites\/2\/2019\/01\/10IMG_8255-Copy1-683x1024.jpg 683w, https:\/\/www.moldova.org\/en\/wp-content\/uploads\/sites\/2\/2019\/01\/10IMG_8255-Copy1-200x300.jpg 200w, https:\/\/www.moldova.org\/en\/wp-content\/uploads\/sites\/2\/2019\/01\/10IMG_8255-Copy1-768x1152.jpg 768w, https:\/\/www.moldova.org\/en\/wp-content\/uploads\/sites\/2\/2019\/01\/10IMG_8255-Copy1-400x600.jpg 400w, https:\/\/www.moldova.org\/en\/wp-content\/uploads\/sites\/2\/2019\/01\/10IMG_8255-Copy1.jpg 930w\" sizes=\"(max-width: 683px) 100vw, 683px\" \/><\/a>\n\t\t\t<\/dt><\/dl><br style=\"clear: both\" \/>\n\t\t<\/div>\n\n<p>Photo source: personal archive<\/p>\n","protected":false},"excerpt":{"rendered":"<p><span class=\"span-reading-time rt-reading-time\" style=\"display: block;\"><span class=\"rt-label rt-prefix\">Reading Time: <\/span> <span class=\"rt-time\"> 5<\/span> <span class=\"rt-label rt-postfix\">minutes<\/span><\/span>It\u2019s time for a new story from Diaspora \u2013 the series of articles meant to demonstrate once again that there are so many exceptional people from Moldova who can move mountains even though they are far from their homeland. This is a story of a dedicated and extremely creative woman \u2013 Irina Madan who gave [&hellip;]<\/p>\n","protected":false},"author":31,"featured_media":446463,"comment_status":"closed","ping_status":"closed","sticky":false,"template":"","format":"gallery","meta":{"footnotes":""},"categories":[2,4,56],"tags":[140,35,27,94],"class_list":["post-446439","post","type-post","status-publish","format-gallery","has-post-thumbnail","hentry","category-diaspora-en","category-society","category-reportaje","tag-diaspora","tag-important","tag-moldova","tag-stories","post_format-post-format-gallery"],"content_social_share":"<span class=\"span-reading-time rt-reading-time\" style=\"display: block;\"><span class=\"rt-label rt-prefix\">Reading Time: <\/span> <span class=\"rt-time\"> 5<\/span> <span class=\"rt-label rt-postfix\">minutes<\/span><\/span><p>It\u2019s time for a new story from Diaspora \u2013 the series of articles meant to demonstrate once again that there are so many exceptional people from Moldova who can move mountains even though they are far from their homeland.<\/p>\n<p>This is a story of a dedicated and extremely creative woman \u2013 <strong>Irina Madan<\/strong> who gave a new definition to painting. She blends fashion with art painting and spices it up with traditional ornaments brought from Moldova. Each of her works is a unique masterpiece.<\/p>\n<p><img fetchpriority=\"high\" decoding=\"async\" class=\"size-full wp-image-446441 aligncenter\" src=\"http:\/\/www.moldova.org\/en\/wp-content\/uploads\/sites\/2\/2019\/01\/IMG_0187.jpg\" alt=\"\" width=\"930\" height=\"599\" srcset=\"https:\/\/www.moldova.org\/en\/wp-content\/uploads\/sites\/2\/2019\/01\/IMG_0187.jpg 930w, https:\/\/www.moldova.org\/en\/wp-content\/uploads\/sites\/2\/2019\/01\/IMG_0187-300x193.jpg 300w, https:\/\/www.moldova.org\/en\/wp-content\/uploads\/sites\/2\/2019\/01\/IMG_0187-768x495.jpg 768w, https:\/\/www.moldova.org\/en\/wp-content\/uploads\/sites\/2\/2019\/01\/IMG_0187-400x258.jpg 400w\" sizes=\"(max-width: 930px) 100vw, 930px\" \/><\/p>\n<h3>About the path to achieve her biggest dream<\/h3>\n<p>Irina is passionate about art and fashion design since her childhood. That was the moment when her talent started to crystallize. \u201c<em>I remember my favourite activity back then &#8211; drawing and making dolls&#8217; clothes,<\/em>\u201d recalls Irina. She always wanted to learn professional painting but was given this opportunity only at the age of 19, when she took her first painting course in order to prepare for the entrance examination at the Academy of Arts in Chi\u0219in\u0103u. \u201c<em>The art education offered me the possibility to fulfil my childhood dream and showed me the path I want to follow,<\/em>\u201d she says. During the 5 years of activity, she managed to accomplish a lot of her dreams and tried to enjoy every step to her biggest dream.<\/p>\n<p><img decoding=\"async\" class=\"size-full wp-image-446442\" src=\"http:\/\/www.moldova.org\/en\/wp-content\/uploads\/sites\/2\/2019\/01\/IMG_0466.jpg\" alt=\"\" width=\"930\" height=\"620\" srcset=\"https:\/\/www.moldova.org\/en\/wp-content\/uploads\/sites\/2\/2019\/01\/IMG_0466.jpg 930w, https:\/\/www.moldova.org\/en\/wp-content\/uploads\/sites\/2\/2019\/01\/IMG_0466-300x200.jpg 300w, https:\/\/www.moldova.org\/en\/wp-content\/uploads\/sites\/2\/2019\/01\/IMG_0466-768x512.jpg 768w, https:\/\/www.moldova.org\/en\/wp-content\/uploads\/sites\/2\/2019\/01\/IMG_0466-400x267.jpg 400w\" sizes=\"(max-width: 930px) 100vw, 930px\" \/><\/p>\n<blockquote><p>\u201cI dream of having my own fashion house, go to the street and see happy people dressed in my painted clothes. I want paintings to be dressed all over the world.\u201d<\/p><\/blockquote>\n<h3>About leaving home<\/h3>\n<p>It wasn\u2019t easy to leave Moldova and to move to San Diego, a city located in California, the Unites States. \u201c<em>I faced many difficulties in the US, but there were beautiful things as well. Every day is a new challenge as one must start it from scratch<\/em>,\u201d states Irina. \u201c<em>San Diego is a truly artistic city and I am glad that I can live here<\/em>.\u201d A young artist like her manages to make a living by selling art work, but at the same time, there are many other possibilities for employment.<\/p>\n<p><img decoding=\"async\" class=\"size-full wp-image-446443\" src=\"http:\/\/www.moldova.org\/en\/wp-content\/uploads\/sites\/2\/2019\/01\/IMG_2266-Copy.jpg\" alt=\"\" width=\"930\" height=\"938\" srcset=\"https:\/\/www.moldova.org\/en\/wp-content\/uploads\/sites\/2\/2019\/01\/IMG_2266-Copy.jpg 930w, https:\/\/www.moldova.org\/en\/wp-content\/uploads\/sites\/2\/2019\/01\/IMG_2266-Copy-150x150.jpg 150w, https:\/\/www.moldova.org\/en\/wp-content\/uploads\/sites\/2\/2019\/01\/IMG_2266-Copy-297x300.jpg 297w, https:\/\/www.moldova.org\/en\/wp-content\/uploads\/sites\/2\/2019\/01\/IMG_2266-Copy-768x775.jpg 768w, https:\/\/www.moldova.org\/en\/wp-content\/uploads\/sites\/2\/2019\/01\/IMG_2266-Copy-80x80.jpg 80w, https:\/\/www.moldova.org\/en\/wp-content\/uploads\/sites\/2\/2019\/01\/IMG_2266-Copy-45x45.jpg 45w, https:\/\/www.moldova.org\/en\/wp-content\/uploads\/sites\/2\/2019\/01\/IMG_2266-Copy-400x403.jpg 400w\" sizes=\"(max-width: 930px) 100vw, 930px\" \/><\/p>\n<p>According to Irina, the hardest thing in the adaptation process is to cope with the internal struggle, not to surrender to the obstacles. \u201c<em>A part of my soul remained in Moldova because that is the place I was born in and that is the place where my dearest people live. That makes me think of home and miss it a lot,\u201d<\/em> Irina says. She returns home every half a year.<\/p>\n<blockquote><p>\u201cI really wanted to make my dream come true at home, but from the inability to do it, I had to leave.\u201d<\/p>\n\n<p><img loading=\"lazy\" decoding=\"async\" class=\"size-full wp-image-446444\" src=\"http:\/\/www.moldova.org\/en\/wp-content\/uploads\/sites\/2\/2019\/01\/IMG_2308copy.jpg\" alt=\"\" width=\"930\" height=\"1395\" srcset=\"https:\/\/www.moldova.org\/en\/wp-content\/uploads\/sites\/2\/2019\/01\/IMG_2308copy.jpg 930w, https:\/\/www.moldova.org\/en\/wp-content\/uploads\/sites\/2\/2019\/01\/IMG_2308copy-200x300.jpg 200w, https:\/\/www.moldova.org\/en\/wp-content\/uploads\/sites\/2\/2019\/01\/IMG_2308copy-768x1152.jpg 768w, https:\/\/www.moldova.org\/en\/wp-content\/uploads\/sites\/2\/2019\/01\/IMG_2308copy-683x1024.jpg 683w, https:\/\/www.moldova.org\/en\/wp-content\/uploads\/sites\/2\/2019\/01\/IMG_2308copy-400x600.jpg 400w\" sizes=\"(max-width: 930px) 100vw, 930px\" \/><\/p><\/blockquote>\n<p>Irina believes that a person that lives abroad can contribute to the well-being of his home country by promoting its values. \u201c<em>Most Americans do not know where Moldova is, although in California it happened several times to meet people who had heard about our country and had known more details about its history,<\/em>\u201d declares Irina. The thoughts about Moldova offer her peace of mind. <em>\u201cI always try to emphasize the beautiful things about my homeland. Moreover, I feel proud to represent Moldova through my creations that show how wonderful my country is,\u201d<\/em> Irina states.<\/p>\n<h3>About her works<\/h3>\n<p>The idea of painting on clothes came in 2013 while Irina was working on her bachelor\u2019s graduation collection. The source of inspiration for her first collection was Venice &#8211; the city that helped our protagonist discover her vocation. \u201c<em>I did not know that I was going to create a hand-painted collection. I was sure that I won\u2019t find such fabrics in the regular shops, so I started to produce it myself by painting it<\/em>,\u201d mentions Irina. In the summer of the same year, she obtained her bachelor\u2019s degree in fashion design. At the beginning of autumn 2013, Irina began to create custom-made clothes and continues to do it.<\/p>\n<p><img loading=\"lazy\" decoding=\"async\" class=\"size-full wp-image-446445\" src=\"http:\/\/www.moldova.org\/en\/wp-content\/uploads\/sites\/2\/2019\/01\/IMG_6319.jpg\" alt=\"\" width=\"930\" height=\"690\" srcset=\"https:\/\/www.moldova.org\/en\/wp-content\/uploads\/sites\/2\/2019\/01\/IMG_6319.jpg 930w, https:\/\/www.moldova.org\/en\/wp-content\/uploads\/sites\/2\/2019\/01\/IMG_6319-300x223.jpg 300w, https:\/\/www.moldova.org\/en\/wp-content\/uploads\/sites\/2\/2019\/01\/IMG_6319-768x570.jpg 768w, https:\/\/www.moldova.org\/en\/wp-content\/uploads\/sites\/2\/2019\/01\/IMG_6319-400x297.jpg 400w\" sizes=\"(max-width: 930px) 100vw, 930px\" \/><\/p>\n<p>The today\u2019s stimulus for Irina\u2019s creations are her own feelings. \u201c<em>I&#8217;m trying to play with colours and tell a tale through each of the paintings on the vestments. I am also inspired by artistic and vibrant places from nature, and by music<\/em>,\u201d specifies Irina. She never looks into the works of other artists because that would be unconsciously translated into her creations. Thus, there would be no room for originality.<\/p>\n<blockquote><p>\u201cI think we can create trends by ourselves because what comes from inside, characterizes us. Every person is unique, and the inspiration can be found in nature and in our inner world.\u201d<\/p>\n<p><img loading=\"lazy\" decoding=\"async\" class=\"size-full wp-image-446448 aligncenter\" src=\"http:\/\/www.moldova.org\/en\/wp-content\/uploads\/sites\/2\/2019\/01\/IMG_9900.jpg\" alt=\"\" width=\"930\" height=\"1395\" srcset=\"https:\/\/www.moldova.org\/en\/wp-content\/uploads\/sites\/2\/2019\/01\/IMG_9900.jpg 930w, https:\/\/www.moldova.org\/en\/wp-content\/uploads\/sites\/2\/2019\/01\/IMG_9900-200x300.jpg 200w, https:\/\/www.moldova.org\/en\/wp-content\/uploads\/sites\/2\/2019\/01\/IMG_9900-768x1152.jpg 768w, https:\/\/www.moldova.org\/en\/wp-content\/uploads\/sites\/2\/2019\/01\/IMG_9900-683x1024.jpg 683w, https:\/\/www.moldova.org\/en\/wp-content\/uploads\/sites\/2\/2019\/01\/IMG_9900-400x600.jpg 400w\" sizes=\"(max-width: 930px) 100vw, 930px\" \/><\/p><\/blockquote>\n<p>A manually painted dress hides a large amount of work and emotions behind it. The entire process lasts for two weeks on average and begins with shaping the idea. Then, the composition is sketched on a piece of white cloth. The next stage is painting. After the painting has dried, the clothing details are cut and the entire process of sewing a garment follows. \u201c<em>I have to execute the entire process by myself. Therefore, it lasts longer<\/em>,\u201d says Irina. Yet, the result of her efforts and the fact that it is appreciated by people inspires and motivates her to create more. \u201c<em>There is no greater happiness for an artist than the appreciation of his creations,<\/em>\u201d says Irina with a bright smile on her face. The works of Irina Madan won a multitude of international awards, including the 3rd place at the Top Designer Award Fashion Week in San Diego, in October 2018.<\/p>\n<p><img loading=\"lazy\" decoding=\"async\" class=\"size-full wp-image-446446 aligncenter\" src=\"http:\/\/www.moldova.org\/en\/wp-content\/uploads\/sites\/2\/2019\/01\/IMG_1397.jpg\" alt=\"\" width=\"930\" height=\"620\" srcset=\"https:\/\/www.moldova.org\/en\/wp-content\/uploads\/sites\/2\/2019\/01\/IMG_1397.jpg 930w, https:\/\/www.moldova.org\/en\/wp-content\/uploads\/sites\/2\/2019\/01\/IMG_1397-300x200.jpg 300w, https:\/\/www.moldova.org\/en\/wp-content\/uploads\/sites\/2\/2019\/01\/IMG_1397-768x512.jpg 768w, https:\/\/www.moldova.org\/en\/wp-content\/uploads\/sites\/2\/2019\/01\/IMG_1397-400x267.jpg 400w\" sizes=\"(max-width: 930px) 100vw, 930px\" \/><\/p>\n<p>Irina\u2019s most precious work is called \u201cFata Mo\u0219neagului\u201d, a <a href=\"https:\/\/thekawaiifactory.com\/collections\/dress\">fantastic dress<\/a> inspired by a Romanian fairy tale character \u2013 a hard-working and kind girl that managed to make her dream come true. \u201c<em>That is the work I would certainly never sell. I remember when I was at a presentation in London, in 2015, and a lady wanted to buy this particular dress. She was really insistent, but I did not sell it anyway. This dress reflects my personality and I have a spiritual connection with it,<\/em>\u201d confesses Irina. Some of her works can be found <a href=\"https:\/\/www.etsy.com\/shop\/IrinaMADAN\">here<\/a>.<\/p>\n<div id=\"attachment_446447\" style=\"width: 688px\" class=\"wp-caption aligncenter\"><img loading=\"lazy\" decoding=\"async\" aria-describedby=\"caption-attachment-446447\" class=\"size-full wp-image-446447\" src=\"http:\/\/www.moldova.org\/en\/wp-content\/uploads\/sites\/2\/2019\/01\/fata-mosneagului.jpg\" alt=\"\" width=\"678\" height=\"1024\" srcset=\"https:\/\/www.moldova.org\/en\/wp-content\/uploads\/sites\/2\/2019\/01\/fata-mosneagului.jpg 678w, https:\/\/www.moldova.org\/en\/wp-content\/uploads\/sites\/2\/2019\/01\/fata-mosneagului-199x300.jpg 199w, https:\/\/www.moldova.org\/en\/wp-content\/uploads\/sites\/2\/2019\/01\/fata-mosneagului-400x604.jpg 400w\" sizes=\"(max-width: 678px) 100vw, 678px\" \/><p id=\"caption-attachment-446447\" class=\"wp-caption-text\">The dress &#8220;Fata mo\u0219neagului&#8221; by Irina Madan<\/p><\/div>\n<p>We are happy that Irina found her vocation and wish her all the best in the future. Her work springs from her soul and spirit and it deserves to be recognised.<\/p>\n<p><strong>More of Irina&#8217;s works as following:<\/strong><\/p>\n\n\t\t<style type=\"text\/css\">\n\t\t\t#gallery-1 {\n\t\t\t\tmargin: auto;\n\t\t\t}\n\t\t\t#gallery-1 .gallery-item {\n\t\t\t\tfloat: left;\n\t\t\t\tmargin-top: 10px;\n\t\t\t\ttext-align: center;\n\t\t\t\twidth: 100%;\n\t\t\t}\n\t\t\t#gallery-1 img {\n\t\t\t\tborder: 2px solid #cfcfcf;\n\t\t\t}\n\t\t\t#gallery-1 .gallery-caption {\n\t\t\t\tmargin-left: 0;\n\t\t\t}\n\t\t\t\/* see gallery_shortcode() in wp-includes\/media.php *\/\n\t\t<\/style>\n\t\t<div id='gallery-1' class='gallery galleryid-446439 gallery-columns-1 gallery-size-large'><dl class='gallery-item'>\n\t\t\t<dt class='gallery-icon portrait'>\n\t\t\t\t<a href='https:\/\/www.moldova.org\/en\/stories-diaspora-irina-madan-i-live-two-worlds-i-try-bring-together\/1img_8067-copy\/'><img loading=\"lazy\" decoding=\"async\" width=\"683\" height=\"1024\" src=\"https:\/\/www.moldova.org\/en\/wp-content\/uploads\/sites\/2\/2019\/01\/1IMG_8067-Copy-683x1024.jpg\" class=\"attachment-large size-large\" alt=\"\" srcset=\"https:\/\/www.moldova.org\/en\/wp-content\/uploads\/sites\/2\/2019\/01\/1IMG_8067-Copy-683x1024.jpg 683w, https:\/\/www.moldova.org\/en\/wp-content\/uploads\/sites\/2\/2019\/01\/1IMG_8067-Copy-200x300.jpg 200w, https:\/\/www.moldova.org\/en\/wp-content\/uploads\/sites\/2\/2019\/01\/1IMG_8067-Copy-768x1152.jpg 768w, https:\/\/www.moldova.org\/en\/wp-content\/uploads\/sites\/2\/2019\/01\/1IMG_8067-Copy-400x600.jpg 400w, https:\/\/www.moldova.org\/en\/wp-content\/uploads\/sites\/2\/2019\/01\/1IMG_8067-Copy.jpg 930w\" sizes=\"(max-width: 683px) 100vw, 683px\" \/><\/a>\n\t\t\t<\/dt><\/dl><br style=\"clear: both\" \/><dl class='gallery-item'>\n\t\t\t<dt class='gallery-icon portrait'>\n\t\t\t\t<a href='https:\/\/www.moldova.org\/en\/stories-diaspora-irina-madan-i-live-two-worlds-i-try-bring-together\/2img_8141-copy\/'><img loading=\"lazy\" decoding=\"async\" width=\"683\" height=\"1024\" src=\"https:\/\/www.moldova.org\/en\/wp-content\/uploads\/sites\/2\/2019\/01\/2IMG_8141-Copy-683x1024.jpg\" class=\"attachment-large size-large\" alt=\"\" srcset=\"https:\/\/www.moldova.org\/en\/wp-content\/uploads\/sites\/2\/2019\/01\/2IMG_8141-Copy-683x1024.jpg 683w, https:\/\/www.moldova.org\/en\/wp-content\/uploads\/sites\/2\/2019\/01\/2IMG_8141-Copy-200x300.jpg 200w, https:\/\/www.moldova.org\/en\/wp-content\/uploads\/sites\/2\/2019\/01\/2IMG_8141-Copy-768x1152.jpg 768w, https:\/\/www.moldova.org\/en\/wp-content\/uploads\/sites\/2\/2019\/01\/2IMG_8141-Copy-400x600.jpg 400w, https:\/\/www.moldova.org\/en\/wp-content\/uploads\/sites\/2\/2019\/01\/2IMG_8141-Copy.jpg 930w\" sizes=\"(max-width: 683px) 100vw, 683px\" \/><\/a>\n\t\t\t<\/dt><\/dl><br style=\"clear: both\" \/><dl class='gallery-item'>\n\t\t\t<dt class='gallery-icon portrait'>\n\t\t\t\t<a href='https:\/\/www.moldova.org\/en\/stories-diaspora-irina-madan-i-live-two-worlds-i-try-bring-together\/4img_8204-copy\/'><img loading=\"lazy\" decoding=\"async\" width=\"683\" height=\"1024\" src=\"https:\/\/www.moldova.org\/en\/wp-content\/uploads\/sites\/2\/2019\/01\/4IMG_8204-Copy-683x1024.jpg\" class=\"attachment-large size-large\" alt=\"\" srcset=\"https:\/\/www.moldova.org\/en\/wp-content\/uploads\/sites\/2\/2019\/01\/4IMG_8204-Copy-683x1024.jpg 683w, https:\/\/www.moldova.org\/en\/wp-content\/uploads\/sites\/2\/2019\/01\/4IMG_8204-Copy-200x300.jpg 200w, https:\/\/www.moldova.org\/en\/wp-content\/uploads\/sites\/2\/2019\/01\/4IMG_8204-Copy-768x1152.jpg 768w, https:\/\/www.moldova.org\/en\/wp-content\/uploads\/sites\/2\/2019\/01\/4IMG_8204-Copy-400x600.jpg 400w, https:\/\/www.moldova.org\/en\/wp-content\/uploads\/sites\/2\/2019\/01\/4IMG_8204-Copy.jpg 930w\" sizes=\"(max-width: 683px) 100vw, 683px\" \/><\/a>\n\t\t\t<\/dt><\/dl><br style=\"clear: both\" \/><dl class='gallery-item'>\n\t\t\t<dt class='gallery-icon portrait'>\n\t\t\t\t<a href='https:\/\/www.moldova.org\/en\/stories-diaspora-irina-madan-i-live-two-worlds-i-try-bring-together\/5img_8159-copy\/'><img loading=\"lazy\" decoding=\"async\" width=\"683\" height=\"1024\" src=\"https:\/\/www.moldova.org\/en\/wp-content\/uploads\/sites\/2\/2019\/01\/5IMG_8159-Copy-683x1024.jpg\" class=\"attachment-large size-large\" alt=\"\" srcset=\"https:\/\/www.moldova.org\/en\/wp-content\/uploads\/sites\/2\/2019\/01\/5IMG_8159-Copy-683x1024.jpg 683w, https:\/\/www.moldova.org\/en\/wp-content\/uploads\/sites\/2\/2019\/01\/5IMG_8159-Copy-200x300.jpg 200w, https:\/\/www.moldova.org\/en\/wp-content\/uploads\/sites\/2\/2019\/01\/5IMG_8159-Copy-768x1152.jpg 768w, https:\/\/www.moldova.org\/en\/wp-content\/uploads\/sites\/2\/2019\/01\/5IMG_8159-Copy-400x600.jpg 400w, https:\/\/www.moldova.org\/en\/wp-content\/uploads\/sites\/2\/2019\/01\/5IMG_8159-Copy.jpg 930w\" sizes=\"(max-width: 683px) 100vw, 683px\" \/><\/a>\n\t\t\t<\/dt><\/dl><br style=\"clear: both\" \/><dl class='gallery-item'>\n\t\t\t<dt class='gallery-icon portrait'>\n\t\t\t\t<a href='https:\/\/www.moldova.org\/en\/stories-diaspora-irina-madan-i-live-two-worlds-i-try-bring-together\/6img_8169\/'><img loading=\"lazy\" decoding=\"async\" width=\"683\" height=\"1024\" src=\"https:\/\/www.moldova.org\/en\/wp-content\/uploads\/sites\/2\/2019\/01\/6IMG_8169-683x1024.jpg\" class=\"attachment-large size-large\" alt=\"\" srcset=\"https:\/\/www.moldova.org\/en\/wp-content\/uploads\/sites\/2\/2019\/01\/6IMG_8169-683x1024.jpg 683w, https:\/\/www.moldova.org\/en\/wp-content\/uploads\/sites\/2\/2019\/01\/6IMG_8169-200x300.jpg 200w, https:\/\/www.moldova.org\/en\/wp-content\/uploads\/sites\/2\/2019\/01\/6IMG_8169-768x1152.jpg 768w, https:\/\/www.moldova.org\/en\/wp-content\/uploads\/sites\/2\/2019\/01\/6IMG_8169-400x600.jpg 400w, https:\/\/www.moldova.org\/en\/wp-content\/uploads\/sites\/2\/2019\/01\/6IMG_8169.jpg 930w\" sizes=\"(max-width: 683px) 100vw, 683px\" \/><\/a>\n\t\t\t<\/dt><\/dl><br style=\"clear: both\" \/><dl class='gallery-item'>\n\t\t\t<dt class='gallery-icon portrait'>\n\t\t\t\t<a href='https:\/\/www.moldova.org\/en\/stories-diaspora-irina-madan-i-live-two-worlds-i-try-bring-together\/7img_8187_2\/'><img loading=\"lazy\" decoding=\"async\" width=\"683\" height=\"1024\" src=\"https:\/\/www.moldova.org\/en\/wp-content\/uploads\/sites\/2\/2019\/01\/7IMG_8187_2-683x1024.jpg\" class=\"attachment-large size-large\" alt=\"\" srcset=\"https:\/\/www.moldova.org\/en\/wp-content\/uploads\/sites\/2\/2019\/01\/7IMG_8187_2-683x1024.jpg 683w, https:\/\/www.moldova.org\/en\/wp-content\/uploads\/sites\/2\/2019\/01\/7IMG_8187_2-200x300.jpg 200w, https:\/\/www.moldova.org\/en\/wp-content\/uploads\/sites\/2\/2019\/01\/7IMG_8187_2-768x1152.jpg 768w, https:\/\/www.moldova.org\/en\/wp-content\/uploads\/sites\/2\/2019\/01\/7IMG_8187_2-400x600.jpg 400w, https:\/\/www.moldova.org\/en\/wp-content\/uploads\/sites\/2\/2019\/01\/7IMG_8187_2.jpg 930w\" sizes=\"(max-width: 683px) 100vw, 683px\" \/><\/a>\n\t\t\t<\/dt><\/dl><br style=\"clear: both\" \/><dl class='gallery-item'>\n\t\t\t<dt class='gallery-icon portrait'>\n\t\t\t\t<a href='https:\/\/www.moldova.org\/en\/stories-diaspora-irina-madan-i-live-two-worlds-i-try-bring-together\/8img_8029\/'><img loading=\"lazy\" decoding=\"async\" width=\"683\" height=\"1024\" src=\"https:\/\/www.moldova.org\/en\/wp-content\/uploads\/sites\/2\/2019\/01\/8IMG_8029-683x1024.jpg\" class=\"attachment-large size-large\" alt=\"\" srcset=\"https:\/\/www.moldova.org\/en\/wp-content\/uploads\/sites\/2\/2019\/01\/8IMG_8029-683x1024.jpg 683w, https:\/\/www.moldova.org\/en\/wp-content\/uploads\/sites\/2\/2019\/01\/8IMG_8029-200x300.jpg 200w, https:\/\/www.moldova.org\/en\/wp-content\/uploads\/sites\/2\/2019\/01\/8IMG_8029-768x1152.jpg 768w, https:\/\/www.moldova.org\/en\/wp-content\/uploads\/sites\/2\/2019\/01\/8IMG_8029-400x600.jpg 400w, https:\/\/www.moldova.org\/en\/wp-content\/uploads\/sites\/2\/2019\/01\/8IMG_8029.jpg 930w\" sizes=\"(max-width: 683px) 100vw, 683px\" \/><\/a>\n\t\t\t<\/dt><\/dl><br style=\"clear: both\" \/><dl class='gallery-item'>\n\t\t\t<dt class='gallery-icon portrait'>\n\t\t\t\t<a href='https:\/\/www.moldova.org\/en\/stories-diaspora-irina-madan-i-live-two-worlds-i-try-bring-together\/9img_8025\/'><img loading=\"lazy\" decoding=\"async\" width=\"683\" height=\"1024\" src=\"https:\/\/www.moldova.org\/en\/wp-content\/uploads\/sites\/2\/2019\/01\/9IMG_8025-683x1024.jpg\" class=\"attachment-large size-large\" alt=\"\" srcset=\"https:\/\/www.moldova.org\/en\/wp-content\/uploads\/sites\/2\/2019\/01\/9IMG_8025-683x1024.jpg 683w, https:\/\/www.moldova.org\/en\/wp-content\/uploads\/sites\/2\/2019\/01\/9IMG_8025-200x300.jpg 200w, https:\/\/www.moldova.org\/en\/wp-content\/uploads\/sites\/2\/2019\/01\/9IMG_8025-768x1152.jpg 768w, https:\/\/www.moldova.org\/en\/wp-content\/uploads\/sites\/2\/2019\/01\/9IMG_8025-400x600.jpg 400w, https:\/\/www.moldova.org\/en\/wp-content\/uploads\/sites\/2\/2019\/01\/9IMG_8025.jpg 930w\" sizes=\"(max-width: 683px) 100vw, 683px\" \/><\/a>\n\t\t\t<\/dt><\/dl><br style=\"clear: both\" \/><dl class='gallery-item'>\n\t\t\t<dt class='gallery-icon portrait'>\n\t\t\t\t<a href='https:\/\/www.moldova.org\/en\/stories-diaspora-irina-madan-i-live-two-worlds-i-try-bring-together\/11img_8237\/'><img loading=\"lazy\" decoding=\"async\" width=\"683\" height=\"1024\" src=\"https:\/\/www.moldova.org\/en\/wp-content\/uploads\/sites\/2\/2019\/01\/11IMG_8237-683x1024.jpg\" class=\"attachment-large size-large\" alt=\"\" srcset=\"https:\/\/www.moldova.org\/en\/wp-content\/uploads\/sites\/2\/2019\/01\/11IMG_8237-683x1024.jpg 683w, https:\/\/www.moldova.org\/en\/wp-content\/uploads\/sites\/2\/2019\/01\/11IMG_8237-200x300.jpg 200w, https:\/\/www.moldova.org\/en\/wp-content\/uploads\/sites\/2\/2019\/01\/11IMG_8237-768x1152.jpg 768w, https:\/\/www.moldova.org\/en\/wp-content\/uploads\/sites\/2\/2019\/01\/11IMG_8237-400x600.jpg 400w, https:\/\/www.moldova.org\/en\/wp-content\/uploads\/sites\/2\/2019\/01\/11IMG_8237.jpg 930w\" sizes=\"(max-width: 683px) 100vw, 683px\" \/><\/a>\n\t\t\t<\/dt><\/dl><br style=\"clear: both\" \/><dl class='gallery-item'>\n\t\t\t<dt class='gallery-icon portrait'>\n\t\t\t\t<a href='https:\/\/www.moldova.org\/en\/stories-diaspora-irina-madan-i-live-two-worlds-i-try-bring-together\/12img_8212\/'><img loading=\"lazy\" decoding=\"async\" width=\"683\" height=\"1024\" src=\"https:\/\/www.moldova.org\/en\/wp-content\/uploads\/sites\/2\/2019\/01\/12IMG_8212-683x1024.jpg\" class=\"attachment-large size-large\" alt=\"\" srcset=\"https:\/\/www.moldova.org\/en\/wp-content\/uploads\/sites\/2\/2019\/01\/12IMG_8212-683x1024.jpg 683w, https:\/\/www.moldova.org\/en\/wp-content\/uploads\/sites\/2\/2019\/01\/12IMG_8212-200x300.jpg 200w, https:\/\/www.moldova.org\/en\/wp-content\/uploads\/sites\/2\/2019\/01\/12IMG_8212-768x1152.jpg 768w, https:\/\/www.moldova.org\/en\/wp-content\/uploads\/sites\/2\/2019\/01\/12IMG_8212-400x600.jpg 400w, https:\/\/www.moldova.org\/en\/wp-content\/uploads\/sites\/2\/2019\/01\/12IMG_8212.jpg 930w\" sizes=\"(max-width: 683px) 100vw, 683px\" \/><\/a>\n\t\t\t<\/dt><\/dl><br style=\"clear: both\" \/><dl class='gallery-item'>\n\t\t\t<dt class='gallery-icon portrait'>\n\t\t\t\t<a href='https:\/\/www.moldova.org\/en\/stories-diaspora-irina-madan-i-live-two-worlds-i-try-bring-together\/30652252_1678481672247594_2463652067723643380_n\/'><img loading=\"lazy\" decoding=\"async\" width=\"640\" height=\"960\" src=\"https:\/\/www.moldova.org\/en\/wp-content\/uploads\/sites\/2\/2019\/01\/30652252_1678481672247594_2463652067723643380_n.jpg\" class=\"attachment-large size-large\" alt=\"\" srcset=\"https:\/\/www.moldova.org\/en\/wp-content\/uploads\/sites\/2\/2019\/01\/30652252_1678481672247594_2463652067723643380_n.jpg 640w, https:\/\/www.moldova.org\/en\/wp-content\/uploads\/sites\/2\/2019\/01\/30652252_1678481672247594_2463652067723643380_n-200x300.jpg 200w, https:\/\/www.moldova.org\/en\/wp-content\/uploads\/sites\/2\/2019\/01\/30652252_1678481672247594_2463652067723643380_n-400x600.jpg 400w\" sizes=\"(max-width: 640px) 100vw, 640px\" \/><\/a>\n\t\t\t<\/dt><\/dl><br style=\"clear: both\" \/><dl class='gallery-item'>\n\t\t\t<dt class='gallery-icon portrait'>\n\t\t\t\t<a href='https:\/\/www.moldova.org\/en\/stories-diaspora-irina-madan-i-live-two-worlds-i-try-bring-together\/3img_8089-copy1\/'><img loading=\"lazy\" decoding=\"async\" width=\"683\" height=\"1024\" src=\"https:\/\/www.moldova.org\/en\/wp-content\/uploads\/sites\/2\/2019\/01\/3IMG_8089-Copy1-683x1024.jpg\" class=\"attachment-large size-large\" alt=\"\" srcset=\"https:\/\/www.moldova.org\/en\/wp-content\/uploads\/sites\/2\/2019\/01\/3IMG_8089-Copy1-683x1024.jpg 683w, https:\/\/www.moldova.org\/en\/wp-content\/uploads\/sites\/2\/2019\/01\/3IMG_8089-Copy1-200x300.jpg 200w, https:\/\/www.moldova.org\/en\/wp-content\/uploads\/sites\/2\/2019\/01\/3IMG_8089-Copy1-768x1152.jpg 768w, https:\/\/www.moldova.org\/en\/wp-content\/uploads\/sites\/2\/2019\/01\/3IMG_8089-Copy1-400x600.jpg 400w, https:\/\/www.moldova.org\/en\/wp-content\/uploads\/sites\/2\/2019\/01\/3IMG_8089-Copy1.jpg 930w\" sizes=\"(max-width: 683px) 100vw, 683px\" \/><\/a>\n\t\t\t<\/dt><\/dl><br style=\"clear: both\" \/><dl class='gallery-item'>\n\t\t\t<dt class='gallery-icon portrait'>\n\t\t\t\t<a href='https:\/\/www.moldova.org\/en\/stories-diaspora-irina-madan-i-live-two-worlds-i-try-bring-together\/10img_8255-copy1\/'><img loading=\"lazy\" decoding=\"async\" width=\"683\" height=\"1024\" src=\"https:\/\/www.moldova.org\/en\/wp-content\/uploads\/sites\/2\/2019\/01\/10IMG_8255-Copy1-683x1024.jpg\" class=\"attachment-large size-large\" alt=\"\" srcset=\"https:\/\/www.moldova.org\/en\/wp-content\/uploads\/sites\/2\/2019\/01\/10IMG_8255-Copy1-683x1024.jpg 683w, https:\/\/www.moldova.org\/en\/wp-content\/uploads\/sites\/2\/2019\/01\/10IMG_8255-Copy1-200x300.jpg 200w, https:\/\/www.moldova.org\/en\/wp-content\/uploads\/sites\/2\/2019\/01\/10IMG_8255-Copy1-768x1152.jpg 768w, https:\/\/www.moldova.org\/en\/wp-content\/uploads\/sites\/2\/2019\/01\/10IMG_8255-Copy1-400x600.jpg 400w, https:\/\/www.moldova.org\/en\/wp-content\/uploads\/sites\/2\/2019\/01\/10IMG_8255-Copy1.jpg 930w\" sizes=\"(max-width: 683px) 100vw, 683px\" \/><\/a>\n\t\t\t<\/dt><\/dl><br style=\"clear: both\" \/>\n\t\t<\/div>\n\n<p>Photo source: personal archive<\/p>\n<div class='heateorSssClear'><\/div><div  class='heateor_sss_sharing_container heateor_sss_horizontal_sharing' data-heateor-sss-href='https:\/\/www.moldova.org\/en\/stories-diaspora-irina-madan-i-live-two-worlds-i-try-bring-together\/' data-heateor-sss-no-counts=\"1\"><div class='heateor_sss_sharing_title' style=\"font-weight:bold\" ><\/div><div class=\"heateor_sss_sharing_ul\"><a aria-label=\"Facebook\" class=\"heateor_sss_facebook\" href=\"https:\/\/www.facebook.com\/sharer\/sharer.php?u=https%3A%2F%2Fwww.moldova.org%2Fen%2Fstories-diaspora-irina-madan-i-live-two-worlds-i-try-bring-together%2F\" title=\"Facebook\" rel=\"nofollow noopener\" target=\"_blank\" style=\"font-size:32px!important;box-shadow:none;display:inline-block;vertical-align:middle\"><span class=\"heateor_sss_svg\" style=\"background-color:#0765FE;width:100px;height:35px;display:inline-block;opacity:1;float:left;font-size:32px;box-shadow:none;display:inline-block;font-size:16px;padding:0 4px;vertical-align:middle;background-repeat:repeat;overflow:hidden;padding:0;cursor:pointer;box-sizing:content-box\"><svg style=\"display:block;\" focusable=\"false\" aria-hidden=\"true\" xmlns=\"http:\/\/www.w3.org\/2000\/svg\" width=\"100%\" height=\"100%\" viewBox=\"0 0 32 32\"><path fill=\"#fff\" d=\"M28 16c0-6.627-5.373-12-12-12S4 9.373 4 16c0 5.628 3.875 10.35 9.101 11.647v-7.98h-2.474V16H13.1v-1.58c0-4.085 1.849-5.978 5.859-5.978.76 0 2.072.15 2.608.298v3.325c-.283-.03-.775-.045-1.386-.045-1.967 0-2.728.745-2.728 2.683V16h3.92l-.673 3.667h-3.247v8.245C23.395 27.195 28 22.135 28 16Z\"><\/path><\/svg><\/span><\/a><a aria-label=\"Twitter\" class=\"heateor_sss_button_twitter\" href=\"https:\/\/twitter.com\/intent\/tweet?text=Stories%20from%20diaspora%20%2F%20Irina%20Madan%3A%20%E2%80%9CI%20live%20between%20two%20worlds%20and%20I%20try%20to%20bring%20them%20together%E2%80%9D&url=https%3A%2F%2Fwww.moldova.org%2Fen%2Fstories-diaspora-irina-madan-i-live-two-worlds-i-try-bring-together%2F\" title=\"Twitter\" rel=\"nofollow noopener\" target=\"_blank\" style=\"font-size:32px!important;box-shadow:none;display:inline-block;vertical-align:middle\"><span class=\"heateor_sss_svg heateor_sss_s__default heateor_sss_s_twitter\" style=\"background-color:#55acee;width:100px;height:35px;display:inline-block;opacity:1;float:left;font-size:32px;box-shadow:none;display:inline-block;font-size:16px;padding:0 4px;vertical-align:middle;background-repeat:repeat;overflow:hidden;padding:0;cursor:pointer;box-sizing:content-box\"><svg style=\"display:block;\" focusable=\"false\" aria-hidden=\"true\" xmlns=\"http:\/\/www.w3.org\/2000\/svg\" width=\"100%\" height=\"100%\" viewBox=\"-4 -4 39 39\"><path d=\"M28 8.557a9.913 9.913 0 0 1-2.828.775 4.93 4.93 0 0 0 2.166-2.725 9.738 9.738 0 0 1-3.13 1.194 4.92 4.92 0 0 0-3.593-1.55 4.924 4.924 0 0 0-4.794 6.049c-4.09-.21-7.72-2.17-10.15-5.15a4.942 4.942 0 0 0-.665 2.477c0 1.71.87 3.214 2.19 4.1a4.968 4.968 0 0 1-2.23-.616v.06c0 2.39 1.7 4.38 3.952 4.83-.414.115-.85.174-1.297.174-.318 0-.626-.03-.928-.086a4.935 4.935 0 0 0 4.6 3.42 9.893 9.893 0 0 1-6.114 2.107c-.398 0-.79-.023-1.175-.068a13.953 13.953 0 0 0 7.55 2.213c9.056 0 14.01-7.507 14.01-14.013 0-.213-.005-.426-.015-.637.96-.695 1.795-1.56 2.455-2.55z\" fill=\"#fff\"><\/path><\/svg><\/span><\/a><a aria-label=\"Odnoklassniki\" class=\"heateor_sss_button_odnoklassniki\" href=\"https:\/\/connect.ok.ru\/dk?cmd=WidgetSharePreview&st.cmd=WidgetSharePreview&st.shareUrl=https%3A%2F%2Fwww.moldova.org%2Fen%2Fstories-diaspora-irina-madan-i-live-two-worlds-i-try-bring-together%2F&st.client_id=-1\" title=\"Odnoklassniki\" rel=\"nofollow noopener\" target=\"_blank\" style=\"font-size:32px!important;box-shadow:none;display:inline-block;vertical-align:middle\"><span class=\"heateor_sss_svg heateor_sss_s__default heateor_sss_s_odnoklassniki\" style=\"background-color:#f2720c;width:100px;height:35px;display:inline-block;opacity:1;float:left;font-size:32px;box-shadow:none;display:inline-block;font-size:16px;padding:0 4px;vertical-align:middle;background-repeat:repeat;overflow:hidden;padding:0;cursor:pointer;box-sizing:content-box\"><svg style=\"display:block;\" focusable=\"false\" aria-hidden=\"true\" xmlns=\"http:\/\/www.w3.org\/2000\/svg\" width=\"100%\" height=\"100%\" viewBox=\"0 0 32 32\"><path fill=\"#fff\" d=\"M16 16.16a6.579 6.579 0 0 1-6.58-6.58A6.578 6.578 0 0 1 16 3a6.58 6.58 0 1 1 .002 13.16zm0-9.817a3.235 3.235 0 0 0-3.236 3.237 3.234 3.234 0 0 0 3.237 3.236 3.236 3.236 0 1 0 .004-6.473zm7.586 10.62c.647 1.3-.084 1.93-1.735 2.99-1.395.9-3.313 1.238-4.564 1.368l1.048 1.05 3.877 3.88c.59.59.59 1.543 0 2.133l-.177.18c-.59.59-1.544.59-2.134 0l-3.88-3.88-3.877 3.88c-.59.59-1.543.59-2.135 0l-.176-.18a1.505 1.505 0 0 1 0-2.132l3.88-3.877 1.042-1.046c-1.25-.127-3.19-.465-4.6-1.37-1.65-1.062-2.38-1.69-1.733-2.99.37-.747 1.4-1.367 2.768-.29C13.035 18.13 16 18.13 16 18.13s2.968 0 4.818-1.456c1.368-1.077 2.4-.457 2.768.29z\"><\/path><\/svg><\/span><\/a><a aria-label=\"Telegram\" class=\"heateor_sss_button_telegram\" href=\"https:\/\/telegram.me\/share\/url?url=https%3A%2F%2Fwww.moldova.org%2Fen%2Fstories-diaspora-irina-madan-i-live-two-worlds-i-try-bring-together%2F&text=Stories%20from%20diaspora%20%2F%20Irina%20Madan%3A%20%E2%80%9CI%20live%20between%20two%20worlds%20and%20I%20try%20to%20bring%20them%20together%E2%80%9D\" title=\"Telegram\" rel=\"nofollow noopener\" target=\"_blank\" style=\"font-size:32px!important;box-shadow:none;display:inline-block;vertical-align:middle\"><span class=\"heateor_sss_svg heateor_sss_s__default heateor_sss_s_telegram\" style=\"background-color:#3da5f1;width:100px;height:35px;display:inline-block;opacity:1;float:left;font-size:32px;box-shadow:none;display:inline-block;font-size:16px;padding:0 4px;vertical-align:middle;background-repeat:repeat;overflow:hidden;padding:0;cursor:pointer;box-sizing:content-box\"><svg style=\"display:block;\" focusable=\"false\" aria-hidden=\"true\" xmlns=\"http:\/\/www.w3.org\/2000\/svg\" width=\"100%\" height=\"100%\" viewBox=\"0 0 32 32\"><path fill=\"#fff\" d=\"M25.515 6.896L6.027 14.41c-1.33.534-1.322 1.276-.243 1.606l5 1.56 1.72 5.66c.226.625.115.873.77.873.506 0 .73-.235 1.012-.51l2.43-2.363 5.056 3.734c.93.514 1.602.25 1.834-.863l3.32-15.638c.338-1.363-.52-1.98-1.41-1.577z\"><\/path><\/svg><\/span><\/a><\/div><div class=\"heateorSssClear\"><\/div><\/div><div class='heateorSssClear'><\/div>","yoast_head":"<!-- This site is optimized with the Yoast SEO plugin v27.5 - https:\/\/yoast.com\/product\/yoast-seo-wordpress\/ -->\n<title>Stories from diaspora \/ Irina Madan: \u201cI live between two worlds and I try to bring them together\u201d - Moldova.org<\/title>\n<meta name=\"robots\" content=\"index, follow, max-snippet:-1, max-image-preview:large, max-video-preview:-1\" \/>\n<link rel=\"canonical\" href=\"https:\/\/www.moldova.org\/en\/stories-diaspora-irina-madan-i-live-two-worlds-i-try-bring-together\/\" \/>\n<meta name=\"twitter:label1\" content=\"Written by\" \/>\n\t<meta name=\"twitter:data1\" content=\"Maria Dulgher\" \/>\n\t<meta name=\"twitter:label2\" content=\"Estimated reading time\" \/>\n\t<meta name=\"twitter:data2\" content=\"7 minutes\" \/>\n<script type=\"application\/ld+json\" class=\"yoast-schema-graph\">{\"@context\":\"https:\\\/\\\/schema.org\",\"@graph\":[{\"@type\":\"Article\",\"@id\":\"https:\\\/\\\/www.moldova.org\\\/en\\\/stories-diaspora-irina-madan-i-live-two-worlds-i-try-bring-together\\\/#article\",\"isPartOf\":{\"@id\":\"https:\\\/\\\/www.moldova.org\\\/en\\\/stories-diaspora-irina-madan-i-live-two-worlds-i-try-bring-together\\\/\"},\"author\":{\"name\":\"Maria Dulgher\",\"@id\":\"https:\\\/\\\/www.moldova.org\\\/en\\\/#\\\/schema\\\/person\\\/4cd49a1f49c7d48a105c8a4cb7e3a2bf\"},\"headline\":\"Stories from diaspora \\\/ Irina Madan: \u201cI live between two worlds and I try to bring them together\u201d\",\"datePublished\":\"2019-01-15T18:00:27+00:00\",\"dateModified\":\"2022-01-24T15:31:56+00:00\",\"mainEntityOfPage\":{\"@id\":\"https:\\\/\\\/www.moldova.org\\\/en\\\/stories-diaspora-irina-madan-i-live-two-worlds-i-try-bring-together\\\/\"},\"wordCount\":1069,\"image\":{\"@id\":\"https:\\\/\\\/www.moldova.org\\\/en\\\/stories-diaspora-irina-madan-i-live-two-worlds-i-try-bring-together\\\/#primaryimage\"},\"thumbnailUrl\":\"https:\\\/\\\/www.moldova.org\\\/en\\\/wp-content\\\/uploads\\\/sites\\\/2\\\/2019\\\/01\\\/feature.jpg\",\"keywords\":[\"diaspora\",\"Important\",\"Moldova\",\"stories\"],\"articleSection\":[\"Diaspora\",\"Society\",\"Stories\"],\"inLanguage\":\"en-GB\"},{\"@type\":\"WebPage\",\"@id\":\"https:\\\/\\\/www.moldova.org\\\/en\\\/stories-diaspora-irina-madan-i-live-two-worlds-i-try-bring-together\\\/\",\"url\":\"https:\\\/\\\/www.moldova.org\\\/en\\\/stories-diaspora-irina-madan-i-live-two-worlds-i-try-bring-together\\\/\",\"name\":\"Stories from diaspora \\\/ Irina Madan: \u201cI live between two worlds and I try to bring them together\u201d - Moldova.org\",\"isPartOf\":{\"@id\":\"https:\\\/\\\/www.moldova.org\\\/en\\\/#website\"},\"primaryImageOfPage\":{\"@id\":\"https:\\\/\\\/www.moldova.org\\\/en\\\/stories-diaspora-irina-madan-i-live-two-worlds-i-try-bring-together\\\/#primaryimage\"},\"image\":{\"@id\":\"https:\\\/\\\/www.moldova.org\\\/en\\\/stories-diaspora-irina-madan-i-live-two-worlds-i-try-bring-together\\\/#primaryimage\"},\"thumbnailUrl\":\"https:\\\/\\\/www.moldova.org\\\/en\\\/wp-content\\\/uploads\\\/sites\\\/2\\\/2019\\\/01\\\/feature.jpg\",\"datePublished\":\"2019-01-15T18:00:27+00:00\",\"dateModified\":\"2022-01-24T15:31:56+00:00\",\"author\":{\"@id\":\"https:\\\/\\\/www.moldova.org\\\/en\\\/#\\\/schema\\\/person\\\/4cd49a1f49c7d48a105c8a4cb7e3a2bf\"},\"breadcrumb\":{\"@id\":\"https:\\\/\\\/www.moldova.org\\\/en\\\/stories-diaspora-irina-madan-i-live-two-worlds-i-try-bring-together\\\/#breadcrumb\"},\"inLanguage\":\"en-GB\",\"potentialAction\":[{\"@type\":\"ReadAction\",\"target\":[\"https:\\\/\\\/www.moldova.org\\\/en\\\/stories-diaspora-irina-madan-i-live-two-worlds-i-try-bring-together\\\/\"]}]},{\"@type\":\"ImageObject\",\"inLanguage\":\"en-GB\",\"@id\":\"https:\\\/\\\/www.moldova.org\\\/en\\\/stories-diaspora-irina-madan-i-live-two-worlds-i-try-bring-together\\\/#primaryimage\",\"url\":\"https:\\\/\\\/www.moldova.org\\\/en\\\/wp-content\\\/uploads\\\/sites\\\/2\\\/2019\\\/01\\\/feature.jpg\",\"contentUrl\":\"https:\\\/\\\/www.moldova.org\\\/en\\\/wp-content\\\/uploads\\\/sites\\\/2\\\/2019\\\/01\\\/feature.jpg\",\"width\":930,\"height\":539},{\"@type\":\"BreadcrumbList\",\"@id\":\"https:\\\/\\\/www.moldova.org\\\/en\\\/stories-diaspora-irina-madan-i-live-two-worlds-i-try-bring-together\\\/#breadcrumb\",\"itemListElement\":[{\"@type\":\"ListItem\",\"position\":1,\"name\":\"Home\",\"item\":\"https:\\\/\\\/www.moldova.org\\\/en\\\/\"},{\"@type\":\"ListItem\",\"position\":2,\"name\":\"Stories from diaspora \\\/ Irina Madan: \u201cI live between two worlds and I try to bring them together\u201d\"}]},{\"@type\":\"WebSite\",\"@id\":\"https:\\\/\\\/www.moldova.org\\\/en\\\/#website\",\"url\":\"https:\\\/\\\/www.moldova.org\\\/en\\\/\",\"name\":\"Moldova.org\",\"description\":\"The first news website of Moldova\",\"potentialAction\":[{\"@type\":\"SearchAction\",\"target\":{\"@type\":\"EntryPoint\",\"urlTemplate\":\"https:\\\/\\\/www.moldova.org\\\/en\\\/?s={search_term_string}\"},\"query-input\":{\"@type\":\"PropertyValueSpecification\",\"valueRequired\":true,\"valueName\":\"search_term_string\"}}],\"inLanguage\":\"en-GB\"},{\"@type\":\"Person\",\"@id\":\"https:\\\/\\\/www.moldova.org\\\/en\\\/#\\\/schema\\\/person\\\/4cd49a1f49c7d48a105c8a4cb7e3a2bf\",\"name\":\"Maria Dulgher\",\"image\":{\"@type\":\"ImageObject\",\"inLanguage\":\"en-GB\",\"@id\":\"https:\\\/\\\/secure.gravatar.com\\\/avatar\\\/845882001991bde511a90853b5102f4286c0293237ace764fffc0d327a09702d?s=96&d=mm&r=g\",\"url\":\"https:\\\/\\\/secure.gravatar.com\\\/avatar\\\/845882001991bde511a90853b5102f4286c0293237ace764fffc0d327a09702d?s=96&d=mm&r=g\",\"contentUrl\":\"https:\\\/\\\/secure.gravatar.com\\\/avatar\\\/845882001991bde511a90853b5102f4286c0293237ace764fffc0d327a09702d?s=96&d=mm&r=g\",\"caption\":\"Maria Dulgher\"},\"description\":\"Jurnalist\u0103 that speaks English very well. De aia Maria are grij\u0103 c\u0103 prietenii no\u0219tri str\u0103ini s\u0103 nu piard\u0103 nicio informa\u021bie valoroas\u0103 despre actualitatea din Moldova.\",\"sameAs\":[\"https:\\\/\\\/www.facebook.com\\\/mariuta.dulgher\",\"https:\\\/\\\/www.instagram.com\\\/marie.dulgher\\\/\",\"https:\\\/\\\/www.linkedin.com\\\/in\\\/maria-dulgher-4a9a2bb2\\\/\"],\"url\":\"https:\\\/\\\/www.moldova.org\\\/en\\\/author\\\/mariadulgher\\\/\"}]}<\/script>\n<!-- \/ Yoast SEO plugin. -->","yoast_head_json":{"title":"Stories from diaspora \/ Irina Madan: \u201cI live between two worlds and I try to bring them together\u201d - Moldova.org","robots":{"index":"index","follow":"follow","max-snippet":"max-snippet:-1","max-image-preview":"max-image-preview:large","max-video-preview":"max-video-preview:-1"},"canonical":"https:\/\/www.moldova.org\/en\/stories-diaspora-irina-madan-i-live-two-worlds-i-try-bring-together\/","twitter_misc":{"Written by":"Maria Dulgher","Estimated reading time":"7 minutes"},"schema":{"@context":"https:\/\/schema.org","@graph":[{"@type":"Article","@id":"https:\/\/www.moldova.org\/en\/stories-diaspora-irina-madan-i-live-two-worlds-i-try-bring-together\/#article","isPartOf":{"@id":"https:\/\/www.moldova.org\/en\/stories-diaspora-irina-madan-i-live-two-worlds-i-try-bring-together\/"},"author":{"name":"Maria Dulgher","@id":"https:\/\/www.moldova.org\/en\/#\/schema\/person\/4cd49a1f49c7d48a105c8a4cb7e3a2bf"},"headline":"Stories from diaspora \/ Irina Madan: \u201cI live between two worlds and I try to bring them together\u201d","datePublished":"2019-01-15T18:00:27+00:00","dateModified":"2022-01-24T15:31:56+00:00","mainEntityOfPage":{"@id":"https:\/\/www.moldova.org\/en\/stories-diaspora-irina-madan-i-live-two-worlds-i-try-bring-together\/"},"wordCount":1069,"image":{"@id":"https:\/\/www.moldova.org\/en\/stories-diaspora-irina-madan-i-live-two-worlds-i-try-bring-together\/#primaryimage"},"thumbnailUrl":"https:\/\/www.moldova.org\/en\/wp-content\/uploads\/sites\/2\/2019\/01\/feature.jpg","keywords":["diaspora","Important","Moldova","stories"],"articleSection":["Diaspora","Society","Stories"],"inLanguage":"en-GB"},{"@type":"WebPage","@id":"https:\/\/www.moldova.org\/en\/stories-diaspora-irina-madan-i-live-two-worlds-i-try-bring-together\/","url":"https:\/\/www.moldova.org\/en\/stories-diaspora-irina-madan-i-live-two-worlds-i-try-bring-together\/","name":"Stories from diaspora \/ Irina Madan: \u201cI live between two worlds and I try to bring them together\u201d - Moldova.org","isPartOf":{"@id":"https:\/\/www.moldova.org\/en\/#website"},"primaryImageOfPage":{"@id":"https:\/\/www.moldova.org\/en\/stories-diaspora-irina-madan-i-live-two-worlds-i-try-bring-together\/#primaryimage"},"image":{"@id":"https:\/\/www.moldova.org\/en\/stories-diaspora-irina-madan-i-live-two-worlds-i-try-bring-together\/#primaryimage"},"thumbnailUrl":"https:\/\/www.moldova.org\/en\/wp-content\/uploads\/sites\/2\/2019\/01\/feature.jpg","datePublished":"2019-01-15T18:00:27+00:00","dateModified":"2022-01-24T15:31:56+00:00","author":{"@id":"https:\/\/www.moldova.org\/en\/#\/schema\/person\/4cd49a1f49c7d48a105c8a4cb7e3a2bf"},"breadcrumb":{"@id":"https:\/\/www.moldova.org\/en\/stories-diaspora-irina-madan-i-live-two-worlds-i-try-bring-together\/#breadcrumb"},"inLanguage":"en-GB","potentialAction":[{"@type":"ReadAction","target":["https:\/\/www.moldova.org\/en\/stories-diaspora-irina-madan-i-live-two-worlds-i-try-bring-together\/"]}]},{"@type":"ImageObject","inLanguage":"en-GB","@id":"https:\/\/www.moldova.org\/en\/stories-diaspora-irina-madan-i-live-two-worlds-i-try-bring-together\/#primaryimage","url":"https:\/\/www.moldova.org\/en\/wp-content\/uploads\/sites\/2\/2019\/01\/feature.jpg","contentUrl":"https:\/\/www.moldova.org\/en\/wp-content\/uploads\/sites\/2\/2019\/01\/feature.jpg","width":930,"height":539},{"@type":"BreadcrumbList","@id":"https:\/\/www.moldova.org\/en\/stories-diaspora-irina-madan-i-live-two-worlds-i-try-bring-together\/#breadcrumb","itemListElement":[{"@type":"ListItem","position":1,"name":"Home","item":"https:\/\/www.moldova.org\/en\/"},{"@type":"ListItem","position":2,"name":"Stories from diaspora \/ Irina Madan: \u201cI live between two worlds and I try to bring them together\u201d"}]},{"@type":"WebSite","@id":"https:\/\/www.moldova.org\/en\/#website","url":"https:\/\/www.moldova.org\/en\/","name":"Moldova.org","description":"The first news website of Moldova","potentialAction":[{"@type":"SearchAction","target":{"@type":"EntryPoint","urlTemplate":"https:\/\/www.moldova.org\/en\/?s={search_term_string}"},"query-input":{"@type":"PropertyValueSpecification","valueRequired":true,"valueName":"search_term_string"}}],"inLanguage":"en-GB"},{"@type":"Person","@id":"https:\/\/www.moldova.org\/en\/#\/schema\/person\/4cd49a1f49c7d48a105c8a4cb7e3a2bf","name":"Maria Dulgher","image":{"@type":"ImageObject","inLanguage":"en-GB","@id":"https:\/\/secure.gravatar.com\/avatar\/845882001991bde511a90853b5102f4286c0293237ace764fffc0d327a09702d?s=96&d=mm&r=g","url":"https:\/\/secure.gravatar.com\/avatar\/845882001991bde511a90853b5102f4286c0293237ace764fffc0d327a09702d?s=96&d=mm&r=g","contentUrl":"https:\/\/secure.gravatar.com\/avatar\/845882001991bde511a90853b5102f4286c0293237ace764fffc0d327a09702d?s=96&d=mm&r=g","caption":"Maria Dulgher"},"description":"Jurnalist\u0103 that speaks English very well. De aia Maria are grij\u0103 c\u0103 prietenii no\u0219tri str\u0103ini s\u0103 nu piard\u0103 nicio informa\u021bie valoroas\u0103 despre actualitatea din Moldova.","sameAs":["https:\/\/www.facebook.com\/mariuta.dulgher","https:\/\/www.instagram.com\/marie.dulgher\/","https:\/\/www.linkedin.com\/in\/maria-dulgher-4a9a2bb2\/"],"url":"https:\/\/www.moldova.org\/en\/author\/mariadulgher\/"}]}},"_links":{"self":[{"href":"https:\/\/www.moldova.org\/en\/wp-json\/wp\/v2\/posts\/446439","targetHints":{"allow":["GET"]}}],"collection":[{"href":"https:\/\/www.moldova.org\/en\/wp-json\/wp\/v2\/posts"}],"about":[{"href":"https:\/\/www.moldova.org\/en\/wp-json\/wp\/v2\/types\/post"}],"author":[{"embeddable":true,"href":"https:\/\/www.moldova.org\/en\/wp-json\/wp\/v2\/users\/31"}],"replies":[{"embeddable":true,"href":"https:\/\/www.moldova.org\/en\/wp-json\/wp\/v2\/comments?post=446439"}],"version-history":[{"count":0,"href":"https:\/\/www.moldova.org\/en\/wp-json\/wp\/v2\/posts\/446439\/revisions"}],"wp:featuredmedia":[{"embeddable":true,"href":"https:\/\/www.moldova.org\/en\/wp-json\/wp\/v2\/media\/446463"}],"wp:attachment":[{"href":"https:\/\/www.moldova.org\/en\/wp-json\/wp\/v2\/media?parent=446439"}],"wp:term":[{"taxonomy":"category","embeddable":true,"href":"https:\/\/www.moldova.org\/en\/wp-json\/wp\/v2\/categories?post=446439"},{"taxonomy":"post_tag","embeddable":true,"href":"https:\/\/www.moldova.org\/en\/wp-json\/wp\/v2\/tags?post=446439"}],"curies":[{"name":"wp","href":"https:\/\/api.w.org\/{rel}","templated":true}]}}